{"id":874,"date":"2014-04-22T14:34:11","date_gmt":"2014-04-22T12:34:11","guid":{"rendered":"http:\/\/www.landerneau-ecologie.org\/?p=874"},"modified":"2014-04-22T14:42:57","modified_gmt":"2014-04-22T12:42:57","slug":"25-ans-decologie-a-landerneau-la-saga-des-dechets","status":"publish","type":"post","link":"https:\/\/www.landerneau-ecologie.org\/?p=874","title":{"rendered":"25 ans d&#8217;\u00e9cologie \u00e0 Landerneau. La saga des d\u00e9chets."},"content":{"rendered":"<p>Une s\u00e9rie d&#8217;articles qui racontent une longue marche.<\/p>\n<p><a href=\"https:\/\/i0.wp.com\/www.landerneau-ecologie.org\/wp-content\/uploads\/2014\/04\/nono02.jpg\"><img loading=\"lazy\" src=\"https:\/\/i0.wp.com\/www.landerneau-ecologie.org\/wp-content\/uploads\/2014\/04\/nono02.jpg?resize=400%2C294\" alt=\"\" width=\"400\" height=\"294\" class=\"aligncenter size-full wp-image-875\" srcset=\"https:\/\/i0.wp.com\/www.landerneau-ecologie.org\/wp-content\/uploads\/2014\/04\/nono02.jpg?w=400&amp;ssl=1 400w, https:\/\/i0.wp.com\/www.landerneau-ecologie.org\/wp-content\/uploads\/2014\/04\/nono02.jpg?resize=300%2C220&amp;ssl=1 300w\" sizes=\"(max-width: 400px) 100vw, 400px\" data-recalc-dims=\"1\" \/><\/a><\/p>\n<p><a href=\"http:\/\/www.landerneau-ecologie.org\/?p=477\"><strong>La saga des d\u00e9chets.1.Zone humide de Langazel. Une lutte exemplaire il y a trente ans.<\/strong><\/a><\/p>\n<p><a href=\"http:\/\/www.landerneau-ecologie.org\/?p=466\"><strong>La saga des d\u00e9chets.2. Le scandale du Combusoc.<\/strong><\/a><\/p>\n<p><a href=\"http:\/\/www.landerneau-ecologie.org\/?p=448\"><strong>La saga des d\u00e9chets.3. La longue marche vers la d\u00e9chetterie.<\/strong><\/a><\/p>\n<p><a href=\"http:\/\/www.landerneau-ecologie.org\/?p=436\"><strong>La saga des d\u00e9chets.4. Irvillac \u00e9chappe \u00e0 une d\u00e9charge.<\/strong><\/a><\/p>\n<p><a href=\"http:\/\/www.landerneau-ecologie.org\/?p=339\"><strong>La saga des d\u00e9chets.5. Op\u00e9ration composteurs.<\/strong><\/a><\/p>\n<p><a href=\"http:\/\/www.landerneau-ecologie.org\/?p=32\"><strong>La saga des d\u00e9chets.6.Langazel f\u00eate les trente ans de son action pour la Nature<\/strong><\/a><\/p>\n","protected":false},"excerpt":{"rendered":"<p>Une s\u00e9rie d&#8217;articles qui racontent une longue marche. La saga des d\u00e9chets.1.Zone humide de Langazel. Une lutte exemplaire il y a trente ans. La saga des d\u00e9chets.2. Le scandale du Combusoc. La saga des d\u00e9chets.3. La longue marche vers la d\u00e9chetterie. La saga des d\u00e9chets.4. Irvillac \u00e9chappe \u00e0 une d\u00e9charge. La saga des d\u00e9chets.5. Op\u00e9ration [&hellip;]<\/p>\n","protected":false},"author":2,"featured_media":0,"comment_status":"closed","ping_status":"closed","sticky":false,"template":"","format":"standard","meta":{"spay_email":"","jetpack_publicize_message":"","jetpack_is_tweetstorm":false,"jetpack_publicize_feature_enabled":true},"categories":[5,9],"tags":[],"jetpack_featured_media_url":"","jetpack_publicize_connections":[],"jetpack_sharing_enabled":true,"jetpack_shortlink":"https:\/\/wp.me\/pE6pS-e6","_links":{"self":[{"href":"https:\/\/www.landerneau-ecologie.org\/index.php?rest_route=\/wp\/v2\/posts\/874"}],"collection":[{"href":"https:\/\/www.landerneau-ecologie.org\/index.php?rest_route=\/wp\/v2\/posts"}],"about":[{"href":"https:\/\/www.landerneau-ecologie.org\/index.php?rest_route=\/wp\/v2\/types\/post"}],"author":[{"embeddable":true,"href":"https:\/\/www.landerneau-ecologie.org\/index.php?rest_route=\/wp\/v2\/users\/2"}],"replies":[{"embeddable":true,"href":"https:\/\/www.landerneau-ecologie.org\/index.php?rest_route=%2Fwp%2Fv2%2Fcomments&post=874"}],"version-history":[{"count":1,"href":"https:\/\/www.landerneau-ecologie.org\/index.php?rest_route=\/wp\/v2\/posts\/874\/revisions"}],"predecessor-version":[{"id":876,"href":"https:\/\/www.landerneau-ecologie.org\/index.php?rest_route=\/wp\/v2\/posts\/874\/revisions\/876"}],"wp:attachment":[{"href":"https:\/\/www.landerneau-ecologie.org\/index.php?rest_route=%2Fwp%2Fv2%2Fmedia&parent=874"}],"wp:term":[{"taxonomy":"category","embeddable":true,"href":"https:\/\/www.landerneau-ecologie.org\/index.php?rest_route=%2Fwp%2Fv2%2Fcategories&post=874"},{"taxonomy":"post_tag","embeddable":true,"href":"https:\/\/www.landerneau-ecologie.org\/index.php?rest_route=%2Fwp%2Fv2%2Ftags&post=874"}],"curies":[{"name":"wp","href":"https:\/\/api.w.org\/{rel}","templated":true}]}}