{"id":863,"date":"2014-04-19T17:42:40","date_gmt":"2014-04-19T15:42:40","guid":{"rendered":"http:\/\/www.landerneau-ecologie.org\/?p=863"},"modified":"2014-07-13T11:17:03","modified_gmt":"2014-07-13T09:17:03","slug":"stop-a-lanrinou-cest-maintenant","status":"publish","type":"post","link":"https:\/\/www.landerneau-ecologie.org\/?p=863","title":{"rendered":"Stop \u00e0 Lanrinou, c&#8217;est maintenant !"},"content":{"rendered":"<p><a href=\"https:\/\/i0.wp.com\/www.landerneau-ecologie.org\/wp-content\/uploads\/2014\/04\/lanrinou.01.jpg\"><img loading=\"lazy\" src=\"https:\/\/i0.wp.com\/www.landerneau-ecologie.org\/wp-content\/uploads\/2014\/04\/lanrinou.01.jpg?resize=528%2C345\" alt=\"\" width=\"528\" height=\"345\" class=\"aligncenter size-full wp-image-867\" srcset=\"https:\/\/i0.wp.com\/www.landerneau-ecologie.org\/wp-content\/uploads\/2014\/04\/lanrinou.01.jpg?w=528&amp;ssl=1 528w, https:\/\/i0.wp.com\/www.landerneau-ecologie.org\/wp-content\/uploads\/2014\/04\/lanrinou.01.jpg?resize=300%2C196&amp;ssl=1 300w\" sizes=\"(max-width: 528px) 100vw, 528px\" data-recalc-dims=\"1\" \/><\/a><\/p>\n<p>Au sujet de la voie de Lanrinou, c&#8217;est le maire de Landerneau qui le dit : <em><strong>&#8220;Si elle ne devait pas se faire, c&#8217;est maintenant qu&#8217;il faut dire stop&#8221;. <\/strong><\/em><\/p>\n<p><a href=\"https:\/\/i0.wp.com\/www.landerneau-ecologie.org\/wp-content\/uploads\/2014\/04\/lanrinou.stop_.022.jpg\"><img loading=\"lazy\" src=\"https:\/\/i0.wp.com\/www.landerneau-ecologie.org\/wp-content\/uploads\/2014\/04\/lanrinou.stop_.022.jpg?resize=300%2C93\" alt=\"\" width=\"300\" height=\"93\" class=\"aligncenter size-medium wp-image-871\" srcset=\"https:\/\/i0.wp.com\/www.landerneau-ecologie.org\/wp-content\/uploads\/2014\/04\/lanrinou.stop_.022.jpg?resize=300%2C93&amp;ssl=1 300w, https:\/\/i0.wp.com\/www.landerneau-ecologie.org\/wp-content\/uploads\/2014\/04\/lanrinou.stop_.022.jpg?resize=1024%2C320&amp;ssl=1 1024w, https:\/\/i0.wp.com\/www.landerneau-ecologie.org\/wp-content\/uploads\/2014\/04\/lanrinou.stop_.022.jpg?w=1196&amp;ssl=1 1196w\" sizes=\"(max-width: 300px) 100vw, 300px\" data-recalc-dims=\"1\" \/><\/a><\/p>\n<p>Am\u00e9liorer le projet ? Le &#8220;phaser&#8221; ? Ce projet a \u00e9t\u00e9 soumis \u00e0 enqu\u00eate publique, le modifier n\u00e9cessiterait une nouvelle enqu\u00eate. En r\u00e9alit\u00e9 c&#8217;est donc tout ou rien !<\/p>\n<p>Comme le m\u00eame article \u00e9voque des discussions avec Laurence Fortin, maire socialiste de la Roche-Maurice, et que le PS dans ses n\u00e9gociations pr\u00e9-elections avec &#8220;Dynamique d&#8217;Avenir&#8221; s&#8217;\u00e9tait engag\u00e9 \u00e0 remettre \u00e0 plat le dossier, le moment est donc venu de passer aux actes et de dire stop !<\/p>\n<p><a href=\"http:\/\/www.abp-tv.com\/index.php?video_id=2115\"><strong>Voir aussi la vid\u00e9o<\/strong><\/a><\/p>\n<p><a href=\"http:\/\/www.abp-tv.com\/index.php?video_id=2115\"><img loading=\"lazy\" src=\"https:\/\/i0.wp.com\/www.landerneau-ecologie.org\/wp-content\/uploads\/2014\/04\/Lanrinou.-vid\u00e9o..jpg?resize=484%2C336\" alt=\"\" width=\"484\" height=\"336\" class=\"aligncenter size-full wp-image-868\" srcset=\"https:\/\/i0.wp.com\/www.landerneau-ecologie.org\/wp-content\/uploads\/2014\/04\/Lanrinou.-vid\u00e9o..jpg?w=484&amp;ssl=1 484w, https:\/\/i0.wp.com\/www.landerneau-ecologie.org\/wp-content\/uploads\/2014\/04\/Lanrinou.-vid\u00e9o..jpg?resize=300%2C208&amp;ssl=1 300w\" sizes=\"(max-width: 484px) 100vw, 484px\" data-recalc-dims=\"1\" \/><\/a><\/p>\n","protected":false},"excerpt":{"rendered":"<p>Au sujet de la voie de Lanrinou, c&#8217;est le maire de Landerneau qui le dit : &#8220;Si elle ne devait pas se faire, c&#8217;est maintenant qu&#8217;il faut dire stop&#8221;. Am\u00e9liorer le projet ? Le &#8220;phaser&#8221; ? Ce projet a \u00e9t\u00e9 soumis \u00e0 enqu\u00eate publique, le modifier n\u00e9cessiterait une nouvelle enqu\u00eate. En r\u00e9alit\u00e9 c&#8217;est donc tout [&hellip;]<\/p>\n","protected":false},"author":2,"featured_media":0,"comment_status":"closed","ping_status":"closed","sticky":false,"template":"","format":"standard","meta":{"spay_email":"","jetpack_publicize_message":"","jetpack_is_tweetstorm":false,"jetpack_publicize_feature_enabled":true},"categories":[13,10],"tags":[],"jetpack_featured_media_url":"","jetpack_publicize_connections":[],"jetpack_sharing_enabled":true,"jetpack_shortlink":"https:\/\/wp.me\/pE6pS-dV","_links":{"self":[{"href":"https:\/\/www.landerneau-ecologie.org\/index.php?rest_route=\/wp\/v2\/posts\/863"}],"collection":[{"href":"https:\/\/www.landerneau-ecologie.org\/index.php?rest_route=\/wp\/v2\/posts"}],"about":[{"href":"https:\/\/www.landerneau-ecologie.org\/index.php?rest_route=\/wp\/v2\/types\/post"}],"author":[{"embeddable":true,"href":"https:\/\/www.landerneau-ecologie.org\/index.php?rest_route=\/wp\/v2\/users\/2"}],"replies":[{"embeddable":true,"href":"https:\/\/www.landerneau-ecologie.org\/index.php?rest_route=%2Fwp%2Fv2%2Fcomments&post=863"}],"version-history":[{"count":1,"href":"https:\/\/www.landerneau-ecologie.org\/index.php?rest_route=\/wp\/v2\/posts\/863\/revisions"}],"predecessor-version":[{"id":866,"href":"https:\/\/www.landerneau-ecologie.org\/index.php?rest_route=\/wp\/v2\/posts\/863\/revisions\/866"}],"wp:attachment":[{"href":"https:\/\/www.landerneau-ecologie.org\/index.php?rest_route=%2Fwp%2Fv2%2Fmedia&parent=863"}],"wp:term":[{"taxonomy":"category","embeddable":true,"href":"https:\/\/www.landerneau-ecologie.org\/index.php?rest_route=%2Fwp%2Fv2%2Fcategories&post=863"},{"taxonomy":"post_tag","embeddable":true,"href":"https:\/\/www.landerneau-ecologie.org\/index.php?rest_route=%2Fwp%2Fv2%2Ftags&post=863"}],"curies":[{"name":"wp","href":"https:\/\/api.w.org\/{rel}","templated":true}]}}