{"id":854,"date":"2014-04-17T15:03:41","date_gmt":"2014-04-17T13:03:41","guid":{"rendered":"http:\/\/www.landerneau-ecologie.org\/?p=854"},"modified":"2014-07-13T11:17:49","modified_gmt":"2014-07-13T09:17:49","slug":"25-ans-decologie-a-landerneau","status":"publish","type":"post","link":"https:\/\/www.landerneau-ecologie.org\/?p=854","title":{"rendered":"25 ans d&#8217;\u00e9cologie \u00e0 Landerneau. 5 mai 1989, le premier jour."},"content":{"rendered":"<p>Le 5 mai 1989 se tenait \u00e0 Landerneau \u00e0 la maison de quartier de Kergreis la premi\u00e8re r\u00e9union de ce qui allait devenir un groupe \u00e9cologiste \u00e0 Landerneau. Il s&#8217;agissait de la cr\u00e9ation d&#8217;un Comit\u00e9 de soutien aux Verts \u00e0 Landerneau dans le cadre des \u00e9lections europ\u00e9ennes \u00e0 venir. Ci-dessous le texte d&#8217;appel \u00e0 la constitution de ce comit\u00e9.<\/p>\n<p><strong>Cr\u00e9ation d&#8217;un comit\u00e9 de soutien aux Verts \u00e0 Landerneau.<\/strong><\/p>\n<p><em>Les r\u00e9centes \u00e9lections ont manifest\u00e9 l&#8217;absence \u00e0 Landerneau d&#8217;un courant \u00e9cologiste organis\u00e9. Pourtant au niveau associatif comme \u00e0 celui d&#8217;engagements individuels les pr\u00e9occupations qui sont celles des \u00e9cologistes sont tr\u00e8s pr\u00e9sentes dans notre ville. On se souvient de la mobilisation autour de Plogoff, des luttes pour la sauvegarde de l&#8217;environnement (<a href=\"http:\/\/www.landerneau-ecologie.org\/?p=477\">Langazel<\/a>, l&#8217;Elorn). <\/p>\n<p>Mais l&#8217;\u00e9cologie ce n&#8217;est pas uniquement l&#8217;environnement. C&#8217;est aussi refuser une id\u00e9ologie de la croissance productiviste qui accentue la crise sociale et d\u00e9veloppe les ph\u00e9nom\u00e8nes de ch\u00f4mage et de d\u00e9racinement. C&#8217;est favoriser, au contraire, le d\u00e9veloppement d&#8217;une activit\u00e9 \u00e9conomique cr\u00e9atrice d&#8217;emplois stables et respectueuse du cadre de vie. C&#8217;est promouvoir les cultures et les langues de toutes les r\u00e9gions d&#8217;Europe. C&#8217;est consid\u00e9rer la n\u00e9cessaire solidarit\u00e9 de l&#8217;esp\u00e8ce humaine et d\u00e9velopper la coop\u00e9ration avec le reste du monde.<\/p>\n<p>Les \u00e9lections europ\u00e9ennes peuvent \u00eatre l&#8217;occasion de susciter le regroupement de tous ceux qui sont sensibilis\u00e9s \u00e0 ces questions, autour de la campagne men\u00e9e par les &#8220;Verts&#8221;. Une r\u00e9union sera propos\u00e9e dans ce but. Il est possible d\u00e8s \u00e0 pr\u00e9sent de contacter G\u00e9rard Borvon- Tel 98 85 12 30.<\/em><\/p>\n<p>cliquer sur les images pour agrandir.<br \/>\n<a href=\"https:\/\/i0.wp.com\/www.landerneau-ecologie.org\/wp-content\/uploads\/2014\/04\/25-ans.012.jpg\"><img loading=\"lazy\" src=\"https:\/\/i0.wp.com\/www.landerneau-ecologie.org\/wp-content\/uploads\/2014\/04\/25-ans.012.jpg?resize=254%2C300\" alt=\"\" width=\"254\" height=\"300\" class=\"aligncenter size-medium wp-image-857\" srcset=\"https:\/\/i0.wp.com\/www.landerneau-ecologie.org\/wp-content\/uploads\/2014\/04\/25-ans.012.jpg?resize=254%2C300&amp;ssl=1 254w, https:\/\/i0.wp.com\/www.landerneau-ecologie.org\/wp-content\/uploads\/2014\/04\/25-ans.012.jpg?w=751&amp;ssl=1 751w\" sizes=\"(max-width: 254px) 100vw, 254px\" data-recalc-dims=\"1\" \/><\/a><\/p>\n<p><strong>Suite \u00e0 ce premier appel, une r\u00e9union se tenait le vendredi 5 mai \u00e0 Kergreis.<\/strong><\/p>\n<p><a href=\"https:\/\/i0.wp.com\/www.landerneau-ecologie.org\/wp-content\/uploads\/2014\/04\/25-ans.02.jpg\"><img loading=\"lazy\" src=\"https:\/\/i0.wp.com\/www.landerneau-ecologie.org\/wp-content\/uploads\/2014\/04\/25-ans.02.jpg?resize=300%2C196\" alt=\"\" width=\"300\" height=\"196\" class=\"aligncenter size-medium wp-image-858\" srcset=\"https:\/\/i0.wp.com\/www.landerneau-ecologie.org\/wp-content\/uploads\/2014\/04\/25-ans.02.jpg?resize=300%2C196&amp;ssl=1 300w, https:\/\/i0.wp.com\/www.landerneau-ecologie.org\/wp-content\/uploads\/2014\/04\/25-ans.02.jpg?resize=1024%2C669&amp;ssl=1 1024w, https:\/\/i0.wp.com\/www.landerneau-ecologie.org\/wp-content\/uploads\/2014\/04\/25-ans.02.jpg?w=2000 2000w\" sizes=\"(max-width: 300px) 100vw, 300px\" data-recalc-dims=\"1\" \/><\/a><\/p>\n<p><strong>Les articles d\u00e9taill\u00e9s dans la presse locale t\u00e9moignaient de l&#8217;int\u00e9r\u00eat pour l&#8217;initiative.<\/strong><\/p>\n<p><a href=\"https:\/\/i0.wp.com\/www.landerneau-ecologie.org\/wp-content\/uploads\/2014\/04\/25-ans.06.jpg\"><img loading=\"lazy\" src=\"https:\/\/i0.wp.com\/www.landerneau-ecologie.org\/wp-content\/uploads\/2014\/04\/25-ans.06.jpg?resize=300%2C245\" alt=\"\" width=\"300\" height=\"245\" class=\"aligncenter size-medium wp-image-859\" srcset=\"https:\/\/i0.wp.com\/www.landerneau-ecologie.org\/wp-content\/uploads\/2014\/04\/25-ans.06.jpg?resize=300%2C245&amp;ssl=1 300w, https:\/\/i0.wp.com\/www.landerneau-ecologie.org\/wp-content\/uploads\/2014\/04\/25-ans.06.jpg?resize=1024%2C836&amp;ssl=1 1024w, https:\/\/i0.wp.com\/www.landerneau-ecologie.org\/wp-content\/uploads\/2014\/04\/25-ans.06.jpg?w=1856&amp;ssl=1 1856w\" sizes=\"(max-width: 300px) 100vw, 300px\" data-recalc-dims=\"1\" \/><\/a><\/p>\n<p><strong>Une premi\u00e8re r\u00e9union d&#8217;information \u00e9tait ensuite organis\u00e9e au mille-club.<\/strong><\/p>\n<p><a href=\"https:\/\/i0.wp.com\/www.landerneau-ecologie.org\/wp-content\/uploads\/2014\/04\/25-ans.04.jpg\"><img loading=\"lazy\" src=\"https:\/\/i0.wp.com\/www.landerneau-ecologie.org\/wp-content\/uploads\/2014\/04\/25-ans.04.jpg?resize=300%2C162\" alt=\"\" width=\"300\" height=\"162\" class=\"aligncenter size-medium wp-image-860\" srcset=\"https:\/\/i0.wp.com\/www.landerneau-ecologie.org\/wp-content\/uploads\/2014\/04\/25-ans.04.jpg?resize=300%2C162&amp;ssl=1 300w, https:\/\/i0.wp.com\/www.landerneau-ecologie.org\/wp-content\/uploads\/2014\/04\/25-ans.04.jpg?w=734&amp;ssl=1 734w\" sizes=\"(max-width: 300px) 100vw, 300px\" data-recalc-dims=\"1\" \/><\/a><\/p>\n<p><strong>Le verdict des urnes ? Pr\u00e8s de 14% pour les Verts ! <\/strong><\/p>\n<p><a href=\"https:\/\/i0.wp.com\/www.landerneau-ecologie.org\/wp-content\/uploads\/2014\/04\/25-ans.05.jpg\"><img loading=\"lazy\" src=\"https:\/\/i0.wp.com\/www.landerneau-ecologie.org\/wp-content\/uploads\/2014\/04\/25-ans.05.jpg?resize=300%2C81\" alt=\"\" width=\"300\" height=\"81\" class=\"aligncenter size-medium wp-image-861\" srcset=\"https:\/\/i0.wp.com\/www.landerneau-ecologie.org\/wp-content\/uploads\/2014\/04\/25-ans.05.jpg?resize=300%2C81&amp;ssl=1 300w, https:\/\/i0.wp.com\/www.landerneau-ecologie.org\/wp-content\/uploads\/2014\/04\/25-ans.05.jpg?resize=1024%2C276&amp;ssl=1 1024w, https:\/\/i0.wp.com\/www.landerneau-ecologie.org\/wp-content\/uploads\/2014\/04\/25-ans.05.jpg?w=1268&amp;ssl=1 1268w\" sizes=\"(max-width: 300px) 100vw, 300px\" data-recalc-dims=\"1\" \/><\/a><\/p>\n<p>Au niveau national le score sera de 10,59% et <a href=\"http:\/\/expo.eelv.fr\/15-la-premiere-delegation-des-verts-francais-au-parlement-europeen-de-1989-a-1994\/\">les Verts auront 9 \u00e9lu(e)s<\/a> mais seront plus nombreuses et nombreux \u00e0 si\u00e9ger car plusieurs respectent la r\u00e8gle du &#8220;tourniquet&#8221; : la d\u00e9mission \u00e0 mi-mandat et leur remplacement par la suivante ou le suivant dans la liste. Ce sera le cas de notre amie Ren\u00e9e Conan du Morbihan, co-auteure avec Annie Laurent de <a href=\"http:\/\/www.audierne.info\/pagesphp\/bibliographie\/femmes_de_plogoff.php\">&#8220;Femmes de Plogoff&#8221;<\/a>, qui si\u00e8gera comme suivante sur la liste apr\u00e8s la d\u00e9mission de Marie-Christine Aulas en d\u00e9cembre 1991.<\/p>\n<p><strong>D&#8217;o\u00f9 un communiqu\u00e9 enthousiaste.<\/strong><\/p>\n<p><em>C&#8217;est avec satisfaction que les &#8220;Verts-Landerneau Ecologie&#8221; ont pris connaissance des r\u00e9sultats du scrutin pour les \u00e9lections europ\u00e9ennes. Avec une moyenne de l&#8217;ordre de 14%, le Pays de Landerneau est l&#8217;un de ceux qui a accord\u00e9 le plus de voix \u00e0 la liste Waechter dans le Finist\u00e8re. Un score particuli\u00e8rement \u00e9lev\u00e9 dans certaines communes (16,5% \u00e0 Dirinon et Saint Urbain) qui t\u00e9moigne d&#8217;un int\u00e9r\u00eat certain pour les th\u00e8mes d\u00e9velopp\u00e9s par les \u00e9cologistes.  Avec ces r\u00e9sultats les &#8220;Verts&#8221; s&#8217;affirment tr\u00e8s nettement comme le troisi\u00e8me courant politique dans notre r\u00e9gion, ce qui est un encouragement \u00e0 poursuivre, dans tous les domaines de la politique locale, l&#8217;action engag\u00e9e \u00e0 l&#8217;occasion de ces \u00e9lections europ\u00e9ennes.<\/p>\n<p>L&#8217;ind\u00e9pendance de notre mouvement par rapport aux autres formations politiques a \u00e9t\u00e9 approuv\u00e9e par les \u00e9lecteurs. Toutes les listes ont mis l&#8217;environnement au centre du d\u00e9bat. En confirmant ainsi la justesse de nos analyses elles ont en quelque sorte men\u00e9 campagne pour nos id\u00e9es, le vote montre que les habitants de la r\u00e9gion de Landerneau ont estim\u00e9 que nous \u00e9tions les mieux plac\u00e9s pour les d\u00e9fendre.<\/p>\n<p>Notre action politique dans les mois \u00e0 venir consistera \u00e0 utiliser notre implantation locale et notre pr\u00e9sence au parlement europ\u00e9en pour agir dans notre r\u00e9gion, en particulier sur le double probl\u00e8me de l&#8217;\u00e9conomie et de l&#8217;environnement.<\/p>\n<p>Notre succ\u00e8s nous a valu et nous vaudra quelques appels du pied quelque peu tapageurs : sans refuser le concours de ceux qui veulent agir dans notre sens nous maintiendrons cependant notre choix d&#8217;une action autonome seule \u00e0 m\u00eame de nous garantir une r\u00e9elle influence politique.<\/em><\/p>\n<p><strong>Commen\u00e7ait alors la pr\u00e9sence de l&#8217;\u00e9cologie politique \u00e0 Landerneau.<\/strong><br \/>\n25 ans plus tard elle y a acquis une influence reconnue et obtenu de r\u00e9elles avanc\u00e9es en mati\u00e8re de d\u00e9mocratie, de solidarit\u00e9 et de respect de l&#8217;environnement humain et naturel dans notre ville .<br \/>\n________________________________________________________________________________________________________________________________<\/p>\n","protected":false},"excerpt":{"rendered":"<p>Le 5 mai 1989 se tenait \u00e0 Landerneau \u00e0 la maison de quartier de Kergreis la premi\u00e8re r\u00e9union de ce qui allait devenir un groupe \u00e9cologiste \u00e0 Landerneau. Il s&#8217;agissait de la cr\u00e9ation d&#8217;un Comit\u00e9 de soutien aux Verts \u00e0 Landerneau dans le cadre des \u00e9lections europ\u00e9ennes \u00e0 venir. Ci-dessous le texte d&#8217;appel \u00e0 la [&hellip;]<\/p>\n","protected":false},"author":2,"featured_media":0,"comment_status":"closed","ping_status":"closed","sticky":false,"template":"","format":"standard","meta":{"spay_email":"","jetpack_publicize_message":"","jetpack_is_tweetstorm":false,"jetpack_publicize_feature_enabled":true},"categories":[9],"tags":[],"jetpack_featured_media_url":"","jetpack_publicize_connections":[],"jetpack_sharing_enabled":true,"jetpack_shortlink":"https:\/\/wp.me\/pE6pS-dM","_links":{"self":[{"href":"https:\/\/www.landerneau-ecologie.org\/index.php?rest_route=\/wp\/v2\/posts\/854"}],"collection":[{"href":"https:\/\/www.landerneau-ecologie.org\/index.php?rest_route=\/wp\/v2\/posts"}],"about":[{"href":"https:\/\/www.landerneau-ecologie.org\/index.php?rest_route=\/wp\/v2\/types\/post"}],"author":[{"embeddable":true,"href":"https:\/\/www.landerneau-ecologie.org\/index.php?rest_route=\/wp\/v2\/users\/2"}],"replies":[{"embeddable":true,"href":"https:\/\/www.landerneau-ecologie.org\/index.php?rest_route=%2Fwp%2Fv2%2Fcomments&post=854"}],"version-history":[{"count":1,"href":"https:\/\/www.landerneau-ecologie.org\/index.php?rest_route=\/wp\/v2\/posts\/854\/revisions"}],"predecessor-version":[{"id":862,"href":"https:\/\/www.landerneau-ecologie.org\/index.php?rest_route=\/wp\/v2\/posts\/854\/revisions\/862"}],"wp:attachment":[{"href":"https:\/\/www.landerneau-ecologie.org\/index.php?rest_route=%2Fwp%2Fv2%2Fmedia&parent=854"}],"wp:term":[{"taxonomy":"category","embeddable":true,"href":"https:\/\/www.landerneau-ecologie.org\/index.php?rest_route=%2Fwp%2Fv2%2Fcategories&post=854"},{"taxonomy":"post_tag","embeddable":true,"href":"https:\/\/www.landerneau-ecologie.org\/index.php?rest_route=%2Fwp%2Fv2%2Ftags&post=854"}],"curies":[{"name":"wp","href":"https:\/\/api.w.org\/{rel}","templated":true}]}}