{"id":806,"date":"2011-08-18T00:02:02","date_gmt":"2011-08-17T22:02:02","guid":{"rendered":"http:\/\/www.landerneau-ecologie.org\/?p=806"},"modified":"2011-08-18T00:04:26","modified_gmt":"2011-08-17T22:04:26","slug":"bilan-financier-du-festival-%c2%ab%c2%a0fete-du-bruit-dans-landerneau%c2%a0%c2%bb","status":"publish","type":"post","link":"https:\/\/www.landerneau-ecologie.org\/?p=806","title":{"rendered":"Bilan financier du Festival \u00ab\u00a0F\u00eate du bruit dans Landerneau\u00a0\u00bb"},"content":{"rendered":"<p style=\"text-align: justify;\">Les propos de Monsieur Joel Bernard, directeur du Festival, et repris dans l&#8217;article du T\u00e9l\u00e9gramme du 15 ao\u00fbt 2011 concernant la notion de service public interpelle au plus au point l&#8217;association DES.<\/p>\n<p style=\"text-align: justify;\">Une d\u00e9finition commun\u00e9ment admise du service public d\u00e9signe l&#8217;ensemble des activit\u00e9s \u00e0 but non lucratifs exerc\u00e9 par ou pour le compte de la puissance publique, dans le but de satisfaire une demande sociale devant \u00eatre disponible pour tous.<\/p>\n<p style=\"text-align: justify;\">Force est de constater que ce festival ne correspond aucunement \u00e0 cette d\u00e9finition, aussi l&#8217;association DES demande la mise en place d&#8217;une commission charg\u00e9e d&#8217;\u00e9tablir les co\u00fbts de cette manifestation (lucrative pour l&#8217;organisateur) support\u00e9s par les collectivit\u00e9s et par l&#8217;Etat dans les domaines suivants :<\/p>\n<ul style=\"text-align: justify;\">\n<li>mise \u00e0 disposition d&#8217;installations et de personnels communaux :\n<ul>\n<li>d\u00e9montage et remontage des installations sportives<\/li>\n<li>montage et d\u00e9montage des \u00e9clairages publiques suppl\u00e9mentaires<\/li>\n<li>mise en place et retrait des d\u00e9viations et barri\u00e9rages associ\u00e9s<\/li>\n<li>remise en \u00e9tat des biens communs d\u00e9t\u00e9rior\u00e9s (stades, plantations etc \u2026)<\/li>\n<li>nettoyage des lieux publics hors zone r\u00e9serv\u00e9e au festival<\/li>\n<\/ul>\n<\/li>\n<li>s\u00fbret\u00e9, notamment les gendarmes venus renforcer l&#8217;effectif normal<\/li>\n<li>s\u00e9curit\u00e9, plus particuli\u00e8rement les sapeurs-pompiers consolidant le dispositif ordinaire<\/li>\n<li>assainissement et traitement des d\u00e9chets<\/li>\n<li>subventions accord\u00e9es par la ville, la communaut\u00e9 de communes et \u00e9ventuellement par d&#8217;autres collectivit\u00e9s.<\/li>\n<\/ul>\n<p style=\"text-align: justify;\">Dans un souci de transparence et d&#8217;honn\u00eatet\u00e9 dans l&#8217;utilisation des ressources financi\u00e8res publiques destin\u00e9es uniquement \u00e0 servir l&#8217;int\u00e9r\u00eat g\u00e9n\u00e9ral, l&#8217;association DES demande que toute la lumi\u00e8re soit faite sur les d\u00e9penses engag\u00e9es pour cette manifestation non prises en charge par l&#8217;organisateur et que ce rapport soit publi\u00e9 dans le journal de la Ville.<\/p>\n","protected":false},"excerpt":{"rendered":"<p>Les propos de Monsieur Joel Bernard, directeur du Festival, et repris dans l&#8217;article du T\u00e9l\u00e9gramme du 15 ao\u00fbt 2011 concernant la notion de service public interpelle au plus au point l&#8217;association DES. Une d\u00e9finition commun\u00e9ment admise du service public d\u00e9signe l&#8217;ensemble des activit\u00e9s \u00e0 but non lucratifs exerc\u00e9 par ou pour le compte de la [&hellip;]<\/p>\n","protected":false},"author":1,"featured_media":0,"comment_status":"closed","ping_status":"closed","sticky":false,"template":"","format":"standard","meta":{"spay_email":"","jetpack_publicize_message":"","jetpack_is_tweetstorm":false,"jetpack_publicize_feature_enabled":true},"categories":[19],"tags":[],"jetpack_featured_media_url":"","jetpack_publicize_connections":[],"jetpack_sharing_enabled":true,"jetpack_shortlink":"https:\/\/wp.me\/pE6pS-d0","_links":{"self":[{"href":"https:\/\/www.landerneau-ecologie.org\/index.php?rest_route=\/wp\/v2\/posts\/806"}],"collection":[{"href":"https:\/\/www.landerneau-ecologie.org\/index.php?rest_route=\/wp\/v2\/posts"}],"about":[{"href":"https:\/\/www.landerneau-ecologie.org\/index.php?rest_route=\/wp\/v2\/types\/post"}],"author":[{"embeddable":true,"href":"https:\/\/www.landerneau-ecologie.org\/index.php?rest_route=\/wp\/v2\/users\/1"}],"replies":[{"embeddable":true,"href":"https:\/\/www.landerneau-ecologie.org\/index.php?rest_route=%2Fwp%2Fv2%2Fcomments&post=806"}],"version-history":[{"count":1,"href":"https:\/\/www.landerneau-ecologie.org\/index.php?rest_route=\/wp\/v2\/posts\/806\/revisions"}],"predecessor-version":[{"id":807,"href":"https:\/\/www.landerneau-ecologie.org\/index.php?rest_route=\/wp\/v2\/posts\/806\/revisions\/807"}],"wp:attachment":[{"href":"https:\/\/www.landerneau-ecologie.org\/index.php?rest_route=%2Fwp%2Fv2%2Fmedia&parent=806"}],"wp:term":[{"taxonomy":"category","embeddable":true,"href":"https:\/\/www.landerneau-ecologie.org\/index.php?rest_route=%2Fwp%2Fv2%2Fcategories&post=806"},{"taxonomy":"post_tag","embeddable":true,"href":"https:\/\/www.landerneau-ecologie.org\/index.php?rest_route=%2Fwp%2Fv2%2Ftags&post=806"}],"curies":[{"name":"wp","href":"https:\/\/api.w.org\/{rel}","templated":true}]}}