{"id":802,"date":"2011-03-27T20:10:45","date_gmt":"2011-03-27T18:10:45","guid":{"rendered":"http:\/\/www.landerneau-ecologie.org\/?p=802"},"modified":"2011-03-28T08:14:33","modified_gmt":"2011-03-28T06:14:33","slug":"valon-du-tourous","status":"publish","type":"post","link":"https:\/\/www.landerneau-ecologie.org\/?p=802","title":{"rendered":"Valon du Tourous"},"content":{"rendered":"<p style=\"text-align: justify;\">La d\u00e9cision du tribunal administratif donnant raison \u00e0 l&#8217;association des riverains du vallon du Tourous contre la ville de Landerneau, est une belle victoire pour l&#8217;environnement car elle  reconna\u00eet la n\u00e9cessit\u00e9 de prot\u00e9ger les zones humides et parce qu&#8217;elle r\u00e9fute un projet d&#8217;am\u00e9nagement bouleversant compl\u00e8tement cette zone.<\/p>\n<p style=\"text-align: justify;\">En r\u00e9alit\u00e9 c&#8217;est l&#8217;aboutissement d&#8217;un long processus qui a d\u00e9marr\u00e9 en 1997, date \u00e0 laquelle, le maire Jean-Pierre Thomin, proposait de r\u00e9server 10 ha de prairies humides du fond du vallon du Tourous et son ruisseau pour y r\u00e9aliser une zone de loisirs et d&#8217;\u00e9quipements publics. Nous nous \u00e9tions \u00e9lev\u00e9s contre ce projet lors de la r\u00e9vision du POS, puis \u00e9tions intervenus \u00e0 plusieurs reprises au fil des ann\u00e9es pour tenter de convaincre l&#8217;\u00e9quipe municipale de retirer ce projet.<\/p>\n<p style=\"text-align: justify;\">DES se r\u00e9jouit que le tribunal ait bas\u00e9 son argumentation sur les \u00ab\u00a0erreurs d&#8217;appr\u00e9ciation\u00a0\u00bb de la municipalit\u00e9 puisque ce projet aurait largement d\u00e9figur\u00e9 \u00ab\u00a0une zone humide au sein d&#8217;un vaste espace bois\u00e9 class\u00e9\u00a0\u00bb. Les atteintes \u00e0 l&#8217;environnement sont d&#8217;ailleurs clairement indiqu\u00e9es : remblaiement, drainage des sources, ass\u00e9chement de zone humide.<\/p>\n<p style=\"text-align: justify;\">A son arriv\u00e9e \u00e0 la mairie Patrick Leclerc connaissait la situation et aurait d\u00fb entamer un dialogue avec les riverains du vallon pour g\u00e9rer cette situation conflictuelle. Nous ne comprenons pas pourquoi il a pr\u00e9f\u00e9r\u00e9 choisir la mani\u00e8re forte en limogeant l&#8217;adjoint \u00e0 l&#8217;urbanisme qu&#8217;il avait nomm\u00e9, et en laissant le dossier s&#8217;envenimer au plus haut point, risquant m\u00eame l&#8217;annulation du PLU. Il a \u00e9galement tr\u00e8s mal appr\u00e9ci\u00e9 la dimension environnementale du dossier et les erreurs de la ville, car rappelons-nous que lors du dernier conseil municipal, il n&#8217;\u00e9tait pas loin de crier victoire.<\/p>\n","protected":false},"excerpt":{"rendered":"<p>La d\u00e9cision du tribunal administratif donnant raison \u00e0 l&#8217;association des riverains du vallon du Tourous contre la ville de Landerneau, est une belle victoire pour l&#8217;environnement car elle reconna\u00eet la n\u00e9cessit\u00e9 de prot\u00e9ger les zones humides et parce qu&#8217;elle r\u00e9fute un projet d&#8217;am\u00e9nagement bouleversant compl\u00e8tement cette zone. En r\u00e9alit\u00e9 c&#8217;est l&#8217;aboutissement d&#8217;un long processus qui [&hellip;]<\/p>\n","protected":false},"author":3,"featured_media":0,"comment_status":"closed","ping_status":"closed","sticky":false,"template":"","format":"standard","meta":{"spay_email":"","jetpack_publicize_message":"","jetpack_is_tweetstorm":false,"jetpack_publicize_feature_enabled":true},"categories":[11],"tags":[],"jetpack_featured_media_url":"","jetpack_publicize_connections":[],"jetpack_sharing_enabled":true,"jetpack_shortlink":"https:\/\/wp.me\/pE6pS-cW","_links":{"self":[{"href":"https:\/\/www.landerneau-ecologie.org\/index.php?rest_route=\/wp\/v2\/posts\/802"}],"collection":[{"href":"https:\/\/www.landerneau-ecologie.org\/index.php?rest_route=\/wp\/v2\/posts"}],"about":[{"href":"https:\/\/www.landerneau-ecologie.org\/index.php?rest_route=\/wp\/v2\/types\/post"}],"author":[{"embeddable":true,"href":"https:\/\/www.landerneau-ecologie.org\/index.php?rest_route=\/wp\/v2\/users\/3"}],"replies":[{"embeddable":true,"href":"https:\/\/www.landerneau-ecologie.org\/index.php?rest_route=%2Fwp%2Fv2%2Fcomments&post=802"}],"version-history":[{"count":0,"href":"https:\/\/www.landerneau-ecologie.org\/index.php?rest_route=\/wp\/v2\/posts\/802\/revisions"}],"wp:attachment":[{"href":"https:\/\/www.landerneau-ecologie.org\/index.php?rest_route=%2Fwp%2Fv2%2Fmedia&parent=802"}],"wp:term":[{"taxonomy":"category","embeddable":true,"href":"https:\/\/www.landerneau-ecologie.org\/index.php?rest_route=%2Fwp%2Fv2%2Fcategories&post=802"},{"taxonomy":"post_tag","embeddable":true,"href":"https:\/\/www.landerneau-ecologie.org\/index.php?rest_route=%2Fwp%2Fv2%2Ftags&post=802"}],"curies":[{"name":"wp","href":"https:\/\/api.w.org\/{rel}","templated":true}]}}