{"id":800,"date":"2011-02-05T10:31:24","date_gmt":"2011-02-05T08:31:24","guid":{"rendered":"http:\/\/www.landerneau-ecologie.org\/?p=800"},"modified":"2011-02-05T10:38:15","modified_gmt":"2011-02-05T08:38:15","slug":"reunion-dinformation-non-a-la-centrale","status":"publish","type":"post","link":"https:\/\/www.landerneau-ecologie.org\/?p=800","title":{"rendered":"R\u00e9union d&#8217;information : NON A LA CENTRALE !"},"content":{"rendered":"<p style=\"text-align: center;\">Collectif GASPARE-Pays de Landerneau<\/p>\n<h1 style=\"text-align: center;\"><strong>NON \u00c0 LA CENTRALE\u00a0!<\/strong><\/h1>\n<p style=\"text-align: center;\">Lanvian (Saint-Divy \u2013 Guipavas) ou ailleurs<br \/>\nPROJET INADAPT\u00c9, DANGEREUX, CO\u00dbTEUX.<\/p>\n<p><strong>INADAPT\u00c9\u00a0:<\/strong><\/p>\n<p>Commen\u00e7ons par, v\u00e9ritablement, faire des \u00e9conomies.<br \/>\nD\u2019autres moyens existent et peuvent \u00eatre d\u00e9velopp\u00e9s. Le photovolta\u00efque, le thermique solaire, la biomasse, l\u2019\u00e9olien, l\u2019hydrolien.<br \/>\nUtilisons intelligemment les moyens existants comme le barrage de Guerl\u00e9dan.<\/p>\n<p><strong>DANGEREUX\u00a0:<\/strong><\/p>\n<p>Avec la possibilit\u00e9 d\u2019explosion de cette structure de type Seveso, la dangerosit\u00e9 de cette centrale r\u00e9side dans les probl\u00e8mes de sant\u00e9 et les atteintes \u00e0 l&#8217;environnement qu&#8217;elle provoque : rejets dans l\u2019atmosph\u00e8re (oxydes d\u2019azote, dioxyde de soufre\u2026), lignes \u00e0 haute tension, impact sur l&#8217;eau \u2026<\/p>\n<p><strong>CO\u00dbTEUX\u00a0:<\/strong><\/p>\n<p>Cette infrastructure est estim\u00e9e \u00e0 350 millions d\u2019\u20ac, sans compter les lignes \u00e0 haute tension, l\u2019approvisionnement en gaz\u2026 Soit plus de 700 millions d\u2019\u20ac,  pour une dur\u00e9e de 40 ans. O\u00f9 sont les \u00e9conomies\u00a0? O\u00f9 est le Grenelle de l\u2019environnement?<\/p>\n<p>Pour en savoir plus, retrouvons-nous le,<\/p>\n<h2 style=\"text-align: center;\"><strong>MERCREDI 9 F\u00e9vrier \u00e0 20h30<br \/>\nA Landerneau<br \/>\nSalle du FAMILY<br \/>\nPour une r\u00e9union d\u2019information et de d\u00e9bats.<\/strong><\/h2>\n<p><center><br \/>\n<iframe loading=\"lazy\" width=\"425\" height=\"350\" frameborder=\"0\" scrolling=\"no\" marginheight=\"0\" marginwidth=\"0\" src=\"http:\/\/maps.google.fr\/maps?q=48.448907,-4.254609&amp;num=1&amp;sll=48.448888,-4.254713&amp;sspn=0.00427,0.006437&amp;hl=fr&amp;ie=UTF8&amp;ll=48.448874,-4.254713&amp;spn=0.002491,0.00456&amp;z=17&amp;output=embed\"><\/iframe><br \/><small><a href=\"http:\/\/maps.google.fr\/maps?q=48.448907,-4.254609&amp;num=1&amp;sll=48.448888,-4.254713&amp;sspn=0.00427,0.006437&amp;hl=fr&amp;ie=UTF8&amp;ll=48.448874,-4.254713&amp;spn=0.002491,0.00456&amp;z=17&amp;source=embed\" style=\"color:#0000FF;text-align:left\">Agrandir le plan<\/a><\/small><\/center><br \/>\nEmail\u00a0: collectif.gaspare@gmail.com<\/p>\n","protected":false},"excerpt":{"rendered":"<p>Collectif GASPARE-Pays de Landerneau NON \u00c0 LA CENTRALE\u00a0! Lanvian (Saint-Divy \u2013 Guipavas) ou ailleurs PROJET INADAPT\u00c9, DANGEREUX, CO\u00dbTEUX. INADAPT\u00c9\u00a0: Commen\u00e7ons par, v\u00e9ritablement, faire des \u00e9conomies. D\u2019autres moyens existent et peuvent \u00eatre d\u00e9velopp\u00e9s. Le photovolta\u00efque, le thermique solaire, la biomasse, l\u2019\u00e9olien, l\u2019hydrolien. Utilisons intelligemment les moyens existants comme le barrage de Guerl\u00e9dan. DANGEREUX\u00a0: Avec la possibilit\u00e9 [&hellip;]<\/p>\n","protected":false},"author":1,"featured_media":0,"comment_status":"closed","ping_status":"closed","sticky":false,"template":"","format":"standard","meta":{"spay_email":"","jetpack_publicize_message":"","jetpack_is_tweetstorm":false,"jetpack_publicize_feature_enabled":true},"categories":[18],"tags":[],"jetpack_featured_media_url":"","jetpack_publicize_connections":[],"jetpack_sharing_enabled":true,"jetpack_shortlink":"https:\/\/wp.me\/pE6pS-cU","_links":{"self":[{"href":"https:\/\/www.landerneau-ecologie.org\/index.php?rest_route=\/wp\/v2\/posts\/800"}],"collection":[{"href":"https:\/\/www.landerneau-ecologie.org\/index.php?rest_route=\/wp\/v2\/posts"}],"about":[{"href":"https:\/\/www.landerneau-ecologie.org\/index.php?rest_route=\/wp\/v2\/types\/post"}],"author":[{"embeddable":true,"href":"https:\/\/www.landerneau-ecologie.org\/index.php?rest_route=\/wp\/v2\/users\/1"}],"replies":[{"embeddable":true,"href":"https:\/\/www.landerneau-ecologie.org\/index.php?rest_route=%2Fwp%2Fv2%2Fcomments&post=800"}],"version-history":[{"count":0,"href":"https:\/\/www.landerneau-ecologie.org\/index.php?rest_route=\/wp\/v2\/posts\/800\/revisions"}],"wp:attachment":[{"href":"https:\/\/www.landerneau-ecologie.org\/index.php?rest_route=%2Fwp%2Fv2%2Fmedia&parent=800"}],"wp:term":[{"taxonomy":"category","embeddable":true,"href":"https:\/\/www.landerneau-ecologie.org\/index.php?rest_route=%2Fwp%2Fv2%2Fcategories&post=800"},{"taxonomy":"post_tag","embeddable":true,"href":"https:\/\/www.landerneau-ecologie.org\/index.php?rest_route=%2Fwp%2Fv2%2Ftags&post=800"}],"curies":[{"name":"wp","href":"https:\/\/api.w.org\/{rel}","templated":true}]}}