{"id":796,"date":"2011-01-14T20:53:03","date_gmt":"2011-01-14T18:53:03","guid":{"rendered":"http:\/\/www.landerneau-ecologie.org\/?p=796"},"modified":"2011-01-14T20:54:49","modified_gmt":"2011-01-14T18:54:49","slug":"marc-daniel-demissione-manu-militari","status":"publish","type":"post","link":"https:\/\/www.landerneau-ecologie.org\/?p=796","title":{"rendered":"Marc Daniel d\u00e9mission\u00e9 manu militari"},"content":{"rendered":"<p style=\"text-align: justify;\">En d\u00e9missionnant de force l&#8217;adjoint \u00e0 l&#8217;urbanisme, Patrick Leclerc a adopt\u00e9 une attitude tr\u00e8s d\u00e9cevante. Alors qu&#8217;il se plait \u00e0 se donner une image d&#8217;homme de dialogue cherchant \u00e0 tout faire pour \u00e9viter les conflits, il a pr\u00e9f\u00e9r\u00e9 utiliser la mani\u00e8re forte et la sanction.<\/p>\n<p style=\"text-align: justify;\">Tout d&#8217;abord la d\u00e9cision de Patrick Leclerc ne changera rien sur le fond. Ce n&#8217;est pas parce qu&#8217;il a supprim\u00e9 ses d\u00e9l\u00e9gations \u00e0 Marc Daniel que la ville est d\u00e9gag\u00e9e du risque d&#8217;annulation de son PLU par la justice. Celle-ci a \u00e9t\u00e9 saisie bien avant, elle doit suivre son cours de fa\u00e7on ind\u00e9pendante.<\/p>\n<p style=\"text-align: justify;\">Comme nous l&#8217;indiquions dans notre pr\u00e9c\u00e9dant communiqu\u00e9, le Maire de Landerneau avait pourtant tout le temps de chercher une solution pour apaiser le conflit qui oppose la municipalit\u00e9 avec les riverains du Tourous. En laissant s&#8217;enliser cette affaire, celle-ci a fini par prendre une telle dimension que le Maire a pens\u00e9 utile d&#8217;employer la mani\u00e8re forte.<\/p>\n<p style=\"text-align: justify;\">Avant d&#8217;en arriver \u00e0 de telles extr\u00e9mit\u00e9s, nous aurions pr\u00e9f\u00e9r\u00e9 l&#8217;entendre sur le fond du probl\u00e8me et savoir si selon lui, il y avait eu ou non des exactions de la part de l&#8217;ancienne \u00e9quipe municipale en mati\u00e8re d&#8217;urbanisme.<\/p>\n","protected":false},"excerpt":{"rendered":"<p>En d\u00e9missionnant de force l&#8217;adjoint \u00e0 l&#8217;urbanisme, Patrick Leclerc a adopt\u00e9 une attitude tr\u00e8s d\u00e9cevante. Alors qu&#8217;il se plait \u00e0 se donner une image d&#8217;homme de dialogue cherchant \u00e0 tout faire pour \u00e9viter les conflits, il a pr\u00e9f\u00e9r\u00e9 utiliser la mani\u00e8re forte et la sanction. Tout d&#8217;abord la d\u00e9cision de Patrick Leclerc ne changera rien [&hellip;]<\/p>\n","protected":false},"author":3,"featured_media":0,"comment_status":"closed","ping_status":"closed","sticky":false,"template":"","format":"standard","meta":{"spay_email":"","jetpack_publicize_message":"","jetpack_is_tweetstorm":false,"jetpack_publicize_feature_enabled":true},"categories":[11],"tags":[],"jetpack_featured_media_url":"","jetpack_publicize_connections":[],"jetpack_sharing_enabled":true,"jetpack_shortlink":"https:\/\/wp.me\/pE6pS-cQ","_links":{"self":[{"href":"https:\/\/www.landerneau-ecologie.org\/index.php?rest_route=\/wp\/v2\/posts\/796"}],"collection":[{"href":"https:\/\/www.landerneau-ecologie.org\/index.php?rest_route=\/wp\/v2\/posts"}],"about":[{"href":"https:\/\/www.landerneau-ecologie.org\/index.php?rest_route=\/wp\/v2\/types\/post"}],"author":[{"embeddable":true,"href":"https:\/\/www.landerneau-ecologie.org\/index.php?rest_route=\/wp\/v2\/users\/3"}],"replies":[{"embeddable":true,"href":"https:\/\/www.landerneau-ecologie.org\/index.php?rest_route=%2Fwp%2Fv2%2Fcomments&post=796"}],"version-history":[{"count":1,"href":"https:\/\/www.landerneau-ecologie.org\/index.php?rest_route=\/wp\/v2\/posts\/796\/revisions"}],"predecessor-version":[{"id":797,"href":"https:\/\/www.landerneau-ecologie.org\/index.php?rest_route=\/wp\/v2\/posts\/796\/revisions\/797"}],"wp:attachment":[{"href":"https:\/\/www.landerneau-ecologie.org\/index.php?rest_route=%2Fwp%2Fv2%2Fmedia&parent=796"}],"wp:term":[{"taxonomy":"category","embeddable":true,"href":"https:\/\/www.landerneau-ecologie.org\/index.php?rest_route=%2Fwp%2Fv2%2Fcategories&post=796"},{"taxonomy":"post_tag","embeddable":true,"href":"https:\/\/www.landerneau-ecologie.org\/index.php?rest_route=%2Fwp%2Fv2%2Ftags&post=796"}],"curies":[{"name":"wp","href":"https:\/\/api.w.org\/{rel}","templated":true}]}}