{"id":596,"date":"2009-03-20T22:20:02","date_gmt":"2009-03-20T20:20:02","guid":{"rendered":"http:\/\/www.landerneau-ecologie.org\/?p=596"},"modified":"2010-03-28T09:50:57","modified_gmt":"2010-03-28T07:50:57","slug":"un-pave-chinois-dans-la-mare","status":"publish","type":"post","link":"https:\/\/www.landerneau-ecologie.org\/?p=596","title":{"rendered":"Un pav\u00e9 (chinois) dans la mare"},"content":{"rendered":"<p>A plusieurs reprises notre groupe est intervenu pour s\u2019\u00e9riger contre le pavement des rues et des quais de Landerneau avec des pav\u00e9s chinois. Aujourd\u2019hui il est possible de d\u00e9clarer que sur les quais de Cornouaille, devant la maison des services publics, devant la m\u00e9diath\u00e8que et aujourd\u2019hui devant le Familly, le pi\u00e9ton se d\u00e9place sur le sol chinois.<br \/>\n<img loading=\"lazy\" class=\"aligncenter size-full wp-image-598\" title=\"Family Landerneau\" src=\"https:\/\/i0.wp.com\/www.landerneau-ecologie.org\/wp-content\/uploads\/2010\/03\/family2.jpg?resize=300%2C295\" alt=\"\" width=\"300\" height=\"295\" data-recalc-dims=\"1\" \/><\/p>\n<p>Dans un premier temps cela a \u00e9t\u00e9 pris \u00e0 la rigolade et on a r\u00e9pondu aux \u00e9colos que ce n\u2019\u00e9tait pas si m\u00e9chant que cela, car &#8220;les pav\u00e9s \u00e9taient utiles pour lester les bateaux contre le roulis&#8221;.<\/p>\n<p>Au-del\u00e0 de l\u2019ineptie de faire venir de l\u2019autre bout du monde du granite et au-del\u00e0 de l\u2019aberration \u00e9cologique d\u2019organiser ces transports, l\u2019affaire n\u2019a rien d\u2019hilarante.<\/p>\n<p>Les statistiques du bureau international du travail indiquaient qu\u2019en 1997, <strong>2,5 millions d\u2019enfants casseurs de pierres avaient \u00e9t\u00e9 recens\u00e9s dans les pays exportateurs de granits<\/strong> (Chine et Indes principalement). Ces enfants sont \u00e2g\u00e9s de 5 \u00e0 14 ans. Localement, un dirigeant d\u2019une soci\u00e9t\u00e9 bretonne important du granit d\u00e9clarait en 2003 :<\/p>\n<blockquote><p>Quand je visite les usines de nos fournisseurs en Inde ou en Chine, je vois des gens qui travaillent pieds nus. Je vois parfois travailler des enfants de 14 ans. En revanche je n\u2019ai jamais vu travailler d\u2019enfants de huit ans<\/p><\/blockquote>\n<p><a href=\"http:\/\/www.novethic.fr\/novethic\/v3\/article.jsp ?id=33196\" target=\"_blank\">http:\/\/www.novethic.fr\/novethic\/v3\/article.jsp ?id=33196<\/a><br \/>\nDe telles conditions de travail sont inacceptables et assimilables \u00e0 l\u2019esclavage. Elles sont totalement contraires aux r\u00e8gles de travail du BIT (Nations Unies).<\/p>\n<p>Concernant les pav\u00e9s de Landerneau, nous n\u2019avons par de certitudes sur les conditions r\u00e9elles d\u2019extraction des pav\u00e9s que nous achetons. Par contre, s\u2019il s\u2019av\u00e9rait que l\u2019embellissement de la ville par des pav\u00e9s se faisait au d\u00e9pend du respect des r\u00e8gles \u00e9l\u00e9mentaires du travail il conviendrait de mettre fin imm\u00e9diatement \u00e0 ces projets.<br \/>\n<img loading=\"lazy\" src=\"https:\/\/i0.wp.com\/www.landerneau-ecologie.org\/wp-content\/uploads\/2010\/03\/quaileon1.jpg?resize=300%2C225\" alt=\"\" title=\"Quai du L\u00e9on\" width=\"300\" height=\"225\" class=\"aligncenter size-full wp-image-599\" data-recalc-dims=\"1\" \/><br \/>\nNotre groupe propose que dans le cadre de l\u2019Agenda 21 de la ville, le comit\u00e9 de pilotage se saisisse de ce projet et examine les moyens de faire face \u00e0 cette situation. Faut-il renoncer \u00e0 l\u2019utilisation de pav\u00e9s ? Faut-il exiger de nos fournisseurs des audits sur la provenance des pav\u00e9s ? La responsabilit\u00e9 sociale de la ville est engag\u00e9e. Elle devra prendre une d\u00e9cision publique avant de poursuivre ce type d\u2019am\u00e9nagement.<br \/>\n<img loading=\"lazy\" src=\"https:\/\/i0.wp.com\/www.landerneau-ecologie.org\/wp-content\/uploads\/2010\/03\/maisonservicepub.jpg?resize=300%2C314\" alt=\"\" title=\"Maison des services publics\" width=\"300\" height=\"314\" class=\"aligncenter size-full wp-image-600\" srcset=\"https:\/\/i0.wp.com\/www.landerneau-ecologie.org\/wp-content\/uploads\/2010\/03\/maisonservicepub.jpg?w=300&amp;ssl=1 300w, https:\/\/i0.wp.com\/www.landerneau-ecologie.org\/wp-content\/uploads\/2010\/03\/maisonservicepub.jpg?resize=286%2C300&amp;ssl=1 286w\" sizes=\"(max-width: 300px) 100vw, 300px\" data-recalc-dims=\"1\" \/><br \/>\n<img loading=\"lazy\" src=\"https:\/\/i0.wp.com\/www.landerneau-ecologie.org\/wp-content\/uploads\/2010\/03\/pavechinois2.jpg?resize=300%2C285\" alt=\"\" title=\"Pav\u00e9s chinois\" width=\"300\" height=\"285\" class=\"aligncenter size-full wp-image-601\" data-recalc-dims=\"1\" \/><br \/>\n<img loading=\"lazy\" src=\"https:\/\/i0.wp.com\/www.landerneau-ecologie.org\/wp-content\/uploads\/2010\/03\/pave.jpg?resize=300%2C120\" alt=\"\" title=\"Etiquette de pav\u00e9s\" width=\"300\" height=\"120\" class=\"aligncenter size-full wp-image-602\" data-recalc-dims=\"1\" \/><\/p>\n","protected":false},"excerpt":{"rendered":"<p>A plusieurs reprises notre groupe est intervenu pour s\u2019\u00e9riger contre le pavement des rues et des quais de Landerneau avec des pav\u00e9s chinois. Aujourd\u2019hui il est possible de d\u00e9clarer que sur les quais de Cornouaille, devant la maison des services publics, devant la m\u00e9diath\u00e8que et aujourd\u2019hui devant le Familly, le pi\u00e9ton se d\u00e9place sur le [&hellip;]<\/p>\n","protected":false},"author":3,"featured_media":0,"comment_status":"closed","ping_status":"closed","sticky":false,"template":"","format":"standard","meta":{"spay_email":"","jetpack_publicize_message":"","jetpack_is_tweetstorm":false,"jetpack_publicize_feature_enabled":true},"categories":[3,11],"tags":[],"jetpack_featured_media_url":"","jetpack_publicize_connections":[],"jetpack_sharing_enabled":true,"jetpack_shortlink":"https:\/\/wp.me\/pE6pS-9C","_links":{"self":[{"href":"https:\/\/www.landerneau-ecologie.org\/index.php?rest_route=\/wp\/v2\/posts\/596"}],"collection":[{"href":"https:\/\/www.landerneau-ecologie.org\/index.php?rest_route=\/wp\/v2\/posts"}],"about":[{"href":"https:\/\/www.landerneau-ecologie.org\/index.php?rest_route=\/wp\/v2\/types\/post"}],"author":[{"embeddable":true,"href":"https:\/\/www.landerneau-ecologie.org\/index.php?rest_route=\/wp\/v2\/users\/3"}],"replies":[{"embeddable":true,"href":"https:\/\/www.landerneau-ecologie.org\/index.php?rest_route=%2Fwp%2Fv2%2Fcomments&post=596"}],"version-history":[{"count":0,"href":"https:\/\/www.landerneau-ecologie.org\/index.php?rest_route=\/wp\/v2\/posts\/596\/revisions"}],"wp:attachment":[{"href":"https:\/\/www.landerneau-ecologie.org\/index.php?rest_route=%2Fwp%2Fv2%2Fmedia&parent=596"}],"wp:term":[{"taxonomy":"category","embeddable":true,"href":"https:\/\/www.landerneau-ecologie.org\/index.php?rest_route=%2Fwp%2Fv2%2Fcategories&post=596"},{"taxonomy":"post_tag","embeddable":true,"href":"https:\/\/www.landerneau-ecologie.org\/index.php?rest_route=%2Fwp%2Fv2%2Ftags&post=596"}],"curies":[{"name":"wp","href":"https:\/\/api.w.org\/{rel}","templated":true}]}}