{"id":557,"date":"2009-03-18T19:51:59","date_gmt":"2009-03-18T17:51:59","guid":{"rendered":"http:\/\/www.landerneau-ecologie.org\/?p=557"},"modified":"2010-03-27T19:54:51","modified_gmt":"2010-03-27T17:54:51","slug":"des-logiciels-libres-pour-liberer-et-recycler-les-ordinateurs","status":"publish","type":"post","link":"https:\/\/www.landerneau-ecologie.org\/?p=557","title":{"rendered":"Des logiciels libres pour lib\u00e9rer et recycler les ordinateurs."},"content":{"rendered":"<p>\u00c0 l\u2019initiative d\u2019une dizaine de personnes, une journ\u00e9e d\u2019installation de logiciels libres et une bourse informatique est programm\u00e9e samedi.<\/p>\n<p>Cette animation s\u2019inscrit dans le cadre de la journ\u00e9e nationale \u00ab Libre en f\u00eate \u00bb qui vise \u00e0 la promotion des logiciels libres. Fr\u00e9d\u00e9ric Le Sao\u00fbt et Ga\u00ebl Kermarrec sont parmi ceux qui mettront leurs comp\u00e9tences au service des autres. Ils esp\u00e8rent que cette rencontre fera boule-de-neige comme \u00e0 Brest, une des villes les plus en pointe dans ce domaine.<br \/>\n<img loading=\"lazy\" src=\"https:\/\/i0.wp.com\/www.landerneau-ecologie.org\/wp-content\/uploads\/2010\/03\/logicielslibre-f214a.jpg?resize=539%2C361\" alt=\"\" title=\"Photo\" width=\"539\" height=\"361\" class=\"aligncenter size-full wp-image-558\" srcset=\"https:\/\/i0.wp.com\/www.landerneau-ecologie.org\/wp-content\/uploads\/2010\/03\/logicielslibre-f214a.jpg?w=539&amp;ssl=1 539w, https:\/\/i0.wp.com\/www.landerneau-ecologie.org\/wp-content\/uploads\/2010\/03\/logicielslibre-f214a.jpg?resize=300%2C200&amp;ssl=1 300w\" sizes=\"(max-width: 539px) 100vw, 539px\" data-recalc-dims=\"1\" \/><\/p>\n<p><strong>Comment \u00e7a marche, un logiciel libre<\/strong> ?<br \/>\nC\u2019est un pot commun en construction permanente, libre d\u2019acc\u00e8s. Les connexions viennent de toute la plan\u00e8te et \u00e9manent d\u2019informaticiens. Une fois cr\u00e9\u00e9s, ces logiciels non commerciaux \u00e9voluent de mani\u00e8re coop\u00e9rative. Les utilisateurs ajoutent des briques qui rendent les logiciels plus efficaces. Ces logiciels sont essentiellement gratuits mais, parfois, une participation financi\u00e8re est demand\u00e9e pour assurer un service de maintenance.<\/p>\n<p><strong>Les plus connus ?<\/strong><br \/>\nOpen office, le pendant de Microsoft, Mozilla Firefox, Linux qui peut \u00eatre install\u00e9 juste \u00e0 c\u00f4t\u00e9 de Windows pour d\u00e9marrer car les pratiques sont un peu diff\u00e9rentes. Mais, on peut aussi passer tout de suite \u00e0 100% de logiciels libres de cr\u00e9ation. Ils utilisent des formats standards.<\/p>\n<p><strong>On sent une m\u00e9connaissance de leur existence, pourquoi ?<\/strong><br \/>\nBeaucoup d\u2019internautes sont n\u00e9s avec Windows et les outils qui vont avec. On peut se sentir prisonniers de logiciels qui interviennent comme des monopoles, proposent sans cesse de nouvelles versions pour inciter \u00e0 l\u2019achat de mat\u00e9riels. L\u2019informatique est aujourd\u2019hui partout. Pour nous, le partage est important. Nous serons pr\u00e9sents pour mettre le pied \u00e0 l\u2019\u00e9trier du n\u00e9ophyte et lui dire o\u00f9 trouver les infos.<\/p>\n<p><strong>Faut-il avoir des ordinateurs r\u00e9cents ?<\/strong><br \/>\nLes logiciels libres ne sont pas gourmands. \u00c7a tourne tr\u00e8s bien sur des machines qui ont quelques ann\u00e9es. Nous invitons les gens \u00e0 venir avec leurs unit\u00e9s centrales. Sur place, ils trouveront des \u00e9crans, claviers, souris.<\/p>\n<p>Que faire du mat\u00e9riel obsol\u00e8te ?<br \/>\nLa journ\u00e9e permettra de r\u00e9cup\u00e9rer les ordinateurs anciens. Si nous pouvons leur donner une nouvelle vie, ils seront remis \u00e0 z\u00e9ro et enti\u00e8rement dot\u00e9s de logiciels libres. Ils seront ensuite distribu\u00e9s \u00e0 l\u2019\u00e9picerie sociale ou au Tri porteur. Si leur r\u00e9emploi est impossible, ils seront \u00e9vacu\u00e9s dans la fili\u00e8re des d\u00e9chets D3E.<\/p>\n<p>Pratique Samedi, de 10h \u00e0 17h salle Cornouaille (ancien commissariat). Toute la journ\u00e9e, d\u00e9monstration et installation de logiciels libres. \u00c0 14h, atelier Open Office, la bureautique libre. Entr\u00e9e libre.<\/p>\n","protected":false},"excerpt":{"rendered":"<p>\u00c0 l\u2019initiative d\u2019une dizaine de personnes, une journ\u00e9e d\u2019installation de logiciels libres et une bourse informatique est programm\u00e9e samedi. Cette animation s\u2019inscrit dans le cadre de la journ\u00e9e nationale \u00ab Libre en f\u00eate \u00bb qui vise \u00e0 la promotion des logiciels libres. Fr\u00e9d\u00e9ric Le Sao\u00fbt et Ga\u00ebl Kermarrec sont parmi ceux qui mettront leurs comp\u00e9tences [&hellip;]<\/p>\n","protected":false},"author":2,"featured_media":0,"comment_status":"closed","ping_status":"closed","sticky":false,"template":"","format":"standard","meta":{"spay_email":"","jetpack_publicize_message":"","jetpack_is_tweetstorm":false,"jetpack_publicize_feature_enabled":true},"categories":[12],"tags":[],"jetpack_featured_media_url":"","jetpack_publicize_connections":[],"jetpack_sharing_enabled":true,"jetpack_shortlink":"https:\/\/wp.me\/pE6pS-8Z","_links":{"self":[{"href":"https:\/\/www.landerneau-ecologie.org\/index.php?rest_route=\/wp\/v2\/posts\/557"}],"collection":[{"href":"https:\/\/www.landerneau-ecologie.org\/index.php?rest_route=\/wp\/v2\/posts"}],"about":[{"href":"https:\/\/www.landerneau-ecologie.org\/index.php?rest_route=\/wp\/v2\/types\/post"}],"author":[{"embeddable":true,"href":"https:\/\/www.landerneau-ecologie.org\/index.php?rest_route=\/wp\/v2\/users\/2"}],"replies":[{"embeddable":true,"href":"https:\/\/www.landerneau-ecologie.org\/index.php?rest_route=%2Fwp%2Fv2%2Fcomments&post=557"}],"version-history":[{"count":0,"href":"https:\/\/www.landerneau-ecologie.org\/index.php?rest_route=\/wp\/v2\/posts\/557\/revisions"}],"wp:attachment":[{"href":"https:\/\/www.landerneau-ecologie.org\/index.php?rest_route=%2Fwp%2Fv2%2Fmedia&parent=557"}],"wp:term":[{"taxonomy":"category","embeddable":true,"href":"https:\/\/www.landerneau-ecologie.org\/index.php?rest_route=%2Fwp%2Fv2%2Fcategories&post=557"},{"taxonomy":"post_tag","embeddable":true,"href":"https:\/\/www.landerneau-ecologie.org\/index.php?rest_route=%2Fwp%2Fv2%2Ftags&post=557"}],"curies":[{"name":"wp","href":"https:\/\/api.w.org\/{rel}","templated":true}]}}