{"id":546,"date":"2008-12-04T19:30:32","date_gmt":"2008-12-04T17:30:32","guid":{"rendered":"http:\/\/www.landerneau-ecologie.org\/?p=546"},"modified":"2010-03-27T19:41:03","modified_gmt":"2010-03-27T17:41:03","slug":"pietons-en-ville-une-urgence-amenager-le-bois-du-tourous","status":"publish","type":"post","link":"https:\/\/www.landerneau-ecologie.org\/?p=546","title":{"rendered":"Pi\u00e9tons en ville, une urgence : am\u00e9nager le bois du Tourous."},"content":{"rendered":"<p>Lettre adress\u00e9e au maire de Landerneau dans le cadre de la concertation sur la circulation en ville.<br \/>\n<img loading=\"lazy\" class=\"aligncenter size-full wp-image-547\" title=\"Entr\u00e9e\" src=\"https:\/\/i0.wp.com\/www.landerneau-ecologie.org\/wp-content\/uploads\/2010\/03\/DSC02121-2.jpg?resize=400%2C300\" alt=\"\" width=\"400\" height=\"300\" srcset=\"https:\/\/i0.wp.com\/www.landerneau-ecologie.org\/wp-content\/uploads\/2010\/03\/DSC02121-2.jpg?w=400&amp;ssl=1 400w, https:\/\/i0.wp.com\/www.landerneau-ecologie.org\/wp-content\/uploads\/2010\/03\/DSC02121-2.jpg?resize=300%2C225&amp;ssl=1 300w\" sizes=\"(max-width: 400px) 100vw, 400px\" data-recalc-dims=\"1\" \/><\/p>\n<p><strong>Pi\u00e9tons en ville, une urgence : am\u00e9nager le bois du Tourous.<\/strong><\/p>\n<p>Quand la quatre-voies p\u00e9n\u00e9trante a coup\u00e9 en deux le bois du Tourous, lieu habituel de promenade \u00e0 pieds des habitants jeunes et anciens des quartiers de Mescoat, de Tr\u00e9maria, du Tourous et de Kergreis on nous l\u2019avait promis : le bois serait rapidement am\u00e9nag\u00e9 pour devenir un agr\u00e9able lieu de promenade qui attirerait les visiteurs bien au-del\u00e0 de la commune. On y parlait m\u00eame de circuits p\u00e9dagogiques o\u00f9 les \u00e9coliers du Tourous, les coll\u00e9giens de Mescoat et les enfants du centre a\u00e9r\u00e9 retrouveraient un peu de la Nature dont la route les a priv\u00e9s.<\/p>\n<p><strong>L\u2019\u00e9tat des lieux aujourd\u2019hui :<\/strong><\/p>\n<ul>\n<li>Partant du carrefour de Mescoat, commence un cheminement agr\u00e9able depuis que l\u2019association &#8220;Mais qu\u2019est-ce que tu fabriques&#8221; en a enlev\u00e9 les d\u00e9chets qui l\u2019encombraient. Cependant trouver l\u2019acc\u00e8s de la passerelle demande un talent sportif.<\/li>\n<li>Le premier obstacle pass\u00e9 on tombe soit sur le grillage limitant le terrain du centre de congr\u00e8s, soit sur un mar\u00e9cage peu praticable.<\/li>\n<li>Le franchissement du grillage par un passage lib\u00e9r\u00e9 par certains concitoyens adeptes de &#8220;l\u2019interdit d\u2019interdire&#8221; et, semble-t-il tol\u00e9r\u00e9 par les responsables du centre de congr\u00e8s, permet de poursuivre le trajet.<\/li>\n<li>Mais rapidement c\u2019est le cul de sac devant un ruisseau bien encombr\u00e9. Faute de jouer les &#8220;Indiana Jones&#8221;, il faut rebrousser chemin.<\/li>\n<li>Nouvel essai en partant de la route de Traon-Beuzit. La mont\u00e9e vers Kergreis est agr\u00e9able. Le chemin longeant les lotissements demande peu d\u2019am\u00e9nagements et un peu de discipline de la part des riverains qui commencent \u00e0 l\u2019encombrer de leurs d\u00e9chets verts.<\/li>\n<li>Reste le probl\u00e8me de la sortie. Au-dessus de la quatre-voies c\u2019est l\u2019\u00e0-pic signal\u00e9 par un d\u00e9risoire piquet de plastique orange. Attention danger !<\/li>\n<\/ul>\n<p><strong>Des propositions \u00e0 court terme :<\/strong><\/p>\n<ul>\n<li>Deux acc\u00e8s faciles \u00e0 la passerelle c\u00f4t\u00e9s nord et sud \u00e0 partir du carrefour de Mescoat.<\/li>\n<li>Passage possible par le site du centre de congr\u00e8s, apr\u00e8s n\u00e9gociation amiable ou par acquisition n\u00e9goci\u00e9e du terrain.<\/li>\n<li>Prolongation du chemin dans le bois jusqu\u2019\u00e0 la rencontre avec la route de Traon-Beuzit et vers Kergreis.<\/li>\n<li>Am\u00e9nagement d\u2019un chemin \u00e0 la sortie du bois au-dessus de la quatre-voies pour un retour commode vers la passerelle.<\/li>\n<li>Am\u00e9nagement et entretien des chemins existants.<\/li>\n<\/ul>\n<p><strong>Des propositions \u00e0 plus long terme :<\/strong><\/p>\n<ul>\n<li>Am\u00e9nagement de la zone humide avec un objectif p\u00e9dagogique.<\/li>\n<li>Am\u00e9nagement dans le m\u00eame esprit de la petite carri\u00e8re c\u00f4t\u00e9 est du bois<\/li>\n<li>Am\u00e9nagement du sous-bois.<\/li>\n<\/ul>\n<p><strong>Objectif :<\/strong><\/p>\n<ul>\n<li>Une promenade naturelle dans la ville sans avoir \u00e0 prendre sa voiture.<\/li>\n<li>Un lieu pour une p\u00e9dagogie de la nature \u00e0 usages multiples<\/li>\n<li>Un lien convivial entre les quartiers de Kergreis, de Traon-Beuzit, de Mescoat, de Tr\u00e9maria et du Tourous.<\/li>\n<\/ul>\n<p><a href=\"https:\/\/i0.wp.com\/www.landerneau-ecologie.org\/wp-content\/uploads\/2010\/03\/Torous.jpg\"><img loading=\"lazy\" class=\"aligncenter size-medium wp-image-548\" title=\"Article de presse\" src=\"https:\/\/i0.wp.com\/www.landerneau-ecologie.org\/wp-content\/uploads\/2010\/03\/Torous.jpg?resize=300%2C162\" alt=\"\" width=\"300\" height=\"162\" srcset=\"https:\/\/i0.wp.com\/www.landerneau-ecologie.org\/wp-content\/uploads\/2010\/03\/Torous.jpg?resize=300%2C162&amp;ssl=1 300w, https:\/\/i0.wp.com\/www.landerneau-ecologie.org\/wp-content\/uploads\/2010\/03\/Torous.jpg?w=700&amp;ssl=1 700w\" sizes=\"(max-width: 300px) 100vw, 300px\" data-recalc-dims=\"1\" \/><\/a><\/p>\n<p><strong>La priorit\u00e9 : le passage \u00e0 travers l\u2019actuel centre de formation du CMB.<\/strong><br \/>\nUne grande partie du probl\u00e8me du cheminement \u00e0 travers le bois du Tourous sera r\u00e9solu si la possibilit\u00e9 est ouverte d\u2019utiliser les chemins actuellement existants sur la propri\u00e9t\u00e9 du CMB.<\/p>\n<p>Une opportunit\u00e9 se pr\u00e9sente avec la volont\u00e9 du CMB de vendre ce centre. Il faudrait donc envisager toutes les possibilit\u00e9s pour que lors de cette vente la partie bois\u00e9e du bas du terrain puisse \u00eatre rachet\u00e9e par la ville ou qu\u2019un droit de passage soit accord\u00e9.<\/p>\n<p>Envisager aussi la possibilit\u00e9 d\u2019un rachat par le Conseil G\u00e9n\u00e9ral d\u00e9j\u00e0 propri\u00e9taire de nombreuses parcelles, en particulier celles voisines du CMB.<\/p>\n<p>L\u2019ultime solution de l\u2019expropriation pour cause d\u2019utilit\u00e9 publique peut aussi \u00eatre envisag\u00e9e comme cela a \u00e9t\u00e9 le cas pour les berges de l\u2019Elorn mais il est certain qu\u2019une solution amiable serait pr\u00e9f\u00e9rable.<br \/>\n<img loading=\"lazy\" class=\"aligncenter size-full wp-image-549\" title=\"Article de presse\" src=\"https:\/\/i0.wp.com\/www.landerneau-ecologie.org\/wp-content\/uploads\/2010\/03\/ScannedImage-10.jpg?resize=400%2C288\" alt=\"\" width=\"400\" height=\"288\" srcset=\"https:\/\/i0.wp.com\/www.landerneau-ecologie.org\/wp-content\/uploads\/2010\/03\/ScannedImage-10.jpg?w=400&amp;ssl=1 400w, https:\/\/i0.wp.com\/www.landerneau-ecologie.org\/wp-content\/uploads\/2010\/03\/ScannedImage-10.jpg?resize=300%2C216&amp;ssl=1 300w\" sizes=\"(max-width: 400px) 100vw, 400px\" data-recalc-dims=\"1\" \/><br \/>\n<strong>Une bonne occasion pour n\u00e9gocier un droit de passage ou la cession de la partie bois\u00e9e.<\/strong><\/p>\n","protected":false},"excerpt":{"rendered":"<p>Lettre adress\u00e9e au maire de Landerneau dans le cadre de la concertation sur la circulation en ville. Pi\u00e9tons en ville, une urgence : am\u00e9nager le bois du Tourous. Quand la quatre-voies p\u00e9n\u00e9trante a coup\u00e9 en deux le bois du Tourous, lieu habituel de promenade \u00e0 pieds des habitants jeunes et anciens des quartiers de Mescoat, [&hellip;]<\/p>\n","protected":false},"author":2,"featured_media":0,"comment_status":"closed","ping_status":"closed","sticky":false,"template":"","format":"standard","meta":{"spay_email":"","jetpack_publicize_message":"","jetpack_is_tweetstorm":false,"jetpack_publicize_feature_enabled":true},"categories":[11],"tags":[],"jetpack_featured_media_url":"","jetpack_publicize_connections":[],"jetpack_sharing_enabled":true,"jetpack_shortlink":"https:\/\/wp.me\/pE6pS-8O","_links":{"self":[{"href":"https:\/\/www.landerneau-ecologie.org\/index.php?rest_route=\/wp\/v2\/posts\/546"}],"collection":[{"href":"https:\/\/www.landerneau-ecologie.org\/index.php?rest_route=\/wp\/v2\/posts"}],"about":[{"href":"https:\/\/www.landerneau-ecologie.org\/index.php?rest_route=\/wp\/v2\/types\/post"}],"author":[{"embeddable":true,"href":"https:\/\/www.landerneau-ecologie.org\/index.php?rest_route=\/wp\/v2\/users\/2"}],"replies":[{"embeddable":true,"href":"https:\/\/www.landerneau-ecologie.org\/index.php?rest_route=%2Fwp%2Fv2%2Fcomments&post=546"}],"version-history":[{"count":0,"href":"https:\/\/www.landerneau-ecologie.org\/index.php?rest_route=\/wp\/v2\/posts\/546\/revisions"}],"wp:attachment":[{"href":"https:\/\/www.landerneau-ecologie.org\/index.php?rest_route=%2Fwp%2Fv2%2Fmedia&parent=546"}],"wp:term":[{"taxonomy":"category","embeddable":true,"href":"https:\/\/www.landerneau-ecologie.org\/index.php?rest_route=%2Fwp%2Fv2%2Fcategories&post=546"},{"taxonomy":"post_tag","embeddable":true,"href":"https:\/\/www.landerneau-ecologie.org\/index.php?rest_route=%2Fwp%2Fv2%2Ftags&post=546"}],"curies":[{"name":"wp","href":"https:\/\/api.w.org\/{rel}","templated":true}]}}