{"id":4337,"date":"2026-04-29T20:23:18","date_gmt":"2026-04-29T18:23:18","guid":{"rendered":"https:\/\/www.landerneau-ecologie.org\/?p=4337"},"modified":"2026-04-29T20:36:23","modified_gmt":"2026-04-29T18:36:23","slug":"hommage-a-marc-laime-lu-a-ses-obseques-au-pere-lachaise-paris-le-27-avril-2026","status":"publish","type":"post","link":"https:\/\/www.landerneau-ecologie.org\/?p=4337","title":{"rendered":"Hommage \u00e0 Marc Laim\u00e9 lu \u00e0 ses obs\u00e8ques au P\u00e8re Lachaise (Paris) le 27 avril 2026."},"content":{"rendered":"\n<p>Marc \u00e9tait un ami avec lequel nous avons men\u00e9 de multiples combats pour l&#8217;eau bien commun de l&#8217;humanit\u00e9. C&#8217;est avec une grande tristesse que nous avons appris son d\u00e9c\u00e8s.<\/p>\n\n\n\n<div class=\"wp-block-image\"><figure class=\"aligncenter size-full is-resized\"><a href=\"https:\/\/i0.wp.com\/www.landerneau-ecologie.org\/wp-content\/uploads\/2026\/04\/marc-laime-2.jpg?ssl=1\"><img loading=\"lazy\" src=\"https:\/\/i0.wp.com\/www.landerneau-ecologie.org\/wp-content\/uploads\/2026\/04\/marc-laime-2.jpg?resize=331%2C306&#038;ssl=1\" alt=\"\" class=\"wp-image-4346\" width=\"331\" height=\"306\" data-recalc-dims=\"1\" \/><\/a><\/figure><\/div>\n\n\n\n<p>Aujourd\u2019hui, nous rendons hommage \u00e0 un homme rare.<\/p>\n\n\n\n<p>Un homme qui n\u2019a jamais cess\u00e9 de se tenir debout face aux injustices, un homme qui refusait de d\u00e9tourner le regard lorsque le monde vacillait, un homme qui a fait de ses combats une \u0153uvre enti\u00e8re.<br>Il n\u2019\u00e9crivait pas seulement pour informer.<br>Il \u00e9crivait pour r\u00e9veiller.<br>Et aujourd\u2019hui encore, ses mots continuent de r\u00e9sonner.<br>Il laisse derri\u00e8re lui bien plus que des textes, des livres ou des combats.<br>Il laisse une trace.<br>Une conscience.<br>Une exigence.<br>Et surtout, un exemple.<br>Celui d\u2019un homme qui aura consacr\u00e9 sa vie \u00e0 d\u00e9fendre ce qui ne peut s\u2019acheter&nbsp;: la v\u00e9rit\u00e9, la justice,et le bien commun.<\/p>\n\n\n\n<div class=\"wp-block-file\"><object class=\"wp-block-file__embed\" data=\"https:\/\/www.landerneau-ecologie.org\/wp-content\/uploads\/2026\/04\/Texte-d_hommage-a-Marc-Laime-lu-a-ses-obseques-au-Pere-Lachaise-Paris-le-27-avril-2026.pdf\" type=\"application\/pdf\" style=\"width:100%;height:600px\" aria-label=\"Contenu embarqu\u00e9 Texte-d_hommage-a-Marc-Laime-lu-a-ses-obseques-au-Pere-Lachaise-Paris-le-27-avril-2026.\"><\/object><a id=\"wp-block-file--media-0be3a70a-0883-49d7-84be-3913e3269c22\" href=\"https:\/\/www.landerneau-ecologie.org\/wp-content\/uploads\/2026\/04\/Texte-d_hommage-a-Marc-Laime-lu-a-ses-obseques-au-Pere-Lachaise-Paris-le-27-avril-2026.pdf\">Texte-d_hommage-a-Marc-Laime-lu-a-ses-obseques-au-Pere-Lachaise-Paris-le-27-avril-2026<\/a><a href=\"https:\/\/www.landerneau-ecologie.org\/wp-content\/uploads\/2026\/04\/Texte-d_hommage-a-Marc-Laime-lu-a-ses-obseques-au-Pere-Lachaise-Paris-le-27-avril-2026.pdf\" class=\"wp-block-file__button\" download aria-describedby=\"wp-block-file--media-0be3a70a-0883-49d7-84be-3913e3269c22\">T\u00e9l\u00e9charger<\/a><\/div>\n","protected":false},"excerpt":{"rendered":"<p>Marc \u00e9tait un ami avec lequel nous avons men\u00e9 de multiples combats pour l&#8217;eau bien commun de l&#8217;humanit\u00e9. C&#8217;est avec une grande tristesse que nous avons appris son d\u00e9c\u00e8s. Aujourd\u2019hui, nous rendons hommage \u00e0 un homme rare. Un homme qui n\u2019a jamais cess\u00e9 de se tenir debout face aux injustices, un homme qui refusait de [&hellip;]<\/p>\n","protected":false},"author":2,"featured_media":0,"comment_status":"closed","ping_status":"closed","sticky":false,"template":"","format":"standard","meta":{"spay_email":"","jetpack_publicize_message":"","jetpack_is_tweetstorm":false,"jetpack_publicize_feature_enabled":true},"categories":[1],"tags":[],"jetpack_featured_media_url":"","jetpack_publicize_connections":[],"jetpack_sharing_enabled":true,"jetpack_shortlink":"https:\/\/wp.me\/pE6pS-17X","_links":{"self":[{"href":"https:\/\/www.landerneau-ecologie.org\/index.php?rest_route=\/wp\/v2\/posts\/4337"}],"collection":[{"href":"https:\/\/www.landerneau-ecologie.org\/index.php?rest_route=\/wp\/v2\/posts"}],"about":[{"href":"https:\/\/www.landerneau-ecologie.org\/index.php?rest_route=\/wp\/v2\/types\/post"}],"author":[{"embeddable":true,"href":"https:\/\/www.landerneau-ecologie.org\/index.php?rest_route=\/wp\/v2\/users\/2"}],"replies":[{"embeddable":true,"href":"https:\/\/www.landerneau-ecologie.org\/index.php?rest_route=%2Fwp%2Fv2%2Fcomments&post=4337"}],"version-history":[{"count":5,"href":"https:\/\/www.landerneau-ecologie.org\/index.php?rest_route=\/wp\/v2\/posts\/4337\/revisions"}],"predecessor-version":[{"id":4349,"href":"https:\/\/www.landerneau-ecologie.org\/index.php?rest_route=\/wp\/v2\/posts\/4337\/revisions\/4349"}],"wp:attachment":[{"href":"https:\/\/www.landerneau-ecologie.org\/index.php?rest_route=%2Fwp%2Fv2%2Fmedia&parent=4337"}],"wp:term":[{"taxonomy":"category","embeddable":true,"href":"https:\/\/www.landerneau-ecologie.org\/index.php?rest_route=%2Fwp%2Fv2%2Fcategories&post=4337"},{"taxonomy":"post_tag","embeddable":true,"href":"https:\/\/www.landerneau-ecologie.org\/index.php?rest_route=%2Fwp%2Fv2%2Ftags&post=4337"}],"curies":[{"name":"wp","href":"https:\/\/api.w.org\/{rel}","templated":true}]}}