{"id":4304,"date":"2026-03-11T15:35:06","date_gmt":"2026-03-11T13:35:06","guid":{"rendered":"https:\/\/www.landerneau-ecologie.org\/?p=4304"},"modified":"2026-03-11T15:35:06","modified_gmt":"2026-03-11T13:35:06","slug":"projet-de-zac-de-lanvian-saint-divy-refusons-lartificialisation-de-pres-de-45-ha-de-terres-agricoles-nourricieres-laugmentation-des-risques-dinondation-les-nuisances-sonores-et-routi","status":"publish","type":"post","link":"https:\/\/www.landerneau-ecologie.org\/?p=4304","title":{"rendered":"Projet de ZAC de Lanvian (Saint-Divy). Refusons l&#8217;artificialisation de pr\u00e8s de 45 ha de terres agricoles nourrici\u00e8res, l&#8217;augmentation des risques d\u2019inondation, les nuisances sonores et routi\u00e8res concentr\u00e9es pr\u00e8s du bourg de Saint-Divy."},"content":{"rendered":"\n<figure class=\"wp-block-image size-full is-resized\"><a href=\"https:\/\/i0.wp.com\/www.landerneau-ecologie.org\/wp-content\/uploads\/2026\/03\/ZAC-Lanvian.02.png?ssl=1\"><img loading=\"lazy\" src=\"https:\/\/i0.wp.com\/www.landerneau-ecologie.org\/wp-content\/uploads\/2026\/03\/ZAC-Lanvian.02.png?resize=829%2C662&#038;ssl=1\" alt=\"\" class=\"wp-image-4305\" width=\"829\" height=\"662\" srcset=\"https:\/\/i0.wp.com\/www.landerneau-ecologie.org\/wp-content\/uploads\/2026\/03\/ZAC-Lanvian.02.png?w=641&amp;ssl=1 641w, https:\/\/i0.wp.com\/www.landerneau-ecologie.org\/wp-content\/uploads\/2026\/03\/ZAC-Lanvian.02.png?resize=300%2C240&amp;ssl=1 300w\" sizes=\"(max-width: 829px) 100vw, 829px\" data-recalc-dims=\"1\" \/><\/a><\/figure>\n\n\n\n<p>Les \u00e9cologistes de la communaut\u00e9 d\u2019agglom\u00e9ration de Landerneau-Daoulas ont toujours alert\u00e9 sur les m\u00e9faits de l\u2019artificialisation des terres agricoles. Dans un contexte de changement climatique clairement visible, l\u2019artificialisation des terres exacerbe l\u2019intensit\u00e9 des inondations. C\u2019\u00e9tait d\u2019ailleurs une des raisons qui nous avait conduit \u00e0 nous mobiliser contre le PLUI de Landerneau-Daoulas en 2020.<\/p>\n\n\n\n<p>Le projet de ZAC de Lanvian de Saint-Divy est l\u2019exemple m\u00eame de projet auquel nous devons renoncer&nbsp;: artificialisation de pr\u00e8s de 45 ha de terres agricoles nourrici\u00e8res, augmentation des risques d\u2019inondation, nuisances sonores et routi\u00e8res concentr\u00e9es pr\u00e8s du bourg de Saint-Divy.<\/p>\n\n\n\n<p>Par ailleurs nous constatons que cette ZAC a \u00e9volu\u00e9. Au d\u00e9part, il s\u2019agissait d\u2019accueillir des entreprises structurantes pour d\u00e9velopper l\u2019emploi dans le Pays de Brest. Dor\u00e9navant la ZAC a pour vocation de d\u00e9placer le centre logistique E. Leclerc et sa centrale d\u2019achat, qui quitteraient Landerneau. Ceci n\u2019a aucun int\u00e9r\u00eat pour l\u2019int\u00e9r\u00eat g\u00e9n\u00e9ral.<\/p>\n\n\n\n<p>Ceci appelle 2 remarques<br>1 \u2013 contrairement \u00e0 la d\u00e9lib\u00e9ration vot\u00e9e \u00e0 l\u2019unanimit\u00e9 en d\u00e9cembre 2025, il n\u2019y a pas de cr\u00e9ation d\u2019emplois \u00e0 l\u2019\u00e9chelle du Pays de Brest. Il y a, au mieux, un transfert.<\/p>\n\n\n\n<p>2 \u2013 \u00e0 nouveau, les \u00e9lus de la Communaut\u00e9 d\u2019agglom\u00e9ration de Landerneau-Daoulas encouragent le d\u00e9veloppement de la grande distribution au d\u00e9triment de l\u2019emploi et du commerce de proximit\u00e9. Apr\u00e8s le drive \u00e0 Saint-Thonan, l\u2019augmentation de la surface du supermarch\u00e9 de Landerneau, les \u00e9lus approuvent l\u2019augmentation du potentiel de la structure de stockage.<\/p>\n\n\n\n<p>Ce d\u00e9bat s\u2019inscrit en derni\u00e8re minute lors de la campagne des municipales. Comme les candidats ont compl\u00e8tement shunter les projets de l\u2019agglom\u00e9ration, nous les encourageons \u00e0 rendre public leur position sur ce projet. Nous les incitons aussi \u00e0 pr\u00e9senter les projets qu\u2019ils porteront \u00e0 la communaut\u00e9 d\u2019agglom\u00e9ration pour les 6 prochaines ann\u00e9es car c\u2019est ici qu\u2019on a la possibilit\u00e9 d\u2019am\u00e9liorer les services \u00e0 la population et d\u2019agir pour r\u00e9duire les impacts du changement climatique.<\/p>\n\n\n\n<p>Le 11 mars 2026<br>Pour Europe Ecologie les Verts de Landerneau-Daoulas<br>Christophe Winckler<\/p>\n","protected":false},"excerpt":{"rendered":"<p>Les \u00e9cologistes de la communaut\u00e9 d\u2019agglom\u00e9ration de Landerneau-Daoulas ont toujours alert\u00e9 sur les m\u00e9faits de l\u2019artificialisation des terres agricoles. Dans un contexte de changement climatique clairement visible, l\u2019artificialisation des terres exacerbe l\u2019intensit\u00e9 des inondations. C\u2019\u00e9tait d\u2019ailleurs une des raisons qui nous avait conduit \u00e0 nous mobiliser contre le PLUI de Landerneau-Daoulas en 2020. Le projet [&hellip;]<\/p>\n","protected":false},"author":2,"featured_media":0,"comment_status":"closed","ping_status":"closed","sticky":false,"template":"","format":"standard","meta":{"spay_email":"","jetpack_publicize_message":"","jetpack_is_tweetstorm":false,"jetpack_publicize_feature_enabled":true},"categories":[1],"tags":[],"jetpack_featured_media_url":"","jetpack_publicize_connections":[],"jetpack_sharing_enabled":true,"jetpack_shortlink":"https:\/\/wp.me\/pE6pS-17q","_links":{"self":[{"href":"https:\/\/www.landerneau-ecologie.org\/index.php?rest_route=\/wp\/v2\/posts\/4304"}],"collection":[{"href":"https:\/\/www.landerneau-ecologie.org\/index.php?rest_route=\/wp\/v2\/posts"}],"about":[{"href":"https:\/\/www.landerneau-ecologie.org\/index.php?rest_route=\/wp\/v2\/types\/post"}],"author":[{"embeddable":true,"href":"https:\/\/www.landerneau-ecologie.org\/index.php?rest_route=\/wp\/v2\/users\/2"}],"replies":[{"embeddable":true,"href":"https:\/\/www.landerneau-ecologie.org\/index.php?rest_route=%2Fwp%2Fv2%2Fcomments&post=4304"}],"version-history":[{"count":1,"href":"https:\/\/www.landerneau-ecologie.org\/index.php?rest_route=\/wp\/v2\/posts\/4304\/revisions"}],"predecessor-version":[{"id":4306,"href":"https:\/\/www.landerneau-ecologie.org\/index.php?rest_route=\/wp\/v2\/posts\/4304\/revisions\/4306"}],"wp:attachment":[{"href":"https:\/\/www.landerneau-ecologie.org\/index.php?rest_route=%2Fwp%2Fv2%2Fmedia&parent=4304"}],"wp:term":[{"taxonomy":"category","embeddable":true,"href":"https:\/\/www.landerneau-ecologie.org\/index.php?rest_route=%2Fwp%2Fv2%2Fcategories&post=4304"},{"taxonomy":"post_tag","embeddable":true,"href":"https:\/\/www.landerneau-ecologie.org\/index.php?rest_route=%2Fwp%2Fv2%2Ftags&post=4304"}],"curies":[{"name":"wp","href":"https:\/\/api.w.org\/{rel}","templated":true}]}}