{"id":3901,"date":"2024-10-02T15:50:44","date_gmt":"2024-10-02T13:50:44","guid":{"rendered":"http:\/\/www.landerneau-ecologie.org\/?p=3901"},"modified":"2024-10-21T14:06:35","modified_gmt":"2024-10-21T12:06:35","slug":"les-ecologistes-et-la-remilitarisation-du-monde","status":"publish","type":"post","link":"https:\/\/www.landerneau-ecologie.org\/?p=3901","title":{"rendered":"LA REMILITARISATION DU MONDE EST EN MARCHE. QU&#8217;EN PENSENT LES ECOLOGISTES ?"},"content":{"rendered":"\n<p><\/p>\n\n\n\n<p><\/p>\n\n\n\n<p class=\"has-text-align-center\"><strong>R\u00e9sum\u00e9, par Laurent Lintanf, de son intervention aux Journ\u00e9es des \u00c9cologistes de Bretagne &#8211; 09-24<\/strong><br><\/p>\n\n\n\n<p><\/p>\n\n\n\n<p><\/p>\n\n\n\n<p><strong><em>La remilitarisation du monde est en marche. Le total des d\u00e9penses militaires<br>mondiales d&#8217;armement s\u2019\u00e9levait \u00e0 2 443 milliards de dollars en 2023. Un record !\u2026<br>En France, le budget de la Loi de Programmation Militaire explose : 413 milliards<br>d&#8217;euros, y compris pour l&#8217;armement nucl\u00e9aire, qui voit m\u00eame son budget augmenter<br>de 52 % !\u2026 Qu&#8217;en pensent les \u00c9cologistes ?\u2026<\/em><\/strong><br><\/p>\n\n\n\n<p><\/p>\n\n\n\n<p>Les ann\u00e9es 70-80 connurent de grandes luttes qui contribu\u00e8rent \u00e0 l&#8217;\u00e9mergence de l\u2019\u00c9cologie<br>Politique : opposition \u00e0 l&#8217;extension du camp militaire du Larzac, manifestations contre<br>l&#8217;implantation de missiles am\u00e9ricains sur le sol europ\u00e9en\u2026 A l&#8217;\u00e9poque, les Gr\u00fcnen se<br>d\u00e9finissaient d&#8217;ailleurs eux-m\u00eames en tant qu&#8217;\u00e9colos-pacifistes\u2026<br><\/p>\n\n\n\n<p><\/p>\n\n\n\n<p>Aujourd&#8217;hui les choses semblent avoir chang\u00e9. En France, les parlementaires \u00e9cologistes ne se<br>sont pas oppos\u00e9s \u00e0 l&#8217;augmentation de la Loi de Programmation Militaire. En Allemagne, la<br>ministre Verte des affaires \u00e9trang\u00e8res se dit favorable \u00e0 l&#8217;implantation de missiles am\u00e9ricains sur<br>son sol\u2026<br><\/p>\n\n\n\n<p><\/p>\n\n\n\n<p>La faute \u00e0 un contexte plus inqui\u00e9tant qu&#8217;hier ?\u2026 Pas du tout \u00e9vident. Dans les ann\u00e9es 80,<br>l&#8217;URSS braquait ses missiles SS-20 sur l&#8217;Europe occidentale, et malgr\u00e9 cette menace, les<br>\u00c9cologistes de l&#8217;\u00e9poque se refusaient \u00e0 entrer dans cette logique mortif\u00e8re. <strong><em>(1)<\/em><\/strong><br><\/p>\n\n\n\n<p><\/p>\n\n\n\n<p><strong>Alors, en 2024, quelle mission, quel r\u00f4le, quelle parole, pour les \u00c9cologistes, dans ce<br>contexte inqui\u00e9tant de relance de la course aux armements, que certains qualifient<br>carr\u00e9ment de \u00ab course \u00e0 l&#8217;ab\u00eeme \u00bb ?\u2026<\/strong><br><\/p>\n\n\n\n<p><\/p>\n\n\n\n<p>Les \u00c9cologistes ne doivent-ils pas avant tout, mettre en garde contre cette funeste m\u00e9canique<br>que personne ne peut pr\u00e9tendre ma\u00eetriser ? Notre r\u00f4le ne consiste-t-il pas \u00e0 en appeler \u00e0 une<br>autre approche, un autre chemin ?<br><\/p>\n\n\n\n<p><\/p>\n\n\n\n<p>Autrement dit, plut\u00f4t que de contribuer, comme tout le monde, \u00e0 cette mortif\u00e8re remilitarisation<br>de la plan\u00e8te, notre devoir en tant qu\u2019\u00c9cologistes, ne consiste-t-il pas d&#8217;abord, \u00e0 assumer notre<br>vocation de \u00ab lanceur d&#8217;alerte \u00bb ?\u2026<br><\/p>\n\n\n\n<p><\/p>\n\n\n\n<p class=\"has-text-align-left\"><strong>Car si Les \u00c9cologistes ne le font pas, qui d&#8217;autre pour le faire ?<\/strong><br><\/p>\n\n\n\n<p><\/p>\n\n\n\n<p>Ainsi, plut\u00f4t que de nous associer \u00e0 ce toujours plus de missiles, plus de chars, plus de<br>drones\u2026 ne devons-nous pas rappeler avec force, que les fondements d&#8217;une paix durable,<br>d\u00e9pendent bien plus de la mani\u00e8re dont nos relations internationales sont g\u00e9r\u00e9es, que du<br>nombre de chars que poss\u00e8de chaque \u00c9tat ?<br><\/p>\n\n\n\n<p><\/p>\n\n\n\n<p>Il aura fallu l&#8217;horreur de 14-18 et ses 19 millions de morts, pour tenter la fameuse SDN, la<br>Soci\u00e9t\u00e9 des Nations, puis nous avons eu la trag\u00e9die de 39-45 et ses 60 \u00e0 80 millions de morts.<br>Et nous avons alors tent\u00e9 l&#8217;ONU\u2026 Enfin conscients, du fait que la pierre angulaire d&#8217;une paix<br>durable r\u00e9side avant tout dans le multilat\u00e9ralisme, la diplomatie, la n\u00e9gociation et la m\u00e9diation.<br><\/p>\n\n\n\n<p><\/p>\n\n\n\n<p>Alors, si le multilat\u00e9ralisme est effectivement en panne aujourd&#8217;hui, l&#8217;urgence ne consiste-t-elle<br>pas \u00e0 tout faire pour le d\u00e9bloquer ? Et n&#8217;est-ce pas l\u00e0 le combat prioritaire que doivent mener<br>les \u00c9cologistes ? Car si les \u00c9cologistes ne le font pas, qui d&#8217;autre pour le faire ?\u2026<br><\/p>\n\n\n\n<p><\/p>\n\n\n\n<p>Qui d&#8217;autre, pour exhorter les \u00c9tats \u00e0 ne pas se laisser engloutir par la spirale infernale du<br>r\u00e9armement, pour les exhorter \u00e0 tout mettre en \u0153uvre :<\/p>\n\n\n\n<p><br>\u2022 pour rendre sa puissance \u00e0 une ONU enfin r\u00e9nov\u00e9e<\/p>\n\n\n\n<p><br>\u2022 pour redynamiser la Diplomatie pr\u00e9ventive qui fait tant d\u00e9faut aujourd&#8217;hui<\/p>\n\n\n\n<p><br>\u2022 pour d\u00e9multiplier les outils et dispositifs de n\u00e9gociations, m\u00e9diations, qui ont d\u00e9j\u00e0 fait leurs preuves par le pass\u00e9 pour peu qu&#8217;on leur en donne les moyens.<br><\/p>\n\n\n\n<p><\/p>\n\n\n\n<p><\/p>\n\n\n\n<p>Mais aussi pour rappeler que la d\u00e9fense d&#8217;une soci\u00e9t\u00e9, de sa d\u00e9mocratie, de sa paix\u2026 peut<br>\u00e9galement passer par ce concept encore si peu connu aujourd&#8217;hui de \u00ab D\u00e9fense Civile Non-<br>Violente \u00bb. Un concept si prometteur, qu&#8217;un Institut a m\u00eame \u00e9t\u00e9 cr\u00e9\u00e9 en 1984 ; l&#8217;IRNC : Institut<br>de R\u00e9solution Non-violente des Conflits.<br><\/p>\n\n\n\n<p><\/p>\n\n\n\n<p>Comment donc imaginer que les \u00c9cologistes ne soient pas avant tout les ardents<br>promoteurs de telles approches ? N&#8217;est-ce d&#8217;ailleurs pas la contribution la plus utile<br>que l&#8217;on pourrait attendre d&#8217;eux aujourd&#8217;hui en mati\u00e8re de S\u00e9curit\u00e9 Collective ?\u2026<br><\/p>\n\n\n\n<p>Ca<strong>r si m\u00eame Les \u00c9cologistes n&#8217;en parlent pas, qui d&#8217;autre le fera ?\u2026<\/strong><br><\/p>\n\n\n\n<p>Et finalement, n&#8217;est-il pas \u00ab doux r\u00eaveur \u00bb celui qui croit au mythe d&#8217;une paix durable, via un<br>r\u00e9armement mondial, au mythe d&#8217;une paix durable, \u00e0 l&#8217;ombre de toujours plus d&#8217;ogives<br>nucl\u00e9aires ?\u2026<br><\/p>\n\n\n\n<p>2 443 milliards de dollars en 2023 pour les armements !\u2026 Une v\u00e9ritable ruine pour les<br>ressources financi\u00e8res de tous les \u00c9tats, une menace sur l&#8217;ensemble du Vivant et de la plan\u00e8te.<br>Mais aussi, autant de moyens financiers qui n&#8217;iront pas \u00e0 la lutte contre le R\u00e9chauffement<br>Climatique ; un R\u00e9chauffement Climatique qui sera \u00e0 son tour cause de guerres \u00e0 venir !\u2026<br><\/p>\n\n\n\n<p><strong>En 1973, Ren\u00e9 Dumont nous appelait \u00e0 choisir entre \u00ab L&#8217;Utopie ou la Mort \u00bb.<br>En 2024, Les \u00c9cologistes ne doivent-ils pas, de toute urgence, renouveler cet appel ?\u2026Et si c&#8217;\u00e9tait \u00e7a, \u00ab Le Boulot des \u00c9colos \u00bb ?\u2026<\/strong><\/p>\n\n\n\n<p><\/p>\n\n\n\n<p><\/p>\n\n\n\n<p><strong><em>(1)<\/em><\/strong> voir : <a href=\"http:\/\/plogoff-chronique-de-la-lutte.over-blog.com\/2017\/04\/guerre-des-missiles-en-europe.pershings-contre-ss20.html\"><strong>Au coeur de la cible nucl\u00e9aire. Sous la menace des Pershing et des SS20.<\/strong><\/a><\/p>\n\n\n\n<p><\/p>\n\n\n\n<p>Voir sur Ouest-France.<\/p>\n\n\n\n<h1><a href=\"https:\/\/www.ouest-france.fr\/medias\/ouest-france\/courrier-des-lecteurs\/guerre-et-paix-la-remilitarisation-du-monde-est-en-marche-2ca29fa2-8a32-11ef-a747-441efd5dcd49\">Guerre et paix. \u00ab\u00a0La remilitarisation du monde est en marche\u00a0\u00bb<\/a><\/h1>\n\n\n\n<p><strong>Courrier des lectrices et des lecteurs. \u00ab\u00a0Quand donc sortirons-nous, du nouvel \u00ab\u00a0aveuglement collectif\u00a0\u00bb qui se traduit par la folle course aux armements, y compris nucl\u00e9aires\u00a0? N\u2019est-il pas doux \u00ab\u00a0r\u00eaveur\u00a0\u00bb celui qui croit au mythe d\u2019une paix durable via un r\u00e9armement mondial\u00a0? 2\u00a0443\u00a0milliards de dollars en 2023 pour les armements\u00a0! Autant de moyens financiers qui n\u2019iront pas \u00e0 la lutte contre le r\u00e9chauffement climatique. Un r\u00e9chauffement climatique qui sera cause de guerres \u00e0 venir\u00a0!\u00a0\u00bb<\/strong><\/p>\n\n\n\n<p><strong><a href=\"https:\/\/www.ouest-france.fr\/medias\/ouest-france\/courrier-des-lecteurs\/guerre-et-paix-la-remilitarisation-du-monde-est-en-marche-2ca29fa2-8a32-11ef-a747-441efd5dcd49\">La suite<\/a><\/strong><\/p>\n\n\n\n<p><\/p>\n","protected":false},"excerpt":{"rendered":"<p>R\u00e9sum\u00e9, par Laurent Lintanf, de son intervention aux Journ\u00e9es des \u00c9cologistes de Bretagne &#8211; 09-24 La remilitarisation du monde est en marche. Le total des d\u00e9penses militairesmondiales d&#8217;armement s\u2019\u00e9levait \u00e0 2 443 milliards de dollars en 2023. Un record !\u2026En France, le budget de la Loi de Programmation Militaire explose : 413 milliardsd&#8217;euros, y compris [&hellip;]<\/p>\n","protected":false},"author":2,"featured_media":0,"comment_status":"closed","ping_status":"closed","sticky":false,"template":"","format":"standard","meta":{"spay_email":"","jetpack_publicize_message":"","jetpack_is_tweetstorm":false,"jetpack_publicize_feature_enabled":true},"categories":[1],"tags":[],"jetpack_featured_media_url":"","jetpack_publicize_connections":[],"jetpack_sharing_enabled":true,"jetpack_shortlink":"https:\/\/wp.me\/pE6pS-10V","_links":{"self":[{"href":"https:\/\/www.landerneau-ecologie.org\/index.php?rest_route=\/wp\/v2\/posts\/3901"}],"collection":[{"href":"https:\/\/www.landerneau-ecologie.org\/index.php?rest_route=\/wp\/v2\/posts"}],"about":[{"href":"https:\/\/www.landerneau-ecologie.org\/index.php?rest_route=\/wp\/v2\/types\/post"}],"author":[{"embeddable":true,"href":"https:\/\/www.landerneau-ecologie.org\/index.php?rest_route=\/wp\/v2\/users\/2"}],"replies":[{"embeddable":true,"href":"https:\/\/www.landerneau-ecologie.org\/index.php?rest_route=%2Fwp%2Fv2%2Fcomments&post=3901"}],"version-history":[{"count":9,"href":"https:\/\/www.landerneau-ecologie.org\/index.php?rest_route=\/wp\/v2\/posts\/3901\/revisions"}],"predecessor-version":[{"id":3941,"href":"https:\/\/www.landerneau-ecologie.org\/index.php?rest_route=\/wp\/v2\/posts\/3901\/revisions\/3941"}],"wp:attachment":[{"href":"https:\/\/www.landerneau-ecologie.org\/index.php?rest_route=%2Fwp%2Fv2%2Fmedia&parent=3901"}],"wp:term":[{"taxonomy":"category","embeddable":true,"href":"https:\/\/www.landerneau-ecologie.org\/index.php?rest_route=%2Fwp%2Fv2%2Fcategories&post=3901"},{"taxonomy":"post_tag","embeddable":true,"href":"https:\/\/www.landerneau-ecologie.org\/index.php?rest_route=%2Fwp%2Fv2%2Ftags&post=3901"}],"curies":[{"name":"wp","href":"https:\/\/api.w.org\/{rel}","templated":true}]}}