{"id":326,"date":"2009-10-11T18:51:17","date_gmt":"2009-10-11T16:51:17","guid":{"rendered":"http:\/\/www.landerneau-ecologie.org\/?p=326"},"modified":"2009-10-14T20:28:00","modified_gmt":"2009-10-14T18:28:00","slug":"landerneau-signe-pour-lincineration","status":"publish","type":"post","link":"https:\/\/www.landerneau-ecologie.org\/?p=326","title":{"rendered":"Landerneau &#8220;signe&#8221; pour l&#8217;incin\u00e9ration"},"content":{"rendered":"<p style=\"text-align: justify;\">\u00abRefuser l&#8217;incin\u00e9ration pour Landerneau\/Daoulas\u00bb \u00e9tait le titre de notre communiqu\u00e9 de presse du 24 octobre 2008. Ce communiqu\u00e9 suivait l&#8217;annonce de l&#8217;arr\u00eat du compostage sur le site de Saint Eloi \u00e0 partir du mois de janvier 2009 et sa substitution par l&#8217;incin\u00e9ration. On nous avait r\u00e9pondu \u00e0 l&#8217;\u00e9poque: \u00abne vous inqui\u00e9tez-pas, ce n&#8217;est qu&#8217;une mesure transitoire&#8230;.\u00bb.<\/p>\n<p style=\"text-align: justify;\">Ces d\u00e9clarations ne visaient-elles qu&#8217;\u00e0 nous endormir ?<\/p>\n<p style=\"text-align: justify;\">On peut se le demander dans la mesure o\u00f9, durant l&#8217;\u00e9t\u00e9, le conseil du SIVALOM a d\u00e9cid\u00e9 d&#8217;interrompre sa d\u00e9marche de r\u00e9novation de l&#8217;usine et de conforter la fili\u00e8re incin\u00e9ration.<br \/>\nCe revirement est \u00e9tonnant, car lors du conseil du SIVALOM du mois de mars 2009, les \u00e9lus affirmaient que l&#8217;objectif \u00e9tait de d\u00e9poser un permis de construire pour une unit\u00e9 de compostage moderne en septembre 2009. L&#8217;explication se trouve probablement dans la n\u00e9gociation, ou bien le bras de fer entre BMO et le SIVALOM qui a eu lieu en juin. A l&#8217;issu de cette intervention, les \u00e9lus du SIVALOM se sont finalement r\u00e9sign\u00e9s \u00e0 suivre l&#8217;avis du vice-pr\u00e9sident de BMO, enjoignant le SIVALOM \u00e0 renoncer \u00e0 son projet et \u00e0 privil\u00e9gier les incin\u00e9rateurs du Finist\u00e8re.<br \/>\nAlors que les \u00e9cologistes et les associations de protection de la nature demandaient de planifier la fermeture des incin\u00e9rateurs du d\u00e9partement en surnombre, les \u00e9lus du SIVALOM confortent l&#8217;incin\u00e9ration et n&#8217;affrontent pas l&#8217;enjeu de la valorisation organique des d\u00e9chets. De ce point de vue, et avec l&#8217;accord de BMO, ils foulent du pied l&#8217;une des mesures phare du plan d\u00e9partemental d&#8217;\u00e9limination des d\u00e9chets du Finist\u00e8re approuv\u00e9 en d\u00e9but d&#8217;ann\u00e9e 2009 puisqu&#8217;il \u00e9tait pr\u00e9vu, \u00e0 br\u00e8ve \u00e9ch\u00e9ance, de r\u00e9nover et cr\u00e9er une plateforme de valorisation des d\u00e9chets organiques dans le nord du d\u00e9partement.<br \/>\nL&#8217;abandon du projet par les \u00e9lus du SIVALOM est \u00e9galement marqu\u00e9 par une d\u00e9cision de nature id\u00e9ologique. En effet, le site de Saint Eloi sera r\u00e9nov\u00e9, mais \u00e0 ce jour on ne sait rien de la fonction de l&#8217;outil qui sera cr\u00e9\u00e9. Par contre il a d\u00e9j\u00e0 \u00e9t\u00e9 d\u00e9cid\u00e9 de confier sa gestion \u00e0 une soci\u00e9t\u00e9 priv\u00e9e. Cette d\u00e9marche est scandaleuse et doit \u00eatre d\u00e9nonc\u00e9e.<br \/>\nLors du pr\u00e9c\u00e9dent mandat, la gestion du SIVALOM a \u00e9t\u00e9 marqu\u00e9e par la politique de l&#8217;abandon, aujourd&#8217;hui c&#8217;est le d\u00e9sordre et l&#8217;approximation qui r\u00e8gnent. Ceci est tout \u00e0 fait d\u00e9plorable alors que nous devrions prendre \u00e0 bras le corps la probl\u00e9matique des d\u00e9chets en limitant les volumes et en am\u00e9liorant les valorisations mati\u00e8res.<\/p>\n","protected":false},"excerpt":{"rendered":"<p>\u00abRefuser l&#8217;incin\u00e9ration pour Landerneau\/Daoulas\u00bb \u00e9tait le titre de notre communiqu\u00e9 de presse du 24 octobre 2008. Ce communiqu\u00e9 suivait l&#8217;annonce de l&#8217;arr\u00eat du compostage sur le site de Saint Eloi \u00e0 partir du mois de janvier 2009 et sa substitution par l&#8217;incin\u00e9ration. On nous avait r\u00e9pondu \u00e0 l&#8217;\u00e9poque: \u00abne vous inqui\u00e9tez-pas, ce n&#8217;est qu&#8217;une mesure [&hellip;]<\/p>\n","protected":false},"author":3,"featured_media":0,"comment_status":"closed","ping_status":"closed","sticky":false,"template":"","format":"standard","meta":{"spay_email":"","jetpack_publicize_message":"","jetpack_is_tweetstorm":false,"jetpack_publicize_feature_enabled":true},"categories":[5],"tags":[],"jetpack_featured_media_url":"","jetpack_publicize_connections":[],"jetpack_sharing_enabled":true,"jetpack_shortlink":"https:\/\/wp.me\/pE6pS-5g","_links":{"self":[{"href":"https:\/\/www.landerneau-ecologie.org\/index.php?rest_route=\/wp\/v2\/posts\/326"}],"collection":[{"href":"https:\/\/www.landerneau-ecologie.org\/index.php?rest_route=\/wp\/v2\/posts"}],"about":[{"href":"https:\/\/www.landerneau-ecologie.org\/index.php?rest_route=\/wp\/v2\/types\/post"}],"author":[{"embeddable":true,"href":"https:\/\/www.landerneau-ecologie.org\/index.php?rest_route=\/wp\/v2\/users\/3"}],"replies":[{"embeddable":true,"href":"https:\/\/www.landerneau-ecologie.org\/index.php?rest_route=%2Fwp%2Fv2%2Fcomments&post=326"}],"version-history":[{"count":0,"href":"https:\/\/www.landerneau-ecologie.org\/index.php?rest_route=\/wp\/v2\/posts\/326\/revisions"}],"wp:attachment":[{"href":"https:\/\/www.landerneau-ecologie.org\/index.php?rest_route=%2Fwp%2Fv2%2Fmedia&parent=326"}],"wp:term":[{"taxonomy":"category","embeddable":true,"href":"https:\/\/www.landerneau-ecologie.org\/index.php?rest_route=%2Fwp%2Fv2%2Fcategories&post=326"},{"taxonomy":"post_tag","embeddable":true,"href":"https:\/\/www.landerneau-ecologie.org\/index.php?rest_route=%2Fwp%2Fv2%2Ftags&post=326"}],"curies":[{"name":"wp","href":"https:\/\/api.w.org\/{rel}","templated":true}]}}