{"id":323,"date":"2009-10-10T18:46:51","date_gmt":"2009-10-10T16:46:51","guid":{"rendered":"http:\/\/www.landerneau-ecologie.org\/?p=323"},"modified":"2009-10-14T21:37:24","modified_gmt":"2009-10-14T19:37:24","slug":"la-demarche-agenda-21-de-la-ville-reduite-a-un-catalogue-de-quelques-actions","status":"publish","type":"post","link":"https:\/\/www.landerneau-ecologie.org\/?p=323","title":{"rendered":"La d\u00e9marche agenda 21 de la ville r\u00e9duite \u00e0 un catalogue de quelques actions"},"content":{"rendered":"<p>Malgr\u00e9 l&#8217;urgence \u00e0 agir pour l&#8217;avenir de notre plan\u00e8te, la municipalit\u00e9 de Landerneau tarde \u00e0 mettre en place la d\u00e9marche de l&#8217;agenda 21 et ne la r\u00e9serve que pour certaines actions bien cibl\u00e9es et qui \u00abcommuniquent\u00bb.<br \/>\nLors du conseil municipal du 2 octobre 2009, D.E.S.\u00a0a fait l&#8217;\u00e9num\u00e9ration des projets qui bafouent la d\u00e9marche Agenda 21 de la ville :<\/p>\n<ul>\n<li>Guide pratique de Landerneau<\/li>\n<li>Fermeture du camping<\/li>\n<li>Rapport du CCAS<\/li>\n<li>Voie de Lanrinou<\/li>\n<li>Du bruit dans Landerneau.<\/li>\n<\/ul>\n","protected":false},"excerpt":{"rendered":"<p>Malgr\u00e9 l&#8217;urgence \u00e0 agir pour l&#8217;avenir de notre plan\u00e8te, la municipalit\u00e9 de Landerneau tarde \u00e0 mettre en place la d\u00e9marche de l&#8217;agenda 21 et ne la r\u00e9serve que pour certaines actions bien cibl\u00e9es et qui \u00abcommuniquent\u00bb. Lors du conseil municipal du 2 octobre 2009, D.E.S.\u00a0a fait l&#8217;\u00e9num\u00e9ration des projets qui bafouent la d\u00e9marche Agenda 21 [&hellip;]<\/p>\n","protected":false},"author":3,"featured_media":0,"comment_status":"closed","ping_status":"closed","sticky":false,"template":"","format":"standard","meta":{"spay_email":"","jetpack_publicize_message":"","jetpack_is_tweetstorm":false,"jetpack_publicize_feature_enabled":true},"categories":[3],"tags":[],"jetpack_featured_media_url":"","jetpack_publicize_connections":[],"jetpack_sharing_enabled":true,"jetpack_shortlink":"https:\/\/wp.me\/pE6pS-5d","_links":{"self":[{"href":"https:\/\/www.landerneau-ecologie.org\/index.php?rest_route=\/wp\/v2\/posts\/323"}],"collection":[{"href":"https:\/\/www.landerneau-ecologie.org\/index.php?rest_route=\/wp\/v2\/posts"}],"about":[{"href":"https:\/\/www.landerneau-ecologie.org\/index.php?rest_route=\/wp\/v2\/types\/post"}],"author":[{"embeddable":true,"href":"https:\/\/www.landerneau-ecologie.org\/index.php?rest_route=\/wp\/v2\/users\/3"}],"replies":[{"embeddable":true,"href":"https:\/\/www.landerneau-ecologie.org\/index.php?rest_route=%2Fwp%2Fv2%2Fcomments&post=323"}],"version-history":[{"count":0,"href":"https:\/\/www.landerneau-ecologie.org\/index.php?rest_route=\/wp\/v2\/posts\/323\/revisions"}],"wp:attachment":[{"href":"https:\/\/www.landerneau-ecologie.org\/index.php?rest_route=%2Fwp%2Fv2%2Fmedia&parent=323"}],"wp:term":[{"taxonomy":"category","embeddable":true,"href":"https:\/\/www.landerneau-ecologie.org\/index.php?rest_route=%2Fwp%2Fv2%2Fcategories&post=323"},{"taxonomy":"post_tag","embeddable":true,"href":"https:\/\/www.landerneau-ecologie.org\/index.php?rest_route=%2Fwp%2Fv2%2Ftags&post=323"}],"curies":[{"name":"wp","href":"https:\/\/api.w.org\/{rel}","templated":true}]}}