{"id":3083,"date":"2021-06-04T21:54:16","date_gmt":"2021-06-04T19:54:16","guid":{"rendered":"http:\/\/www.landerneau-ecologie.org\/?p=3083"},"modified":"2021-06-06T21:24:43","modified_gmt":"2021-06-06T19:24:43","slug":"en-2011-ils-ont-vote-pour-la-construction-de-la-centrale-climaticide-de-total-a-landivisau-en-2021-voterez-vous-pour-eux","status":"publish","type":"post","link":"https:\/\/www.landerneau-ecologie.org\/?p=3083","title":{"rendered":"En 2011, ils ont vot\u00e9 pour la construction de la centrale climaticide de Total \u00e0 Landivisau. En 2021, voterez-vous pour eux ?"},"content":{"rendered":"<p><strong>Le cadeau des h\u00e9ritiers de Le Drian : la derni\u00e8re centrale \u00e9lectrique \u00e0 gaz construite en France !<\/strong> <\/p>\n<p>Leur &#8220;cadeau&#8221; fait \u00e0 la Bretagne : 1 million de tonnes de CO2 par an dans le ciel breton. Une pollution de l\u2019air par les particules fines et les oxydes d&#8217;azote.<\/p>\n<p>Leur cadeau fait \u00e0 Total : 40 millions d\u2019euros de subvention par an pendant 20 ans renouvelables.<\/p>\n<p>Leur cadeau fait \u00e0 ENGIE : l\u2019alimentation de la centrale par le gaz de schiste am\u00e9ricain import\u00e9 par le terminal de Montoir de Bretagne.<\/p>\n<p><a href=\"https:\/\/i0.wp.com\/www.landerneau-ecologie.org\/wp-content\/uploads\/2021\/06\/landi-ilsont-vote-2.png\"><img loading=\"lazy\" src=\"https:\/\/i0.wp.com\/www.landerneau-ecologie.org\/wp-content\/uploads\/2021\/06\/landi-ilsont-vote-2.png?resize=545%2C398\" alt=\"landi ilsont vot\u00e9 (2)\" width=\"545\" height=\"398\" class=\"aligncenter size-full wp-image-3085\" srcset=\"https:\/\/i0.wp.com\/www.landerneau-ecologie.org\/wp-content\/uploads\/2021\/06\/landi-ilsont-vote-2.png?w=545&amp;ssl=1 545w, https:\/\/i0.wp.com\/www.landerneau-ecologie.org\/wp-content\/uploads\/2021\/06\/landi-ilsont-vote-2.png?resize=300%2C219&amp;ssl=1 300w\" sizes=\"(max-width: 545px) 100vw, 545px\" data-recalc-dims=\"1\" \/><\/a><br \/>\n<em>Lo\u00efg Chesnais-Girard, Daniel Cueff et Thierry Burlot sont tous trois candidats aux \u00e9lections r\u00e9gionales 2021 en Bretagne. Dix ans plus t\u00f4t, alors conseillers r\u00e9gionaux, ils ont vot\u00e9 en faveur de la centrale \u00e0 gaz de Landivisiau.<\/em> (<a href=\"https:\/\/www.letelegramme.fr\/dossiers\/centrale-a-gaz-de-landivisiau\/ces-candidats-aux-regionales-qui-ont-vote-pour-la-centrale-au-gaz-de-landivisiau-en-2011-02-06-2021-12760720.php\">le t\u00e9l\u00e9gramme<\/a>)<\/p>\n","protected":false},"excerpt":{"rendered":"<p>Le cadeau des h\u00e9ritiers de Le Drian : la derni\u00e8re centrale \u00e9lectrique \u00e0 gaz construite en France ! Leur &#8220;cadeau&#8221; fait \u00e0 la Bretagne : 1 million de tonnes de CO2 par an dans le ciel breton. Une pollution de l\u2019air par les particules fines et les oxydes d&#8217;azote. Leur cadeau fait \u00e0 Total : [&hellip;]<\/p>\n","protected":false},"author":2,"featured_media":0,"comment_status":"closed","ping_status":"closed","sticky":false,"template":"","format":"standard","meta":{"spay_email":"","jetpack_publicize_message":"","jetpack_is_tweetstorm":false,"jetpack_publicize_feature_enabled":true},"categories":[16,1],"tags":[],"jetpack_featured_media_url":"","jetpack_publicize_connections":[],"jetpack_sharing_enabled":true,"jetpack_shortlink":"https:\/\/wp.me\/pE6pS-NJ","_links":{"self":[{"href":"https:\/\/www.landerneau-ecologie.org\/index.php?rest_route=\/wp\/v2\/posts\/3083"}],"collection":[{"href":"https:\/\/www.landerneau-ecologie.org\/index.php?rest_route=\/wp\/v2\/posts"}],"about":[{"href":"https:\/\/www.landerneau-ecologie.org\/index.php?rest_route=\/wp\/v2\/types\/post"}],"author":[{"embeddable":true,"href":"https:\/\/www.landerneau-ecologie.org\/index.php?rest_route=\/wp\/v2\/users\/2"}],"replies":[{"embeddable":true,"href":"https:\/\/www.landerneau-ecologie.org\/index.php?rest_route=%2Fwp%2Fv2%2Fcomments&post=3083"}],"version-history":[{"count":5,"href":"https:\/\/www.landerneau-ecologie.org\/index.php?rest_route=\/wp\/v2\/posts\/3083\/revisions"}],"predecessor-version":[{"id":3089,"href":"https:\/\/www.landerneau-ecologie.org\/index.php?rest_route=\/wp\/v2\/posts\/3083\/revisions\/3089"}],"wp:attachment":[{"href":"https:\/\/www.landerneau-ecologie.org\/index.php?rest_route=%2Fwp%2Fv2%2Fmedia&parent=3083"}],"wp:term":[{"taxonomy":"category","embeddable":true,"href":"https:\/\/www.landerneau-ecologie.org\/index.php?rest_route=%2Fwp%2Fv2%2Fcategories&post=3083"},{"taxonomy":"post_tag","embeddable":true,"href":"https:\/\/www.landerneau-ecologie.org\/index.php?rest_route=%2Fwp%2Fv2%2Ftags&post=3083"}],"curies":[{"name":"wp","href":"https:\/\/api.w.org\/{rel}","templated":true}]}}