{"id":291,"date":"2008-12-14T18:09:58","date_gmt":"2008-12-14T16:09:58","guid":{"rendered":"http:\/\/www.landerneau-ecologie.org\/?p=291"},"modified":"2009-06-28T18:11:02","modified_gmt":"2009-06-28T16:11:02","slug":"creche-communautaire-halte-a-la-privatisation","status":"publish","type":"post","link":"https:\/\/www.landerneau-ecologie.org\/?p=291","title":{"rendered":"Cr\u00e8che communautaire &#8211; halte \u00e0 la privatisation"},"content":{"rendered":"<p style=\"text-align: justify;\">Une fois de plus, la communaut\u00e9 de communes poursuit sa politique \u00ab \u00e0 droite toute \u00bb et d\u00e9cide, avec l\u2019appui de tous les \u00e9lus dits de gauche, de privatiser la gestion de la cr\u00e8che communautaire.<\/p>\n<p style=\"text-align: justify;\">Lors du conseil du 12 d\u00e9cembre 2008, j\u2019ai commenc\u00e9 mon intervention en d\u00e9clarant que si je voulais \u00eatre bref je me contenterais de <strong>\u00ab  il y en a marre de cette politique visant \u00e0 privatiser les services publics  \u00bb<\/strong>.<\/p>\n<p style=\"text-align: justify;\">Ce qui est grave dans cette affaire est que la communaut\u00e9 de communes se m\u00eale de ce qui ne la regarde pas et ce dont elle n\u2019est pas comp\u00e9tente. Ce sont les communes qui ont la comp\u00e9tence petite enfance et la communaut\u00e9 de communes n\u2019est pas habilit\u00e9e \u00e0 s\u2019ing\u00e9rer dans la gestion des cr\u00e8ches ni d\u2019en d\u00e9l\u00e9guer leur gestion. Il s\u2019agit ici d\u2019un grave abus de pouvoir qui foule du pied l\u2019expression d\u00e9mocratique des collectivit\u00e9s locales.<\/p>\n<p style=\"text-align: justify;\">Le minimum aurait \u00e9t\u00e9 de constituer une commission consultative des services publics dont un des r\u00f4les consiste justement \u00e0 se prononcer en cas de d\u00e9l\u00e9gation de service public. Cela existe \u00e0 Landerneau pour le bus et la gestion de l\u2019eau. La communaut\u00e9 de communes est au dessus des lois !<\/p>\n<p style=\"text-align: justify;\">Il faut refuser la privatisation de la cr\u00e8che communautaire d\u2019entreprise et permettre aux collectivit\u00e9s locales de constituer une structure permettant de g\u00e9rer en commun cet \u00e9tablissement dont l\u2019ouverture est pr\u00e9vue pour l\u2019automne 2010. Il y a donc assez de temps pour organiser une large concertation qui permettra de d\u00e9finir un mode de gestion public r\u00e9pondant aux attentes nombreuses des parents.<\/p>\n","protected":false},"excerpt":{"rendered":"<p>Une fois de plus, la communaut\u00e9 de communes poursuit sa politique \u00ab \u00e0 droite toute \u00bb et d\u00e9cide, avec l\u2019appui de tous les \u00e9lus dits de gauche, de privatiser la gestion de la cr\u00e8che communautaire. Lors du conseil du 12 d\u00e9cembre 2008, j\u2019ai commenc\u00e9 mon intervention en d\u00e9clarant que si je voulais \u00eatre bref je [&hellip;]<\/p>\n","protected":false},"author":3,"featured_media":0,"comment_status":"closed","ping_status":"closed","sticky":false,"template":"","format":"standard","meta":{"spay_email":"","jetpack_publicize_message":"","jetpack_is_tweetstorm":false,"jetpack_publicize_feature_enabled":true},"categories":[7],"tags":[],"jetpack_featured_media_url":"","jetpack_publicize_connections":[],"jetpack_sharing_enabled":true,"jetpack_shortlink":"https:\/\/wp.me\/pE6pS-4H","_links":{"self":[{"href":"https:\/\/www.landerneau-ecologie.org\/index.php?rest_route=\/wp\/v2\/posts\/291"}],"collection":[{"href":"https:\/\/www.landerneau-ecologie.org\/index.php?rest_route=\/wp\/v2\/posts"}],"about":[{"href":"https:\/\/www.landerneau-ecologie.org\/index.php?rest_route=\/wp\/v2\/types\/post"}],"author":[{"embeddable":true,"href":"https:\/\/www.landerneau-ecologie.org\/index.php?rest_route=\/wp\/v2\/users\/3"}],"replies":[{"embeddable":true,"href":"https:\/\/www.landerneau-ecologie.org\/index.php?rest_route=%2Fwp%2Fv2%2Fcomments&post=291"}],"version-history":[{"count":0,"href":"https:\/\/www.landerneau-ecologie.org\/index.php?rest_route=\/wp\/v2\/posts\/291\/revisions"}],"wp:attachment":[{"href":"https:\/\/www.landerneau-ecologie.org\/index.php?rest_route=%2Fwp%2Fv2%2Fmedia&parent=291"}],"wp:term":[{"taxonomy":"category","embeddable":true,"href":"https:\/\/www.landerneau-ecologie.org\/index.php?rest_route=%2Fwp%2Fv2%2Fcategories&post=291"},{"taxonomy":"post_tag","embeddable":true,"href":"https:\/\/www.landerneau-ecologie.org\/index.php?rest_route=%2Fwp%2Fv2%2Ftags&post=291"}],"curies":[{"name":"wp","href":"https:\/\/api.w.org\/{rel}","templated":true}]}}