{"id":2772,"date":"2020-03-02T19:05:10","date_gmt":"2020-03-02T17:05:10","guid":{"rendered":"http:\/\/www.landerneau-ecologie.org\/?p=2772"},"modified":"2020-03-02T19:10:25","modified_gmt":"2020-03-02T17:10:25","slug":"plui-de-la-ccpld-non-prise-en-compte-de-lurgence-climatique","status":"publish","type":"post","link":"https:\/\/www.landerneau-ecologie.org\/?p=2772","title":{"rendered":"PLUI de la CCPLD \/ Non prise en compte de l\u2019urgence climatique"},"content":{"rendered":"<p>Suite \u00e0 l\u2019approbation du PLUI (Plan local d\u2019urbanisme intracommunautaire) le 28 f\u00e9vrier 2019, EELV d\u00e9nonce la d\u00e9cision qui revient \u00e0 ne pas prendre en compte l\u2019urgence climatique et \u00e0 nier les effets du r\u00e9chauffement climatique. Ce plan d\u2019urbanisme est celui des climatosceptiques et ne prend pas en compte l\u2019int\u00e9r\u00eat des g\u00e9n\u00e9rations futures.<\/p>\n<p>Or, avant de r\u00e9aliser son PLUI, la CCPLD avait l\u2019obligation d\u2019\u00e9laborer un plan climat-air-\u00e9nergie sur son<br \/>\nterritoire (PCAET). Ce plan devait \u00eatre finalis\u00e9 fin 2018, or le diagnostic n\u2019est m\u00eame pas fait. Ce plan, dont les propositions doivent servir \u00e0 l\u2019\u00e9laboration du PLUI est l\u2019outil principal pour que la CCPLD puisse apporter sa pierre \u00e0 la lutte contre le r\u00e9chauffement climatique.<\/p>\n<p>Il apparait de fa\u00e7on \u00e9clatante que la CCPLD s\u2019est d\u00e9lib\u00e9r\u00e9ment affranchie des obligations qui d\u00e9coulent de la COP21 et de la loi sur la transition \u00e9nerg\u00e9tique en ne r\u00e9alisant pas son plan climat-air-\u00e9nergie.<br \/>\nSi le PLUI \u00e9tait approuv\u00e9 par le Pr\u00e9fet du Finist\u00e8re, la CCPLD sera l\u2019une des collectivit\u00e9s qui reculent en mati\u00e8re de lutte contre le r\u00e9chauffement climatique :<\/p>\n<p>\uf0b7 Augmentation des gaz \u00e0 effets de serre. La CCPLD va \u00e0 contrario en favorisant l\u2019augmentation des<br \/>\nd\u00e9placements individuels (progression de l\u2019\u00e9talement urbain, absence de politique de transports en<br \/>\ncommun, cr\u00e9ation d\u2019une nouvelle voie de contournement de la ville de Landerneau dite voie de<br \/>\nLanrinou).<\/p>\n<p>\uf0b7 Augmentation des d\u00e9perditions \u00e9nerg\u00e9tiques sans prise en compte de l\u2019exposition solaire des<br \/>\nb\u00e2timents.<\/p>\n<p>\uf0b7 Augmentation des pollutions de l\u2019air par les particules fines en lien avec les transports individuels.<\/p>\n<p>\uf0b7 Absence de politique visant \u00e0 encourager la production d\u2019\u00e9nergie renouvelable et \u00e0 en promouvoir<br \/>\nl\u2019utilisation.<\/p>\n<p>De plus elle fait fi de l\u2019\u00e9l\u00e9vation inexorable du niveau des oc\u00e9ans qui pour des communes littorales comme Landerneau aura des impacts grandissants dans seulement quelques ann\u00e9es.<\/p>\n<p>Pour ces raisons, EELV a \u00e9crit \u00e0 monsieur le Pr\u00e9fet du Finist\u00e8re afin qu\u2019il suspende la d\u00e9cision jusqu\u2019\u00e0<br \/>\nl\u2019\u00e9laboration du plan climat-air-\u00e9nergie, ou bien qu\u2019il ne rejette la d\u00e9cision de la CCPLD.<\/p>\n<p>Le 3 mars 2020<br \/>\nPour Europe Ecologie les Verts de Landerneau-Daoulas<br \/>\nChristophe Winckler<\/p>\n<p><a href=\"http:\/\/www.landerneau-ecologie.org\/wp-content\/uploads\/2020\/03\/Courrier-Prefecture-du-Finistere-2-mars-2020.pdf\">Courrier Pr\u00e9fecture du Finist\u00e8re 2 mars 2020<\/a><\/p>\n","protected":false},"excerpt":{"rendered":"<p>Suite \u00e0 l\u2019approbation du PLUI (Plan local d\u2019urbanisme intracommunautaire) le 28 f\u00e9vrier 2019, EELV d\u00e9nonce la d\u00e9cision qui revient \u00e0 ne pas prendre en compte l\u2019urgence climatique et \u00e0 nier les effets du r\u00e9chauffement climatique. Ce plan d\u2019urbanisme est celui des climatosceptiques et ne prend pas en compte l\u2019int\u00e9r\u00eat des g\u00e9n\u00e9rations futures. Or, avant de [&hellip;]<\/p>\n","protected":false},"author":2,"featured_media":0,"comment_status":"closed","ping_status":"closed","sticky":false,"template":"","format":"standard","meta":{"spay_email":"","jetpack_publicize_message":"","jetpack_is_tweetstorm":false,"jetpack_publicize_feature_enabled":true},"categories":[1],"tags":[],"jetpack_featured_media_url":"","jetpack_publicize_connections":[],"jetpack_sharing_enabled":true,"jetpack_shortlink":"https:\/\/wp.me\/pE6pS-II","_links":{"self":[{"href":"https:\/\/www.landerneau-ecologie.org\/index.php?rest_route=\/wp\/v2\/posts\/2772"}],"collection":[{"href":"https:\/\/www.landerneau-ecologie.org\/index.php?rest_route=\/wp\/v2\/posts"}],"about":[{"href":"https:\/\/www.landerneau-ecologie.org\/index.php?rest_route=\/wp\/v2\/types\/post"}],"author":[{"embeddable":true,"href":"https:\/\/www.landerneau-ecologie.org\/index.php?rest_route=\/wp\/v2\/users\/2"}],"replies":[{"embeddable":true,"href":"https:\/\/www.landerneau-ecologie.org\/index.php?rest_route=%2Fwp%2Fv2%2Fcomments&post=2772"}],"version-history":[{"count":5,"href":"https:\/\/www.landerneau-ecologie.org\/index.php?rest_route=\/wp\/v2\/posts\/2772\/revisions"}],"predecessor-version":[{"id":2778,"href":"https:\/\/www.landerneau-ecologie.org\/index.php?rest_route=\/wp\/v2\/posts\/2772\/revisions\/2778"}],"wp:attachment":[{"href":"https:\/\/www.landerneau-ecologie.org\/index.php?rest_route=%2Fwp%2Fv2%2Fmedia&parent=2772"}],"wp:term":[{"taxonomy":"category","embeddable":true,"href":"https:\/\/www.landerneau-ecologie.org\/index.php?rest_route=%2Fwp%2Fv2%2Fcategories&post=2772"},{"taxonomy":"post_tag","embeddable":true,"href":"https:\/\/www.landerneau-ecologie.org\/index.php?rest_route=%2Fwp%2Fv2%2Ftags&post=2772"}],"curies":[{"name":"wp","href":"https:\/\/api.w.org\/{rel}","templated":true}]}}