{"id":2728,"date":"2019-12-20T09:57:12","date_gmt":"2019-12-20T07:57:12","guid":{"rendered":"http:\/\/www.landerneau-ecologie.org\/?p=2728"},"modified":"2019-12-20T09:57:12","modified_gmt":"2019-12-20T07:57:12","slug":"eelv-du-pays-de-landerneau-daoulas-ne-soutiendra-pas-la-candidature-de-la-liste-landerneau-pour-tous-lors-du-prochain-scrutin-municipal","status":"publish","type":"post","link":"https:\/\/www.landerneau-ecologie.org\/?p=2728","title":{"rendered":"EELV du Pays de Landerneau-Daoulas ne soutiendra pas la candidature de la liste &#8220;Landerneau pour tous&#8221; lors du prochain scrutin municipal."},"content":{"rendered":"<p>Communiqu\u00e9 de presse<\/p>\n<p>Suite \u00e0 la pr\u00e9sentation de la liste \u00ab\u00a0Landerneau pour tous\u00a0\u00bb dans le local du PS, les membres d\u2019EELV du Pays de Landerneau-Daoulas, souhaitent annoncer que le groupe ne soutiendra pas la candidature de cette liste lors du prochain scrutin municipal.<\/p>\n<p>La liste pr\u00e9sent\u00e9e le 18 d\u00e9cembre est fond\u00e9e sur la vieille gauche fran\u00e7aise, c\u2019est-\u00e0-dire de partis qui ont perdu leur audience \u00e9lectorale. Elle ne r\u00e9pond en rien \u00e0 l\u2019urgence \u00e9cologique qui a mis des millions de jeunes en action pour d\u00e9fendre le climat et leur propre avenir et qui avaient mis la liste EELV nettement en seconde position derri\u00e8re la liste Macron en mai dernier.<\/p>\n<p>Constatant que la d\u00e9marche de la liste \u00ab\u00a0Landerneau pour Tous\u00a0\u00bb est peu en phase avec les attentes de la population, les militantes et militants de EELV consid\u00e8rent qu\u2019il est pr\u00e9f\u00e9rable de continuer \u00e0 agir \u00e0 Landerneau et \u00e0 la CCPLD pour un v\u00e9ritable changement \u00e9cologique et solidaire. Chacune et chacun est invit\u00e9 \u00e0 nous rejoindre pour participer \u00e0 animer ce projet. <\/p>\n<p>Le 20 d\u00e9cembre 2019<\/p>\n<p>Pour le Groupe Europe Ecologie les Verts du Pays de Landerneau Daoulas<\/p>\n","protected":false},"excerpt":{"rendered":"<p>Communiqu\u00e9 de presse Suite \u00e0 la pr\u00e9sentation de la liste \u00ab\u00a0Landerneau pour tous\u00a0\u00bb dans le local du PS, les membres d\u2019EELV du Pays de Landerneau-Daoulas, souhaitent annoncer que le groupe ne soutiendra pas la candidature de cette liste lors du prochain scrutin municipal. La liste pr\u00e9sent\u00e9e le 18 d\u00e9cembre est fond\u00e9e sur la vieille gauche [&hellip;]<\/p>\n","protected":false},"author":2,"featured_media":0,"comment_status":"closed","ping_status":"closed","sticky":false,"template":"","format":"standard","meta":{"spay_email":"","jetpack_publicize_message":"","jetpack_is_tweetstorm":false,"jetpack_publicize_feature_enabled":true},"categories":[16],"tags":[],"jetpack_featured_media_url":"","jetpack_publicize_connections":[],"jetpack_sharing_enabled":true,"jetpack_shortlink":"https:\/\/wp.me\/pE6pS-I0","_links":{"self":[{"href":"https:\/\/www.landerneau-ecologie.org\/index.php?rest_route=\/wp\/v2\/posts\/2728"}],"collection":[{"href":"https:\/\/www.landerneau-ecologie.org\/index.php?rest_route=\/wp\/v2\/posts"}],"about":[{"href":"https:\/\/www.landerneau-ecologie.org\/index.php?rest_route=\/wp\/v2\/types\/post"}],"author":[{"embeddable":true,"href":"https:\/\/www.landerneau-ecologie.org\/index.php?rest_route=\/wp\/v2\/users\/2"}],"replies":[{"embeddable":true,"href":"https:\/\/www.landerneau-ecologie.org\/index.php?rest_route=%2Fwp%2Fv2%2Fcomments&post=2728"}],"version-history":[{"count":1,"href":"https:\/\/www.landerneau-ecologie.org\/index.php?rest_route=\/wp\/v2\/posts\/2728\/revisions"}],"predecessor-version":[{"id":2729,"href":"https:\/\/www.landerneau-ecologie.org\/index.php?rest_route=\/wp\/v2\/posts\/2728\/revisions\/2729"}],"wp:attachment":[{"href":"https:\/\/www.landerneau-ecologie.org\/index.php?rest_route=%2Fwp%2Fv2%2Fmedia&parent=2728"}],"wp:term":[{"taxonomy":"category","embeddable":true,"href":"https:\/\/www.landerneau-ecologie.org\/index.php?rest_route=%2Fwp%2Fv2%2Fcategories&post=2728"},{"taxonomy":"post_tag","embeddable":true,"href":"https:\/\/www.landerneau-ecologie.org\/index.php?rest_route=%2Fwp%2Fv2%2Ftags&post=2728"}],"curies":[{"name":"wp","href":"https:\/\/api.w.org\/{rel}","templated":true}]}}