{"id":229,"date":"2008-12-04T22:09:58","date_gmt":"2008-12-04T20:09:58","guid":{"rendered":"http:\/\/www.landerneau-ecologie.org\/?p=229"},"modified":"2009-06-13T22:19:23","modified_gmt":"2009-06-13T20:19:23","slug":"le-cadeau-de-la-communaute-de-communes-pour-vos-etrennes-de-2009-l%e2%80%99incineration","status":"publish","type":"post","link":"https:\/\/www.landerneau-ecologie.org\/?p=229","title":{"rendered":"Le cadeau de la CCPLD pour vos \u00e9trennes de 2009 : l\u2019incin\u00e9ration !"},"content":{"rendered":"<p>C\u2019est DES qui avait annonc\u00e9 le mauvais coup en pr\u00e9paration : nos d\u00e9chets \u00e9taient vou\u00e9s \u00e0 l\u2019incin\u00e9ration !<\/p>\n<p>En ce d\u00e9but de D\u00e9cembre on mesure le sens du mot &#8220;concertation&#8221; dans notre communaut\u00e9 de communes. C\u2019est par la presse que nous apprenons que nos d\u00e9chets seront br\u00fbl\u00e9s \u00e0 Briec.<\/p>\n<p>Il reste donc un mois pour r\u00e9agir.<\/p>\n<p><img loading=\"lazy\" class=\"aligncenter size-full wp-image-230\" title=\"St_eloi-0feca\" src=\"https:\/\/i0.wp.com\/www.landerneau-ecologie.org\/wp-content\/uploads\/2009\/06\/St_eloi-0feca.jpg?resize=480%2C638\" alt=\"St_eloi-0feca\" width=\"480\" height=\"638\" srcset=\"https:\/\/i0.wp.com\/www.landerneau-ecologie.org\/wp-content\/uploads\/2009\/06\/St_eloi-0feca.jpg?w=480&amp;ssl=1 480w, https:\/\/i0.wp.com\/www.landerneau-ecologie.org\/wp-content\/uploads\/2009\/06\/St_eloi-0feca.jpg?resize=225%2C300&amp;ssl=1 225w\" sizes=\"(max-width: 480px) 100vw, 480px\" data-recalc-dims=\"1\" \/><\/p>\n","protected":false},"excerpt":{"rendered":"<p>C\u2019est DES qui avait annonc\u00e9 le mauvais coup en pr\u00e9paration : nos d\u00e9chets \u00e9taient vou\u00e9s \u00e0 l\u2019incin\u00e9ration ! En ce d\u00e9but de D\u00e9cembre on mesure le sens du mot &#8220;concertation&#8221; dans notre communaut\u00e9 de communes. C\u2019est par la presse que nous apprenons que nos d\u00e9chets seront br\u00fbl\u00e9s \u00e0 Briec. Il reste donc un mois pour [&hellip;]<\/p>\n","protected":false},"author":2,"featured_media":0,"comment_status":"closed","ping_status":"closed","sticky":false,"template":"","format":"standard","meta":{"spay_email":"","jetpack_publicize_message":"","jetpack_is_tweetstorm":false,"jetpack_publicize_feature_enabled":true},"categories":[5],"tags":[],"jetpack_featured_media_url":"","jetpack_publicize_connections":[],"jetpack_sharing_enabled":true,"jetpack_shortlink":"https:\/\/wp.me\/pE6pS-3H","_links":{"self":[{"href":"https:\/\/www.landerneau-ecologie.org\/index.php?rest_route=\/wp\/v2\/posts\/229"}],"collection":[{"href":"https:\/\/www.landerneau-ecologie.org\/index.php?rest_route=\/wp\/v2\/posts"}],"about":[{"href":"https:\/\/www.landerneau-ecologie.org\/index.php?rest_route=\/wp\/v2\/types\/post"}],"author":[{"embeddable":true,"href":"https:\/\/www.landerneau-ecologie.org\/index.php?rest_route=\/wp\/v2\/users\/2"}],"replies":[{"embeddable":true,"href":"https:\/\/www.landerneau-ecologie.org\/index.php?rest_route=%2Fwp%2Fv2%2Fcomments&post=229"}],"version-history":[{"count":0,"href":"https:\/\/www.landerneau-ecologie.org\/index.php?rest_route=\/wp\/v2\/posts\/229\/revisions"}],"wp:attachment":[{"href":"https:\/\/www.landerneau-ecologie.org\/index.php?rest_route=%2Fwp%2Fv2%2Fmedia&parent=229"}],"wp:term":[{"taxonomy":"category","embeddable":true,"href":"https:\/\/www.landerneau-ecologie.org\/index.php?rest_route=%2Fwp%2Fv2%2Fcategories&post=229"},{"taxonomy":"post_tag","embeddable":true,"href":"https:\/\/www.landerneau-ecologie.org\/index.php?rest_route=%2Fwp%2Fv2%2Ftags&post=229"}],"curies":[{"name":"wp","href":"https:\/\/api.w.org\/{rel}","templated":true}]}}