{"id":2264,"date":"2016-04-23T22:53:59","date_gmt":"2016-04-23T20:53:59","guid":{"rendered":"http:\/\/www.landerneau-ecologie.org\/?p=2264"},"modified":"2026-04-19T18:06:26","modified_gmt":"2026-04-19T16:06:26","slug":"brennilis-30eme-anniversaire-de-la-catastrophe-de-tchernobyl","status":"publish","type":"post","link":"https:\/\/www.landerneau-ecologie.org\/?p=2264","title":{"rendered":"De Brennilis \u00e0 l&#8217;Ile Longue : 30\u00e8me anniversaire de la catastrophe de Tchernobyl."},"content":{"rendered":"<p>Pour le 30\u00e8me anniversaire de la catastrophe de Tchernobyl le lien entre nucl\u00e9aire civil et militaire a \u00e9t\u00e9 illustr\u00e9, en Bretagne, par une liaison cyclo entre Brennilis et l&#8217;\u00cele longue.<\/p>\n<p><a href=\"https:\/\/i0.wp.com\/www.landerneau-ecologie.org\/wp-content\/uploads\/2016\/04\/image.jpg\"><img loading=\"lazy\" class=\"aligncenter size-full wp-image-2273\" src=\"https:\/\/i0.wp.com\/www.landerneau-ecologie.org\/wp-content\/uploads\/2016\/04\/image.jpg?resize=650%2C350\" alt=\"image\" width=\"650\" height=\"350\" data-recalc-dims=\"1\" \/><\/a><br \/>\n<a href=\"https:\/\/i0.wp.com\/www.landerneau-ecologie.org\/wp-content\/uploads\/2016\/04\/20160423_164830.jpg\"><img loading=\"lazy\" class=\"aligncenter size-full wp-image-2268\" src=\"https:\/\/i0.wp.com\/www.landerneau-ecologie.org\/wp-content\/uploads\/2016\/04\/20160423_164830.jpg?resize=650%2C450\" alt=\"20160423_164830\" width=\"650\" height=\"450\" data-recalc-dims=\"1\" \/><\/a><\/p>\n<p><a href=\"https:\/\/i0.wp.com\/www.landerneau-ecologie.org\/wp-content\/uploads\/2016\/04\/20160423_164811.jpg\"><img loading=\"lazy\" class=\"aligncenter size-full wp-image-2265\" src=\"https:\/\/i0.wp.com\/www.landerneau-ecologie.org\/wp-content\/uploads\/2016\/04\/20160423_164811.jpg?resize=650%2C350\" alt=\"20160423_164811\" width=\"650\" height=\"350\" data-recalc-dims=\"1\" \/><\/a><br \/>\n<strong>t\u00e9moignage de Michel Marzin.<\/strong><br \/>\n<a href=\"https:\/\/i0.wp.com\/www.landerneau-ecologie.org\/wp-content\/uploads\/2016\/04\/20160423_164800.jpg\"><img loading=\"lazy\" class=\"aligncenter size-full wp-image-2270\" src=\"https:\/\/i0.wp.com\/www.landerneau-ecologie.org\/wp-content\/uploads\/2016\/04\/20160423_164800.jpg?resize=650%2C300\" alt=\"20160423_164800\" width=\"650\" height=\"300\" data-recalc-dims=\"1\" \/><\/a><\/p>\n<p><strong>Et le lendemain devant la base de sous-marins nucl\u00e9aires de l&#8217;Ile Longue.<\/strong><br \/>\n<a href=\"https:\/\/i0.wp.com\/www.landerneau-ecologie.org\/wp-content\/uploads\/2016\/04\/Gwenvenez-24_04_16.png\"><img loading=\"lazy\" class=\"aligncenter size-full wp-image-2283\" src=\"https:\/\/i0.wp.com\/www.landerneau-ecologie.org\/wp-content\/uploads\/2016\/04\/Gwenvenez-24_04_16.png?resize=650%2C500\" alt=\"Gwenvenez 24_04_16\" width=\"650\" height=\"500\" data-recalc-dims=\"1\" \/><\/a><br \/>\n<a href=\"https:\/\/i0.wp.com\/www.landerneau-ecologie.org\/wp-content\/uploads\/2016\/04\/Enez-Hir-.02.24_04_16.png\"><img loading=\"lazy\" class=\"aligncenter size-full wp-image-2284\" src=\"https:\/\/i0.wp.com\/www.landerneau-ecologie.org\/wp-content\/uploads\/2016\/04\/Enez-Hir-.02.24_04_16.png?resize=650%2C490\" alt=\"Enez Hir .02.24_04_16\" width=\"650\" height=\"490\" data-recalc-dims=\"1\" \/><\/a><\/p>\n<p><a href=\"https:\/\/i0.wp.com\/www.landerneau-ecologie.org\/wp-content\/uploads\/2016\/04\/20160424_134337.jpg\"><img loading=\"lazy\" class=\"aligncenter size-full wp-image-2275\" src=\"https:\/\/i0.wp.com\/www.landerneau-ecologie.org\/wp-content\/uploads\/2016\/04\/20160424_134337.jpg?resize=650%2C400\" alt=\"20160424_134337\" width=\"650\" height=\"400\" data-recalc-dims=\"1\" \/><\/a><br \/>\n<a href=\"https:\/\/i0.wp.com\/www.landerneau-ecologie.org\/wp-content\/uploads\/2016\/04\/repas.02.jpg\"><img loading=\"lazy\" class=\"aligncenter size-full wp-image-2281\" src=\"https:\/\/i0.wp.com\/www.landerneau-ecologie.org\/wp-content\/uploads\/2016\/04\/repas.02.jpg?resize=650%2C400\" alt=\"repas.02\" width=\"650\" height=\"400\" data-recalc-dims=\"1\" \/><\/a><\/p>\n","protected":false},"excerpt":{"rendered":"<p>Pour le 30\u00e8me anniversaire de la catastrophe de Tchernobyl le lien entre nucl\u00e9aire civil et militaire a \u00e9t\u00e9 illustr\u00e9, en Bretagne, par une liaison cyclo entre Brennilis et l&#8217;\u00cele longue. t\u00e9moignage de Michel Marzin. Et le lendemain devant la base de sous-marins nucl\u00e9aires de l&#8217;Ile Longue.<\/p>\n","protected":false},"author":2,"featured_media":0,"comment_status":"closed","ping_status":"closed","sticky":false,"template":"","format":"standard","meta":{"spay_email":"","jetpack_publicize_message":"","jetpack_is_tweetstorm":false,"jetpack_publicize_feature_enabled":true},"categories":[1],"tags":[],"jetpack_featured_media_url":"","jetpack_publicize_connections":[],"jetpack_sharing_enabled":true,"jetpack_shortlink":"https:\/\/wp.me\/pE6pS-Aw","_links":{"self":[{"href":"https:\/\/www.landerneau-ecologie.org\/index.php?rest_route=\/wp\/v2\/posts\/2264"}],"collection":[{"href":"https:\/\/www.landerneau-ecologie.org\/index.php?rest_route=\/wp\/v2\/posts"}],"about":[{"href":"https:\/\/www.landerneau-ecologie.org\/index.php?rest_route=\/wp\/v2\/types\/post"}],"author":[{"embeddable":true,"href":"https:\/\/www.landerneau-ecologie.org\/index.php?rest_route=\/wp\/v2\/users\/2"}],"replies":[{"embeddable":true,"href":"https:\/\/www.landerneau-ecologie.org\/index.php?rest_route=%2Fwp%2Fv2%2Fcomments&post=2264"}],"version-history":[{"count":10,"href":"https:\/\/www.landerneau-ecologie.org\/index.php?rest_route=\/wp\/v2\/posts\/2264\/revisions"}],"predecessor-version":[{"id":4327,"href":"https:\/\/www.landerneau-ecologie.org\/index.php?rest_route=\/wp\/v2\/posts\/2264\/revisions\/4327"}],"wp:attachment":[{"href":"https:\/\/www.landerneau-ecologie.org\/index.php?rest_route=%2Fwp%2Fv2%2Fmedia&parent=2264"}],"wp:term":[{"taxonomy":"category","embeddable":true,"href":"https:\/\/www.landerneau-ecologie.org\/index.php?rest_route=%2Fwp%2Fv2%2Fcategories&post=2264"},{"taxonomy":"post_tag","embeddable":true,"href":"https:\/\/www.landerneau-ecologie.org\/index.php?rest_route=%2Fwp%2Fv2%2Ftags&post=2264"}],"curies":[{"name":"wp","href":"https:\/\/api.w.org\/{rel}","templated":true}]}}