{"id":1358,"date":"2015-03-27T22:49:34","date_gmt":"2015-03-27T20:49:34","guid":{"rendered":"http:\/\/www.landerneau-ecologie.org\/?p=1358"},"modified":"2015-03-27T22:49:34","modified_gmt":"2015-03-27T20:49:34","slug":"resultats-eelv-du-premier-tour-en-bretagne-22-mars-2015","status":"publish","type":"post","link":"https:\/\/www.landerneau-ecologie.org\/?p=1358","title":{"rendered":"R\u00e9sultats EELV du premier tour en Bretagne. 22 mars 2015."},"content":{"rendered":"<p><strong>Sur 102 cantons, EELV pr\u00e9sentait des candidat-es sur 54 cantons :<\/strong><br \/>\n&#8211;  9 cantons \/ 27 en C\u00f4tes d\u2019Armor<br \/>\n\u2013 18 cantons \/ 27 en Finist\u00e8re<br \/>\n\u2013 18 cantons \/ 27 en Ille et Vilaine<br \/>\n\u2013  9 cantons \/ 21 en Morbihan<br \/>\n<strong><br \/>\nSur 38 cantons EELV se pr\u00e9sentaient en \u00ab autonomie \u00bb<\/strong><br \/>\n&#8211; 3 en C\u00f4tes d\u2019Armor<br \/>\n\u2013 17 en Finist\u00e8re<br \/>\n\u2013 14 en Ille et Vilaine<br \/>\n\u2013 4 en Morbihan<\/p>\n<p><strong>Sur 9 cantons EELV se pr\u00e9sentait avec le Front de Gauche<\/strong><br \/>\n&#8211;  4 en C\u00f4tes d\u2019Armor<br \/>\n\u2013 1 en Finist\u00e8re<br \/>\n\u2013 3 en Ille et Vilaine (2 avec Ensemble et 1 avec PCF)<br \/>\n\u2013 1 en Morbihan<\/p>\n<p><strong>Sur 5 cantons EELV se pr\u00e9sentait avec le PS<\/strong><\/p>\n<p>&#8211; 1 en C\u00f4tes d\u2019Armor<br \/>\n\u2013 0 en Finist\u00e8re<br \/>\n\u2013 1 en Ille et Vilaine (PS+PRG)<br \/>\n\u2013 3 en Morbihan<\/p>\n<p>Sur le canton de Lanvallay (22) EELV se pr\u00e9sentait avec Nouvelle Donne<br \/>\nsur le canton de Lanester (56) EELV se pr\u00e9sentait avec une liste citoyenne.<\/p>\n<p><strong>Sur l\u2019ensemble de la Bretagne, la moyenne des suffrages obtenus est de = 14%<\/strong><br \/>\n&#8211; 14,53% en C\u00f4tes d\u2019Armor (de 4,44 % \u00e0 Lamballe \u2013seul canton en de\u00e7\u00e0 des 5% en Bretagne- \u00e0 34,04 % sur le canton de Perros Guirec o\u00f9 EELV se pr\u00e9sentait avec le PS)<br \/>\n\u2013 8,32 % en Finist\u00e8re (de 6,13% sur le canton de Douarnenez \u00e0 10,12 % sur le canton de Morlaix)<br \/>\n\u2013 12,93 % en Ille et Vilaine (4 cantons entre 9 et 10% ; 13,26 % de moyenne pour les 6 cantons de Rennes ; 27,25 % pour le canton de St Malo 1 o\u00f9 EELV fait alliance avec le PS et le PRG)<br \/>\n\u2013 20,24 % en Morbihan (avec une moyenne de 30,52 % pour les 3 cantons o\u00f9 EELV avait fait alliance avec le PS)<\/p>\n<p>Des candidat-es EELV seront pr\u00e9sent-es \u2013en bin\u00f4me avec le PS- au second tour sur 5 cantons :<br \/>\n&#8211; Sylvie Bourbigot en titulaire sur Perros Guirec<br \/>\n\u2013 Mich\u00e8le Le Tallec en titulaire sur Saint Malo 1<br \/>\n\u2013 C\u00e9cile Franchet et Dominique Pirio en titulaire sur Vannes 1 et Vannes 2<br \/>\n\u2013 Marc L\u00e9cuyer en rempla\u00e7ant sur Vannes 3<\/p>\n<p>Cordialement<\/p>\n<p>Michel FORGET<br \/>\nSecr\u00e9taire R\u00e9gional EELV- BZH<\/p>\n","protected":false},"excerpt":{"rendered":"<p>Sur 102 cantons, EELV pr\u00e9sentait des candidat-es sur 54 cantons : &#8211; 9 cantons \/ 27 en C\u00f4tes d\u2019Armor \u2013 18 cantons \/ 27 en Finist\u00e8re \u2013 18 cantons \/ 27 en Ille et Vilaine \u2013 9 cantons \/ 21 en Morbihan Sur 38 cantons EELV se pr\u00e9sentaient en \u00ab autonomie \u00bb &#8211; 3 en [&hellip;]<\/p>\n","protected":false},"author":2,"featured_media":0,"comment_status":"closed","ping_status":"closed","sticky":false,"template":"","format":"standard","meta":{"spay_email":"","jetpack_publicize_message":"","jetpack_is_tweetstorm":false,"jetpack_publicize_feature_enabled":true},"categories":[1],"tags":[],"jetpack_featured_media_url":"","jetpack_publicize_connections":[],"jetpack_sharing_enabled":true,"jetpack_shortlink":"https:\/\/wp.me\/pE6pS-lU","_links":{"self":[{"href":"https:\/\/www.landerneau-ecologie.org\/index.php?rest_route=\/wp\/v2\/posts\/1358"}],"collection":[{"href":"https:\/\/www.landerneau-ecologie.org\/index.php?rest_route=\/wp\/v2\/posts"}],"about":[{"href":"https:\/\/www.landerneau-ecologie.org\/index.php?rest_route=\/wp\/v2\/types\/post"}],"author":[{"embeddable":true,"href":"https:\/\/www.landerneau-ecologie.org\/index.php?rest_route=\/wp\/v2\/users\/2"}],"replies":[{"embeddable":true,"href":"https:\/\/www.landerneau-ecologie.org\/index.php?rest_route=%2Fwp%2Fv2%2Fcomments&post=1358"}],"version-history":[{"count":1,"href":"https:\/\/www.landerneau-ecologie.org\/index.php?rest_route=\/wp\/v2\/posts\/1358\/revisions"}],"predecessor-version":[{"id":1359,"href":"https:\/\/www.landerneau-ecologie.org\/index.php?rest_route=\/wp\/v2\/posts\/1358\/revisions\/1359"}],"wp:attachment":[{"href":"https:\/\/www.landerneau-ecologie.org\/index.php?rest_route=%2Fwp%2Fv2%2Fmedia&parent=1358"}],"wp:term":[{"taxonomy":"category","embeddable":true,"href":"https:\/\/www.landerneau-ecologie.org\/index.php?rest_route=%2Fwp%2Fv2%2Fcategories&post=1358"},{"taxonomy":"post_tag","embeddable":true,"href":"https:\/\/www.landerneau-ecologie.org\/index.php?rest_route=%2Fwp%2Fv2%2Ftags&post=1358"}],"curies":[{"name":"wp","href":"https:\/\/api.w.org\/{rel}","templated":true}]}}