{"id":1356,"date":"2015-03-27T22:38:18","date_gmt":"2015-03-27T20:38:18","guid":{"rendered":"http:\/\/www.landerneau-ecologie.org\/?p=1356"},"modified":"2015-03-27T22:38:18","modified_gmt":"2015-03-27T20:38:18","slug":"bilan-du-premier-tour-des-elections-departementales-de-2015","status":"publish","type":"post","link":"https:\/\/www.landerneau-ecologie.org\/?p=1356","title":{"rendered":"Bilan du premier tour des \u00e9lections d\u00e9partementales de 2015."},"content":{"rendered":"<p>Un mode de scrutin confus et une r\u00e9forme institutionnelle inachev\u00e9e ont contribu\u00e9 \u00e0 une mobilisation \u00e9lectorale bien modeste pour le premier tour de ces \u00e9lections d\u00e9partementales nouvelle formule.<\/p>\n<p>N\u00e9anmoins, on constate que la strat\u00e9gie d\u2019alliance UMP-UDI permet \u00e0 la coalition de droite de r\u00e9aliser un bon score situ\u00e9 autour de 35%. Nicolas Sarkozy parvient \u00e0 tenir une alliance entre une UMP droitis\u00e9e sans pour autant effaroucher l\u2019UDI et les centristes.<\/p>\n<p>Le Front national s\u2019installe dans le paysage politique en pr\u00e9sentant des candidat-es quasiment partout et en consolidant ses points d\u2019ancrage \u00e9lectoraux. Si d\u2019un point de vue comptable, du fait de la nomenclature du minist\u00e8re de l\u2019Int\u00e9rieur et de l\u2019alliance quasi g\u00e9n\u00e9rale UMP-UDI, l\u2019extr\u00eame droite ne peut revendiquer la premi\u00e8re place dans cette \u00e9lection, son score moyen sup\u00e9rieur \u00e0 25% consolide son implantation dans toutes ses zones de force.<\/p>\n<p>Le Parti socialiste subit un revers, en partie occult\u00e9 par la nomenclature du minist\u00e8re de l\u2019Int\u00e9rieur utilis\u00e9e pour d\u00e9terminer les nuances des candidatures. Ses scores se situent l\u00e9g\u00e8rement au-dessus des 20% lorsqu\u2019il se pr\u00e9sente sans partenaires.<\/p>\n<p>Cette situation montre que le centre de gravit\u00e9 politique incarn\u00e9 actuellement par le Gouvernement n\u2019est pas en mesure de permettre un rassemblement suffisant pour esp\u00e9rer atteindre une majorit\u00e9.<\/p>\n<p>EELV avait choisi de mettre en \u0153uvre des strat\u00e9gies diff\u00e9renci\u00e9es en fonction des situations locales et des partenaires potentiels.<\/p>\n<p>Sur les 1000 cantons o\u00f9 EELV pr\u00e9sentait ou soutenait des candidat-es, 377 constituaient des candidatures autonomes soutenues par EELV. Dans ce cas de figure, le score moyen est de 9,7%.<br \/>\n450 constituaient des candidatures de rassemblement \u00e9cologiste et citoyennes, en alliances avec au moins une composante du FdG. Dans ce cas de figure, le score moyen est de 13,6%<br \/>\n157 constituaient des candidatures en alliance avec le Parti socialiste. Dans ce cas de figure, le score moyen est de 27%.<br \/>\n15 constituaient des candidatures en alliance avec le PS et le PCF. Dans ce cas de figure, le score moyen est de 30,5%.<\/p>\n<p>EELV aura des candidat-es titulaires pr\u00e9sents au second tour dans 78 cantons.<\/p>\n<p>Ces chiffres nous indiquent que les scores affich\u00e9s par le minist\u00e8re de l\u2019Int\u00e9rieur \u00e9valuant les r\u00e9sultats de EELV \u00e0 2% n\u2019ont pas beaucoup de sens. Plus largement, comme EELV l\u2019indique depuis des semaines, la nomenclature du minist\u00e8re de l\u2019Int\u00e9rieur sur les nuances attribu\u00e9es selon ses consignes aux candidatures constitue une entrave \u00e0 la lecture des r\u00e9sultats.<\/p>\n<p>La r\u00e9alit\u00e9 des scores r\u00e9alis\u00e9s par les candidatures EELV est la suivante:<br \/>\nl\u00e0 o\u00f9 EELV \u00e9tait pr\u00e9sent en tant que tel, les r\u00e9sultats se situent dans un \u00e9tiage comparable, voire sup\u00e9rieur, aux derni\u00e8res \u00e9lections europ\u00e9ennes.<\/p>\n<p>Les alliances citoyennes, \u00e9cologistes et solidaires avec tout ou partie du Front de Gauche laissent appara\u00eetre des r\u00e9sultats int\u00e9ressants qui ne permettent pas pour autant \u00e0 se qualifier au deuxi\u00e8me tour.<\/p>\n<p>Les alliances avec le PS, ou mieux, avec le PS et le PC, permettent de r\u00e9aliser des scores int\u00e9ressants au premier tour, mais sans r\u00e9serves de voix pour le second tour.<\/p>\n<p>Pour le second tour, en tenant compte des situations sp\u00e9cifique locales,<br \/>\nEELV appelle \u00e0 une mobilisation des \u00e9lectrices et des \u00e9lecteurs pour voter en faveur des candidat-es qui sont oppos\u00e9-es \u00e0 des candidatures d\u2019extr\u00eame-droite.<\/p>\n<p>EELV appelle \u00e0 trouver les moyens d\u2019un rassemblement le plus large possible pour permettre l\u2019\u00e9lection des candidat-es progressistes en lice face \u00e0 des candidat-es UMP-UDI.<\/p>\n<p>Enfin, le Pr\u00e9sident de la R\u00e9publique doit entendre le message des Fran\u00e7aises et des Fran\u00e7ais, et tout particuli\u00e8rement celui de celles et ceux qui ont permis la victoire en 2012.<\/p>\n<p>Le rassemblement de la gauche et des \u00e9cologistes, n\u00e9cessaire dans les urnes et pour notre pays, ne peut \u00eatre que le fruit d\u2019un compromis politique.<\/p>\n<p>Les scores du 22 mars d\u00e9montrent que l\u2019acharnement \u00e0 vouloir imposer une ligne politique qui divise condamne l\u2019ensemble de la gauche et des \u00e9cologistes \u00e0 l\u2019\u00e9chec.<\/p>\n<p>David Cormand<br \/>\nSecr\u00e9taire national adjoint <\/p>\n<p>__________________________________________________________________________________________________________________________________________________<\/p>\n","protected":false},"excerpt":{"rendered":"<p>Un mode de scrutin confus et une r\u00e9forme institutionnelle inachev\u00e9e ont contribu\u00e9 \u00e0 une mobilisation \u00e9lectorale bien modeste pour le premier tour de ces \u00e9lections d\u00e9partementales nouvelle formule. N\u00e9anmoins, on constate que la strat\u00e9gie d\u2019alliance UMP-UDI permet \u00e0 la coalition de droite de r\u00e9aliser un bon score situ\u00e9 autour de 35%. Nicolas Sarkozy parvient \u00e0 [&hellip;]<\/p>\n","protected":false},"author":2,"featured_media":0,"comment_status":"closed","ping_status":"closed","sticky":false,"template":"","format":"standard","meta":{"spay_email":"","jetpack_publicize_message":"","jetpack_is_tweetstorm":false,"jetpack_publicize_feature_enabled":true},"categories":[1],"tags":[],"jetpack_featured_media_url":"","jetpack_publicize_connections":[],"jetpack_sharing_enabled":true,"jetpack_shortlink":"https:\/\/wp.me\/pE6pS-lS","_links":{"self":[{"href":"https:\/\/www.landerneau-ecologie.org\/index.php?rest_route=\/wp\/v2\/posts\/1356"}],"collection":[{"href":"https:\/\/www.landerneau-ecologie.org\/index.php?rest_route=\/wp\/v2\/posts"}],"about":[{"href":"https:\/\/www.landerneau-ecologie.org\/index.php?rest_route=\/wp\/v2\/types\/post"}],"author":[{"embeddable":true,"href":"https:\/\/www.landerneau-ecologie.org\/index.php?rest_route=\/wp\/v2\/users\/2"}],"replies":[{"embeddable":true,"href":"https:\/\/www.landerneau-ecologie.org\/index.php?rest_route=%2Fwp%2Fv2%2Fcomments&post=1356"}],"version-history":[{"count":1,"href":"https:\/\/www.landerneau-ecologie.org\/index.php?rest_route=\/wp\/v2\/posts\/1356\/revisions"}],"predecessor-version":[{"id":1357,"href":"https:\/\/www.landerneau-ecologie.org\/index.php?rest_route=\/wp\/v2\/posts\/1356\/revisions\/1357"}],"wp:attachment":[{"href":"https:\/\/www.landerneau-ecologie.org\/index.php?rest_route=%2Fwp%2Fv2%2Fmedia&parent=1356"}],"wp:term":[{"taxonomy":"category","embeddable":true,"href":"https:\/\/www.landerneau-ecologie.org\/index.php?rest_route=%2Fwp%2Fv2%2Fcategories&post=1356"},{"taxonomy":"post_tag","embeddable":true,"href":"https:\/\/www.landerneau-ecologie.org\/index.php?rest_route=%2Fwp%2Fv2%2Ftags&post=1356"}],"curies":[{"name":"wp","href":"https:\/\/api.w.org\/{rel}","templated":true}]}}