{"id":1353,"date":"2015-03-23T00:11:41","date_gmt":"2015-03-22T22:11:41","guid":{"rendered":"http:\/\/www.landerneau-ecologie.org\/?p=1353"},"modified":"2015-03-23T00:11:41","modified_gmt":"2015-03-22T22:11:41","slug":"departementales-sur-le-canton-de-landerneau-merci-a-toutes-et-tous","status":"publish","type":"post","link":"https:\/\/www.landerneau-ecologie.org\/?p=1353","title":{"rendered":"D\u00e9partementales sur le canton de Landerneau. Merci \u00e0 toutes et tous."},"content":{"rendered":"<p>9,98% d&#8217;\u00e9lectrices et d&#8217;\u00e9lecteurs dans le canton de Landerneau. Les candidates et candidats de la liste &#8220;Ecologie-D\u00e9mocratie-Solidarit\u00e9&#8221; tiennent \u00e0 remercier toutes celles et tous ceux qui leur ont fait confiance.<\/p>\n<p>Annie Collic, Christophe Winckler, Mich\u00e8le Borvon, Goulven Thomin. <\/p>\n<p>__________________________________________________________________________________________________________________________________________________<\/p>\n","protected":false},"excerpt":{"rendered":"<p>9,98% d&#8217;\u00e9lectrices et d&#8217;\u00e9lecteurs dans le canton de Landerneau. Les candidates et candidats de la liste &#8220;Ecologie-D\u00e9mocratie-Solidarit\u00e9&#8221; tiennent \u00e0 remercier toutes celles et tous ceux qui leur ont fait confiance. Annie Collic, Christophe Winckler, Mich\u00e8le Borvon, Goulven Thomin. __________________________________________________________________________________________________________________________________________________<\/p>\n","protected":false},"author":2,"featured_media":0,"comment_status":"closed","ping_status":"closed","sticky":false,"template":"","format":"standard","meta":{"spay_email":"","jetpack_publicize_message":"","jetpack_is_tweetstorm":false,"jetpack_publicize_feature_enabled":true},"categories":[1],"tags":[],"jetpack_featured_media_url":"","jetpack_publicize_connections":[],"jetpack_sharing_enabled":true,"jetpack_shortlink":"https:\/\/wp.me\/pE6pS-lP","_links":{"self":[{"href":"https:\/\/www.landerneau-ecologie.org\/index.php?rest_route=\/wp\/v2\/posts\/1353"}],"collection":[{"href":"https:\/\/www.landerneau-ecologie.org\/index.php?rest_route=\/wp\/v2\/posts"}],"about":[{"href":"https:\/\/www.landerneau-ecologie.org\/index.php?rest_route=\/wp\/v2\/types\/post"}],"author":[{"embeddable":true,"href":"https:\/\/www.landerneau-ecologie.org\/index.php?rest_route=\/wp\/v2\/users\/2"}],"replies":[{"embeddable":true,"href":"https:\/\/www.landerneau-ecologie.org\/index.php?rest_route=%2Fwp%2Fv2%2Fcomments&post=1353"}],"version-history":[{"count":1,"href":"https:\/\/www.landerneau-ecologie.org\/index.php?rest_route=\/wp\/v2\/posts\/1353\/revisions"}],"predecessor-version":[{"id":1354,"href":"https:\/\/www.landerneau-ecologie.org\/index.php?rest_route=\/wp\/v2\/posts\/1353\/revisions\/1354"}],"wp:attachment":[{"href":"https:\/\/www.landerneau-ecologie.org\/index.php?rest_route=%2Fwp%2Fv2%2Fmedia&parent=1353"}],"wp:term":[{"taxonomy":"category","embeddable":true,"href":"https:\/\/www.landerneau-ecologie.org\/index.php?rest_route=%2Fwp%2Fv2%2Fcategories&post=1353"},{"taxonomy":"post_tag","embeddable":true,"href":"https:\/\/www.landerneau-ecologie.org\/index.php?rest_route=%2Fwp%2Fv2%2Ftags&post=1353"}],"curies":[{"name":"wp","href":"https:\/\/api.w.org\/{rel}","templated":true}]}}