{"id":1325,"date":"2015-03-19T09:54:59","date_gmt":"2015-03-19T07:54:59","guid":{"rendered":"http:\/\/www.landerneau-ecologie.org\/?p=1325"},"modified":"2015-03-22T21:27:13","modified_gmt":"2015-03-22T19:27:13","slug":"alerte-parrticules-fines","status":"publish","type":"post","link":"https:\/\/www.landerneau-ecologie.org\/?p=1325","title":{"rendered":"Alerte parrticules fines en Bretagne."},"content":{"rendered":"<p><strong>L&#8217;installation de bornes de mesure de la qualit\u00e9 de l&#8217;air est une des revendications des candidates et candidats de &#8220;Ecologie, D\u00e9mocratie, Solidarit\u00e9&#8221; dans le canton de Landerneau. Une demande justifi\u00e9e par les pics de pollution qui se multiplient en Bretagne.<\/strong><\/p>\n<p><strong>Exemple : l&#8217;alerte du 18 mars 2015.<\/strong><\/p>\n<p><a href=\"https:\/\/i0.wp.com\/www.landerneau-ecologie.org\/wp-content\/uploads\/2015\/03\/particules-fines-08.jpg\"><img loading=\"lazy\" class=\"aligncenter size-full wp-image-1345\" src=\"https:\/\/i0.wp.com\/www.landerneau-ecologie.org\/wp-content\/uploads\/2015\/03\/particules-fines-08.jpg?resize=668%2C507\" alt=\"particules fines 08\" width=\"668\" height=\"507\" srcset=\"https:\/\/i0.wp.com\/www.landerneau-ecologie.org\/wp-content\/uploads\/2015\/03\/particules-fines-08.jpg?w=668&amp;ssl=1 668w, https:\/\/i0.wp.com\/www.landerneau-ecologie.org\/wp-content\/uploads\/2015\/03\/particules-fines-08.jpg?resize=300%2C227&amp;ssl=1 300w\" sizes=\"(max-width: 668px) 100vw, 668px\" data-recalc-dims=\"1\" \/><\/a><\/p>\n<p><a href=\"http:\/\/www.letelegramme.fr\/bretagne\/particules-fines-la-bretagne-s-approche-du-seuil-d-alerte-18-03-2015-10562566.php\"><strong>Le t\u00e9l\u00e9gramme<\/strong><\/a><\/p>\n<p><strong>Vu sur le site de Air Breizh<\/strong><\/p>\n<p><a href=\"https:\/\/i0.wp.com\/www.landerneau-ecologie.org\/wp-content\/uploads\/2015\/03\/particules-fines-03.jpg\"><img loading=\"lazy\" class=\"aligncenter size-full wp-image-1327\" src=\"https:\/\/i0.wp.com\/www.landerneau-ecologie.org\/wp-content\/uploads\/2015\/03\/particules-fines-03.jpg?resize=545%2C258\" alt=\"particules fines 03\" width=\"545\" height=\"258\" srcset=\"https:\/\/i0.wp.com\/www.landerneau-ecologie.org\/wp-content\/uploads\/2015\/03\/particules-fines-03.jpg?w=545&amp;ssl=1 545w, https:\/\/i0.wp.com\/www.landerneau-ecologie.org\/wp-content\/uploads\/2015\/03\/particules-fines-03.jpg?resize=300%2C142&amp;ssl=1 300w\" sizes=\"(max-width: 545px) 100vw, 545px\" data-recalc-dims=\"1\" \/><\/a><\/p>\n<p><a href=\"https:\/\/i0.wp.com\/www.landerneau-ecologie.org\/wp-content\/uploads\/2015\/03\/particules-fines-041.jpg\"><img loading=\"lazy\" class=\"aligncenter size-full wp-image-1329\" src=\"https:\/\/i0.wp.com\/www.landerneau-ecologie.org\/wp-content\/uploads\/2015\/03\/particules-fines-041.jpg?resize=543%2C255\" alt=\"particules fines 04\" width=\"543\" height=\"255\" srcset=\"https:\/\/i0.wp.com\/www.landerneau-ecologie.org\/wp-content\/uploads\/2015\/03\/particules-fines-041.jpg?w=543&amp;ssl=1 543w, https:\/\/i0.wp.com\/www.landerneau-ecologie.org\/wp-content\/uploads\/2015\/03\/particules-fines-041.jpg?resize=300%2C140&amp;ssl=1 300w\" sizes=\"(max-width: 543px) 100vw, 543px\" data-recalc-dims=\"1\" \/><\/a><\/p>\n<p><a href=\"https:\/\/i0.wp.com\/www.landerneau-ecologie.org\/wp-content\/uploads\/2015\/03\/particules-fines-05.jpg\"><img loading=\"lazy\" class=\"aligncenter size-full wp-image-1330\" src=\"https:\/\/i0.wp.com\/www.landerneau-ecologie.org\/wp-content\/uploads\/2015\/03\/particules-fines-05.jpg?resize=543%2C262\" alt=\"particules fines 05\" width=\"543\" height=\"262\" srcset=\"https:\/\/i0.wp.com\/www.landerneau-ecologie.org\/wp-content\/uploads\/2015\/03\/particules-fines-05.jpg?w=543&amp;ssl=1 543w, https:\/\/i0.wp.com\/www.landerneau-ecologie.org\/wp-content\/uploads\/2015\/03\/particules-fines-05.jpg?resize=300%2C144&amp;ssl=1 300w\" sizes=\"(max-width: 543px) 100vw, 543px\" data-recalc-dims=\"1\" \/><\/a><\/p>\n<p><a href=\"https:\/\/i0.wp.com\/www.landerneau-ecologie.org\/wp-content\/uploads\/2015\/03\/particules-fines-07.jpg\"><img loading=\"lazy\" class=\"aligncenter size-full wp-image-1332\" src=\"https:\/\/i0.wp.com\/www.landerneau-ecologie.org\/wp-content\/uploads\/2015\/03\/particules-fines-07.jpg?resize=512%2C453\" alt=\"particules fines 07\" width=\"512\" height=\"453\" srcset=\"https:\/\/i0.wp.com\/www.landerneau-ecologie.org\/wp-content\/uploads\/2015\/03\/particules-fines-07.jpg?w=512&amp;ssl=1 512w, https:\/\/i0.wp.com\/www.landerneau-ecologie.org\/wp-content\/uploads\/2015\/03\/particules-fines-07.jpg?resize=300%2C265&amp;ssl=1 300w\" sizes=\"(max-width: 512px) 100vw, 512px\" data-recalc-dims=\"1\" \/><\/a><\/p>\n<p>Niveau 10 (tr\u00e8s mauvais) \u00e0 Saint-Brieuc, niveau 9 (mauvais) \u00e0 Brest. A Landivisiau tout laisse \u00e0 penser que le niveau est proche de ces valeurs.<\/p>\n<p>Les mois de Janvier, f\u00e9vrier, Mars sont bien les mois concern\u00e9s par ce ph\u00e9nom\u00e8ne. Ce sont aussi les mois pendant lesquels la centrale \u00e0 gaz de Landivisiau serait suppos\u00e9e fonctionner. Et ce sont les mois pendant lesquels Direct \u00c9nergie s\u2019est dispens\u00e9e de faire des mesures !<\/p>\n<p>Sur les particules fines voir :<\/p>\n<p><a href=\"http:\/\/seaus.free.fr\/spip.php?article1210\"><strong>L\u2019impact des particules fines sur la sant\u00e9 et l\u2019environnement.<\/strong><\/a><\/p>\n<p>__________________________________________________________________________________________________________________________________________________<\/p>\n<p><strong>Voir aussi sur FR3 Bretagne :<\/strong><\/p>\n<p>&nbsp;<\/p>\n<div style=\"width: 400px;\" class=\"wp-video\"><!--[if lt IE 9]><script>document.createElement('video');<\/script><![endif]-->\n<video class=\"wp-video-shortcode\" id=\"video-1325-1\" width=\"400\" height=\"226\" preload=\"metadata\" controls=\"controls\"><source type=\"video\/x-flv\" src=\"http:\/\/www.landerneau-ecologie.org\/wp-content\/uploads\/2015\/03\/grand_soir_20150318.flv?_=1\" \/><a href=\"http:\/\/www.landerneau-ecologie.org\/wp-content\/uploads\/2015\/03\/grand_soir_20150318.flv\">http:\/\/www.landerneau-ecologie.org\/wp-content\/uploads\/2015\/03\/grand_soir_20150318.flv<\/a><\/video><\/div>\n<p>__________________________________________________________________________________________________________________________________________________<\/p>\n<p><strong>Manifestation \u00e0 Landivisiau le 11 avril 2015.<\/strong><\/p>\n<p><a href=\"https:\/\/i0.wp.com\/www.landerneau-ecologie.org\/wp-content\/uploads\/2015\/03\/Landi-Affiche-manif-11-04-2015.jpg\"><img loading=\"lazy\" class=\"aligncenter size-full wp-image-1342\" src=\"https:\/\/i0.wp.com\/www.landerneau-ecologie.org\/wp-content\/uploads\/2015\/03\/Landi-Affiche-manif-11-04-2015.jpg?resize=413%2C585\" alt=\"Landi Affiche-manif-11-04-2015\" width=\"413\" height=\"585\" srcset=\"https:\/\/i0.wp.com\/www.landerneau-ecologie.org\/wp-content\/uploads\/2015\/03\/Landi-Affiche-manif-11-04-2015.jpg?w=1240&amp;ssl=1 1240w, https:\/\/i0.wp.com\/www.landerneau-ecologie.org\/wp-content\/uploads\/2015\/03\/Landi-Affiche-manif-11-04-2015.jpg?resize=212%2C300&amp;ssl=1 212w, https:\/\/i0.wp.com\/www.landerneau-ecologie.org\/wp-content\/uploads\/2015\/03\/Landi-Affiche-manif-11-04-2015.jpg?resize=723%2C1024&amp;ssl=1 723w\" sizes=\"(max-width: 413px) 100vw, 413px\" data-recalc-dims=\"1\" \/><\/a><\/p>\n<p>Nous relayons l\u2019appel \u00e0 manifester du collectif des associations oppos\u00e9es au projet de centrale \u00e0 gaz \u00e0 Landivisiau ou ailleurs, le samedi 11 avril \u00e0 Landivisiau. Le rendez-vous est place Jeanne d\u2019Arc \u00e0 10 heures (pr\u00e8s de cheval derri\u00e8re la mairie).<\/p>\n<p>Nous vous demandons \u00e9galement de relayer cet appel le plus largement possible, sur vos r\u00e9seaux sociaux, aupr\u00e8s de vos proches, vos amis, vos voisins\u2026<\/p>\n<p><a href=\"http:\/\/www.landerneau-ecologie.org\/wp-content\/uploads\/2015\/03\/Landi-Invitation-manifestation-11-avril-2015.pdf\">Landi Invitation manifestation 11 avril 2015<\/a><\/p>\n<p><a href=\"https:\/\/i0.wp.com\/www.landerneau-ecologie.org\/wp-content\/uploads\/2015\/03\/Landi.08.jpg\"><img loading=\"lazy\" class=\"aligncenter size-full wp-image-1281\" src=\"https:\/\/i0.wp.com\/www.landerneau-ecologie.org\/wp-content\/uploads\/2015\/03\/Landi.08.jpg?resize=558%2C356\" alt=\"Landi.08\" width=\"558\" height=\"356\" srcset=\"https:\/\/i0.wp.com\/www.landerneau-ecologie.org\/wp-content\/uploads\/2015\/03\/Landi.08.jpg?w=558&amp;ssl=1 558w, https:\/\/i0.wp.com\/www.landerneau-ecologie.org\/wp-content\/uploads\/2015\/03\/Landi.08.jpg?resize=300%2C191&amp;ssl=1 300w\" sizes=\"(max-width: 558px) 100vw, 558px\" data-recalc-dims=\"1\" \/><\/a><\/p>\n","protected":false},"excerpt":{"rendered":"<p>L&#8217;installation de bornes de mesure de la qualit\u00e9 de l&#8217;air est une des revendications des candidates et candidats de &#8220;Ecologie, D\u00e9mocratie, Solidarit\u00e9&#8221; dans le canton de Landerneau. Une demande justifi\u00e9e par les pics de pollution qui se multiplient en Bretagne. Exemple : l&#8217;alerte du 18 mars 2015. Le t\u00e9l\u00e9gramme Vu sur le site de Air [&hellip;]<\/p>\n","protected":false},"author":2,"featured_media":0,"comment_status":"closed","ping_status":"closed","sticky":false,"template":"","format":"standard","meta":{"spay_email":"","jetpack_publicize_message":"","jetpack_is_tweetstorm":false,"jetpack_publicize_feature_enabled":true},"categories":[1],"tags":[],"jetpack_featured_media_url":"","jetpack_publicize_connections":[],"jetpack_sharing_enabled":true,"jetpack_shortlink":"https:\/\/wp.me\/pE6pS-ln","_links":{"self":[{"href":"https:\/\/www.landerneau-ecologie.org\/index.php?rest_route=\/wp\/v2\/posts\/1325"}],"collection":[{"href":"https:\/\/www.landerneau-ecologie.org\/index.php?rest_route=\/wp\/v2\/posts"}],"about":[{"href":"https:\/\/www.landerneau-ecologie.org\/index.php?rest_route=\/wp\/v2\/types\/post"}],"author":[{"embeddable":true,"href":"https:\/\/www.landerneau-ecologie.org\/index.php?rest_route=\/wp\/v2\/users\/2"}],"replies":[{"embeddable":true,"href":"https:\/\/www.landerneau-ecologie.org\/index.php?rest_route=%2Fwp%2Fv2%2Fcomments&post=1325"}],"version-history":[{"count":14,"href":"https:\/\/www.landerneau-ecologie.org\/index.php?rest_route=\/wp\/v2\/posts\/1325\/revisions"}],"predecessor-version":[{"id":1352,"href":"https:\/\/www.landerneau-ecologie.org\/index.php?rest_route=\/wp\/v2\/posts\/1325\/revisions\/1352"}],"wp:attachment":[{"href":"https:\/\/www.landerneau-ecologie.org\/index.php?rest_route=%2Fwp%2Fv2%2Fmedia&parent=1325"}],"wp:term":[{"taxonomy":"category","embeddable":true,"href":"https:\/\/www.landerneau-ecologie.org\/index.php?rest_route=%2Fwp%2Fv2%2Fcategories&post=1325"},{"taxonomy":"post_tag","embeddable":true,"href":"https:\/\/www.landerneau-ecologie.org\/index.php?rest_route=%2Fwp%2Fv2%2Ftags&post=1325"}],"curies":[{"name":"wp","href":"https:\/\/api.w.org\/{rel}","templated":true}]}}