{"id":1272,"date":"2015-03-10T10:16:04","date_gmt":"2015-03-10T08:16:04","guid":{"rendered":"http:\/\/www.landerneau-ecologie.org\/?p=1272"},"modified":"2015-03-10T14:39:54","modified_gmt":"2015-03-10T12:39:54","slug":"le-drian-et-la-centrale-au-gaz-le-ministre-de-la-guerre-bat-en-retraite-sur-le-front-de-landivisiau","status":"publish","type":"post","link":"https:\/\/www.landerneau-ecologie.org\/?p=1272","title":{"rendered":"Le Drian et la centrale au gaz. Le ministre de la guerre bat en retraite sur le front de Landivisiau."},"content":{"rendered":"<p>Lundi 9 Mars 2015. C\u2019est la panique dans les chaumi\u00e8res socialistes du Finist\u00e8re. Cela sent de plus en plus la d\u00e9route. Vite, faire revenir le g\u00e9n\u00e9ral en chef Le Drian qui s\u2019y conna\u00eet question d\u00e9fil\u00e9 devant le front des troupes.<\/p>\n<p><a href=\"https:\/\/i0.wp.com\/www.landerneau-ecologie.org\/wp-content\/uploads\/2015\/03\/Landi-Le-Drian-03.jpg\"><img loading=\"lazy\" src=\"https:\/\/i0.wp.com\/www.landerneau-ecologie.org\/wp-content\/uploads\/2015\/03\/Landi-Le-Drian-03.jpg?resize=676%2C337\" alt=\"Landi Le Drian 03\" width=\"676\" height=\"337\" class=\"aligncenter size-full wp-image-1273\" srcset=\"https:\/\/i0.wp.com\/www.landerneau-ecologie.org\/wp-content\/uploads\/2015\/03\/Landi-Le-Drian-03.jpg?w=676&amp;ssl=1 676w, https:\/\/i0.wp.com\/www.landerneau-ecologie.org\/wp-content\/uploads\/2015\/03\/Landi-Le-Drian-03.jpg?resize=300%2C149&amp;ssl=1 300w\" sizes=\"(max-width: 676px) 100vw, 676px\" data-recalc-dims=\"1\" \/><\/a><\/p>\n<p>Plus pr\u00e9cis\u00e9ment il est attendu au Relecq-Kerhuon, fief socialiste o\u00f9, comme ailleurs, le torchon commence \u00e0 br\u00fbler.<\/p>\n<p><a href=\"https:\/\/i0.wp.com\/www.landerneau-ecologie.org\/wp-content\/uploads\/2015\/03\/Landi-Le-Drian-04.jpg\"><img loading=\"lazy\" src=\"https:\/\/i0.wp.com\/www.landerneau-ecologie.org\/wp-content\/uploads\/2015\/03\/Landi-Le-Drian-04.jpg?resize=674%2C245\" alt=\"Landi Le Drian 04\" width=\"674\" height=\"245\" class=\"aligncenter size-full wp-image-1274\" srcset=\"https:\/\/i0.wp.com\/www.landerneau-ecologie.org\/wp-content\/uploads\/2015\/03\/Landi-Le-Drian-04.jpg?w=674&amp;ssl=1 674w, https:\/\/i0.wp.com\/www.landerneau-ecologie.org\/wp-content\/uploads\/2015\/03\/Landi-Le-Drian-04.jpg?resize=300%2C109&amp;ssl=1 300w\" sizes=\"(max-width: 674px) 100vw, 674px\" data-recalc-dims=\"1\" \/><\/a><\/p>\n<p><a href=\"http:\/\/www.letelegramme.fr\/finistere\/brest\/canton-de-guipavas-jean-yves-le-drian-en-campagne-au-relecq-kerhuon-09-03-2015-10550954.php?utm_source=rss_telegramme&amp;utm_medium=rss&amp;utm_campaign=rss&amp;xtor=RSS-21\">Le t\u00e9l\u00e9gramme<\/a><\/p>\n<p>L\u2019annonce \u00e9tait pain b\u00e9ni pour les citoyennes et citoyens de Landivisiau mobilis\u00e9(e)s contre le projet de centrale \u00e9lectrique au gaz que Le Drian, en personne, a d\u00e9cid\u00e9 de planter sur leurs terres. Ils et elles \u00e9taient donc au rendez-vous muni(e)s de leurs habituelles pancartes et banderoles.<\/p>\n<p><a href=\"https:\/\/i0.wp.com\/www.landerneau-ecologie.org\/wp-content\/uploads\/2015\/03\/Landi.08.jpg\"><img loading=\"lazy\" src=\"https:\/\/i0.wp.com\/www.landerneau-ecologie.org\/wp-content\/uploads\/2015\/03\/Landi.08.jpg?resize=558%2C356\" alt=\"Landi.08\" width=\"558\" height=\"356\" class=\"aligncenter size-full wp-image-1281\" srcset=\"https:\/\/i0.wp.com\/www.landerneau-ecologie.org\/wp-content\/uploads\/2015\/03\/Landi.08.jpg?w=558&amp;ssl=1 558w, https:\/\/i0.wp.com\/www.landerneau-ecologie.org\/wp-content\/uploads\/2015\/03\/Landi.08.jpg?resize=300%2C191&amp;ssl=1 300w\" sizes=\"(max-width: 558px) 100vw, 558px\" data-recalc-dims=\"1\" \/><\/a><\/p>\n<p>A la place du ministre de la guerre, ce sont bient\u00f4t des \u00e9missaires de la mairie socialiste qui viennent annoncer, bien embarrass\u00e9s, que le ministre de la guerre est retenu par d\u2019autres fronts. Qui sait m\u00eame si cette visite avait r\u00e9ellement \u00e9t\u00e9 programm\u00e9e et si son annonce n\u2019avait pas \u00e9t\u00e9 faite par erreur dans les m\u00e9dias ?<\/p>\n<p>Lesquels m\u00e9dias n\u2019h\u00e9sitaient pas le lendemain \u00e0 mettre les points sur les i.<\/p>\n<p><a href=\"https:\/\/i0.wp.com\/www.landerneau-ecologie.org\/wp-content\/uploads\/2015\/03\/Landi-Le-Drian-01.jpg\"><img loading=\"lazy\" src=\"https:\/\/i0.wp.com\/www.landerneau-ecologie.org\/wp-content\/uploads\/2015\/03\/Landi-Le-Drian-01.jpg?resize=681%2C620\" alt=\"Landi Le Drian 01\" width=\"681\" height=\"620\" class=\"aligncenter size-full wp-image-1275\" srcset=\"https:\/\/i0.wp.com\/www.landerneau-ecologie.org\/wp-content\/uploads\/2015\/03\/Landi-Le-Drian-01.jpg?w=681&amp;ssl=1 681w, https:\/\/i0.wp.com\/www.landerneau-ecologie.org\/wp-content\/uploads\/2015\/03\/Landi-Le-Drian-01.jpg?resize=300%2C273&amp;ssl=1 300w\" sizes=\"(max-width: 681px) 100vw, 681px\" data-recalc-dims=\"1\" \/><\/a><br \/>\n<a href=\"https:\/\/i0.wp.com\/www.landerneau-ecologie.org\/wp-content\/uploads\/2015\/03\/Landi-Le-Drian-02.jpg\"><img loading=\"lazy\" src=\"https:\/\/i0.wp.com\/www.landerneau-ecologie.org\/wp-content\/uploads\/2015\/03\/Landi-Le-Drian-02.jpg?resize=665%2C213\" alt=\"Landi Le Drian 02\" width=\"665\" height=\"213\" class=\"aligncenter size-full wp-image-1276\" srcset=\"https:\/\/i0.wp.com\/www.landerneau-ecologie.org\/wp-content\/uploads\/2015\/03\/Landi-Le-Drian-02.jpg?w=665&amp;ssl=1 665w, https:\/\/i0.wp.com\/www.landerneau-ecologie.org\/wp-content\/uploads\/2015\/03\/Landi-Le-Drian-02.jpg?resize=300%2C96&amp;ssl=1 300w\" sizes=\"(max-width: 665px) 100vw, 665px\" data-recalc-dims=\"1\" \/><\/a><br \/>\n<a href=\"https:\/\/www.letelegramme.fr\/finistere\/le-relecq-kerhuon\/jean-yves-le-drian-pas-de-porte-a-porte-du-ministre-au-relecq-kerhuon-09-03-2015-10551848.php\">Le t\u00e9l\u00e9gramme<\/a><\/p>\n<p>Mais Le Drian n\u2019a peut-\u00eatre pas dit son dernier mot.<\/p>\n<p><a href=\"https:\/\/i0.wp.com\/www.landerneau-ecologie.org\/wp-content\/uploads\/2015\/03\/Landi-Le-Drian-05.jpg\"><img loading=\"lazy\" src=\"https:\/\/i0.wp.com\/www.landerneau-ecologie.org\/wp-content\/uploads\/2015\/03\/Landi-Le-Drian-05.jpg?resize=475%2C408\" alt=\"Landi Le Drian 05\" width=\"475\" height=\"408\" class=\"aligncenter size-full wp-image-1277\" srcset=\"https:\/\/i0.wp.com\/www.landerneau-ecologie.org\/wp-content\/uploads\/2015\/03\/Landi-Le-Drian-05.jpg?w=475&amp;ssl=1 475w, https:\/\/i0.wp.com\/www.landerneau-ecologie.org\/wp-content\/uploads\/2015\/03\/Landi-Le-Drian-05.jpg?resize=300%2C257&amp;ssl=1 300w\" sizes=\"(max-width: 475px) 100vw, 475px\" data-recalc-dims=\"1\" \/><\/a><\/p>\n<p>Contre les dji-zadistes de Landivisiau il peut encore faire revenir le Charles de Gaulle.<\/p>\n<p>__________________________________________________________________________________________________________________________________________________<\/p>\n","protected":false},"excerpt":{"rendered":"<p>Lundi 9 Mars 2015. C\u2019est la panique dans les chaumi\u00e8res socialistes du Finist\u00e8re. Cela sent de plus en plus la d\u00e9route. Vite, faire revenir le g\u00e9n\u00e9ral en chef Le Drian qui s\u2019y conna\u00eet question d\u00e9fil\u00e9 devant le front des troupes. Plus pr\u00e9cis\u00e9ment il est attendu au Relecq-Kerhuon, fief socialiste o\u00f9, comme ailleurs, le torchon commence [&hellip;]<\/p>\n","protected":false},"author":2,"featured_media":0,"comment_status":"closed","ping_status":"closed","sticky":false,"template":"","format":"standard","meta":{"spay_email":"","jetpack_publicize_message":"","jetpack_is_tweetstorm":false,"jetpack_publicize_feature_enabled":true},"categories":[1],"tags":[],"jetpack_featured_media_url":"","jetpack_publicize_connections":[],"jetpack_sharing_enabled":true,"jetpack_shortlink":"https:\/\/wp.me\/pE6pS-kw","_links":{"self":[{"href":"https:\/\/www.landerneau-ecologie.org\/index.php?rest_route=\/wp\/v2\/posts\/1272"}],"collection":[{"href":"https:\/\/www.landerneau-ecologie.org\/index.php?rest_route=\/wp\/v2\/posts"}],"about":[{"href":"https:\/\/www.landerneau-ecologie.org\/index.php?rest_route=\/wp\/v2\/types\/post"}],"author":[{"embeddable":true,"href":"https:\/\/www.landerneau-ecologie.org\/index.php?rest_route=\/wp\/v2\/users\/2"}],"replies":[{"embeddable":true,"href":"https:\/\/www.landerneau-ecologie.org\/index.php?rest_route=%2Fwp%2Fv2%2Fcomments&post=1272"}],"version-history":[{"count":5,"href":"https:\/\/www.landerneau-ecologie.org\/index.php?rest_route=\/wp\/v2\/posts\/1272\/revisions"}],"predecessor-version":[{"id":1283,"href":"https:\/\/www.landerneau-ecologie.org\/index.php?rest_route=\/wp\/v2\/posts\/1272\/revisions\/1283"}],"wp:attachment":[{"href":"https:\/\/www.landerneau-ecologie.org\/index.php?rest_route=%2Fwp%2Fv2%2Fmedia&parent=1272"}],"wp:term":[{"taxonomy":"category","embeddable":true,"href":"https:\/\/www.landerneau-ecologie.org\/index.php?rest_route=%2Fwp%2Fv2%2Fcategories&post=1272"},{"taxonomy":"post_tag","embeddable":true,"href":"https:\/\/www.landerneau-ecologie.org\/index.php?rest_route=%2Fwp%2Fv2%2Ftags&post=1272"}],"curies":[{"name":"wp","href":"https:\/\/api.w.org\/{rel}","templated":true}]}}