{"id":1167,"date":"2014-11-29T22:27:04","date_gmt":"2014-11-29T20:27:04","guid":{"rendered":"http:\/\/www.landerneau-ecologie.org\/?p=1167"},"modified":"2014-12-01T11:08:23","modified_gmt":"2014-12-01T09:08:23","slug":"grande-cause-nationale-2015-en-bretagne-labandon-du-projet-de-centrale-electrique-a-gaz-de-landivisiau","status":"publish","type":"post","link":"https:\/\/www.landerneau-ecologie.org\/?p=1167","title":{"rendered":"Grande cause nationale 2015 en Bretagne. L\u2019abandon du projet de centrale \u00e9lectrique \u00e0 gaz de Landivisiau."},"content":{"rendered":"<p>&#8220;Pour soutenir les initiatives de la soci\u00e9t\u00e9, pour mobiliser tous les acteurs publics, nous avons d\u00e9cid\u00e9 que la lutte contre le d\u00e9r\u00e8glement climatique serait d\u00e9clar\u00e9e grande cause nationale de l\u2019ann\u00e9e 2015&#8221;, a dit le Premier ministre lors de son discours de cl\u00f4ture de la conf\u00e9rence environnementale.<\/p>\n<p>Une bonne nouvelle pour les habitants de Landivisiau qui luttent contre la construction d\u2019une centrale \u00e0 gaz \u00e0 leur porte ?<\/p>\n<p>__________________________________________________________________________________________________________________________________________________<\/p>\n<p><img src=\"https:\/\/i0.wp.com\/seaus.free.fr\/local\/cache-vignettes\/L500xH355\/landi.18_octobre.02-2-93e18.jpg\" alt=\"\" data-recalc-dims=\"1\" \/><\/p>\n<p>Manifestation \u00e0 Landivisiau. Particules fines avec Direct Energie : votre cancer vous dit merci !<\/p>\n<p>__________________________________________________________________________________________________________________________________________________<\/p>\n<p>Voil\u00e0 un projet de centrale, \u00e9mettrice de gaz \u00e0 effet de serre responsable du d\u00e9r\u00e8glement climatique et de particules fines dont les effets n\u00e9gatifs sur la sant\u00e9 sont connus.<\/p>\n<p>Voila un gouvernement qui annonce &#8220;soutenir les initiatives de la soci\u00e9t\u00e9&#8221; et &#8220;mobiliser tous les acteurs publics&#8221; contre le d\u00e9r\u00e8glement climatique. Qui prend conscience des risques pour la sant\u00e9 que font courir les particules fines et qui engage la sortie du diesel.<\/p>\n<p>Comment ce gouvernement pourrait-il imposer une centrale polluante \u00e0 Landivisiau contre la volont\u00e9 de la population de la ville ?<\/p>\n<p>La Bretagne pourrait-elle \u00eatre exclue de cette &#8220;grande cause nationale&#8221; ?<\/p>\n<p>Personne ne peut le croire.<br \/>\n<strong><br \/>\nAlors en Bretagne, &#8220;la Grande Cause Nationale 2015&#8221;, c\u2019est l\u2019abandon du projet de centrale \u00e9lectrique \u00e0 gaz de Landivisiau.<\/strong><\/p>\n<p>Voir aussi :<\/p>\n<p><a href=\"http:\/\/seaus.free.fr\/spip.php?article1196\"><strong>Pollution de l\u2019air par les particules fines \u00e0 Landivisiau.<\/strong><\/a><\/p>\n","protected":false},"excerpt":{"rendered":"<p>&#8220;Pour soutenir les initiatives de la soci\u00e9t\u00e9, pour mobiliser tous les acteurs publics, nous avons d\u00e9cid\u00e9 que la lutte contre le d\u00e9r\u00e8glement climatique serait d\u00e9clar\u00e9e grande cause nationale de l\u2019ann\u00e9e 2015&#8221;, a dit le Premier ministre lors de son discours de cl\u00f4ture de la conf\u00e9rence environnementale. Une bonne nouvelle pour les habitants de Landivisiau qui [&hellip;]<\/p>\n","protected":false},"author":2,"featured_media":0,"comment_status":"closed","ping_status":"closed","sticky":false,"template":"","format":"standard","meta":{"spay_email":"","jetpack_publicize_message":"","jetpack_is_tweetstorm":false,"jetpack_publicize_feature_enabled":true},"categories":[13,18,1],"tags":[],"jetpack_featured_media_url":"","jetpack_publicize_connections":[],"jetpack_sharing_enabled":true,"jetpack_shortlink":"https:\/\/wp.me\/pE6pS-iP","_links":{"self":[{"href":"https:\/\/www.landerneau-ecologie.org\/index.php?rest_route=\/wp\/v2\/posts\/1167"}],"collection":[{"href":"https:\/\/www.landerneau-ecologie.org\/index.php?rest_route=\/wp\/v2\/posts"}],"about":[{"href":"https:\/\/www.landerneau-ecologie.org\/index.php?rest_route=\/wp\/v2\/types\/post"}],"author":[{"embeddable":true,"href":"https:\/\/www.landerneau-ecologie.org\/index.php?rest_route=\/wp\/v2\/users\/2"}],"replies":[{"embeddable":true,"href":"https:\/\/www.landerneau-ecologie.org\/index.php?rest_route=%2Fwp%2Fv2%2Fcomments&post=1167"}],"version-history":[{"count":3,"href":"https:\/\/www.landerneau-ecologie.org\/index.php?rest_route=\/wp\/v2\/posts\/1167\/revisions"}],"predecessor-version":[{"id":1174,"href":"https:\/\/www.landerneau-ecologie.org\/index.php?rest_route=\/wp\/v2\/posts\/1167\/revisions\/1174"}],"wp:attachment":[{"href":"https:\/\/www.landerneau-ecologie.org\/index.php?rest_route=%2Fwp%2Fv2%2Fmedia&parent=1167"}],"wp:term":[{"taxonomy":"category","embeddable":true,"href":"https:\/\/www.landerneau-ecologie.org\/index.php?rest_route=%2Fwp%2Fv2%2Fcategories&post=1167"},{"taxonomy":"post_tag","embeddable":true,"href":"https:\/\/www.landerneau-ecologie.org\/index.php?rest_route=%2Fwp%2Fv2%2Ftags&post=1167"}],"curies":[{"name":"wp","href":"https:\/\/api.w.org\/{rel}","templated":true}]}}