{"id":982,"date":"2014-07-16T22:54:35","date_gmt":"2014-07-16T20:54:35","guid":{"rendered":"http:\/\/www.landerneau-ecologie.org\/?p=982"},"modified":"2014-07-17T10:20:15","modified_gmt":"2014-07-17T08:20:15","slug":"lettre-ouverte-a-mme-segolene-royal-demande-d%e2%80%99un-moratoire-sur-le-projet-de-centrale-electrique-a-cycle-combine-gaz-a-landivisiau","status":"publish","type":"post","link":"http:\/\/www.landerneau-ecologie.org\/?p=982","title":{"rendered":"Lettre ouverte \u00e0 Mme S\u00e9gol\u00e8ne ROYAL &#8211; Demande d\u2019un moratoire sur le projet de centrale \u00e9lectrique \u00e0 cycle combin\u00e9 gaz \u00e0 Landivisiau."},"content":{"rendered":"<p><a href=\"https:\/\/i0.wp.com\/www.landerneau-ecologie.org\/wp-content\/uploads\/2014\/07\/EELV.-logo-BZH.03.jpg\"><img loading=\"lazy\" src=\"https:\/\/i0.wp.com\/www.landerneau-ecologie.org\/wp-content\/uploads\/2014\/07\/EELV.-logo-BZH.03.jpg?resize=150%2C102\" alt=\"\" width=\"150\" height=\"102\" class=\"alignleft size-thumbnail wp-image-988\" data-recalc-dims=\"1\" \/><\/a><\/a><\/a><strong>Lettre ouverte de Ren\u00e9 Louail et Anne-Marie BOUDOU, pour le groupe Europe \u00c9cologie Les Verts au Conseil r\u00e9gional de Bretagne \/ Europa Ekologiezh Ar re C\u2019hlas.<\/strong><\/p>\n<p>Madame la Ministre,<\/p>\n<p>Le Pacte \u00e9lectrique breton est compos\u00e9 de trois volets : ma\u00eetrise de la demande en \u00e9lectricit\u00e9, production d\u2019\u00e9nergie renouvelable et s\u00e9curisation de l\u2019approvisionnement \u00e9lectrique r\u00e9gional. Nous soutenons fortement les orientations des deux premiers piliers de ce Pacte qui sont en ad\u00e9quation avec les objectifs de transition \u00e9nerg\u00e9tique port\u00e9s par le Pr\u00e9sident de la R\u00e9publique et le gouvernement.<\/p>\n<p>Le troisi\u00e8me volet, qui pr\u00e9voit la construction d\u2019une centrale \u00e0 cycle combin\u00e9 gaz (CCCG) de 400 MW en Nord Finist\u00e8re, est par contre en totale contradiction avec les enjeux \u00e9conomiques, sociaux et environnementaux auxquels il nous faut aujourd\u2019hui r\u00e9pondre.<\/p>\n<p><strong><br \/>\nNous sommes oppos\u00e9s \u00e0 sa mise en oeuvre.<\/strong><\/p>\n<p>Le Pacte \u00e9lectrique justifie la construction de cette nouvelle centrale par les menaces affich\u00e9es de \u00ab black-out \u00bb li\u00e9s aux pics de consommation \u00e9lectrique les jours de grand froid et par l\u2019augmentation de la consommation, en particulier due \u00e0 celle de la population, qui ne pourrait \u00eatre limit\u00e9e qu\u2019au tiers de la croissance tendancielle. Or, ces pics proviennent essentiellement du chauffage \u00e9lectrique, dont la France s\u2019est fait une sp\u00e9cialit\u00e9. Ce mode de chauffage, le plus on\u00e9reux, participe \u00e0 la pr\u00e9carit\u00e9 \u00e9nerg\u00e9tique des m\u00e9nages.<\/p>\n<p>Dans la derni\u00e8re \u00e9dition 2013 des Chiffres cl\u00e9s de l\u2019\u00e9nergie en Bretagne (GIP Bretagne Environnement), on peut lire : \u00ab Le chauffage est le premier usage de l\u2019\u00e9lectricit\u00e9 en Bretagne. (\u2026). La Bretagne comptait, en 2010, 37% de r\u00e9sidences principales chauff\u00e9es \u00e0 l\u2019\u00e9lectricit\u00e9 contre 32% au niveau national \u00bb. La solution n\u2019est donc pas dans la construction d\u2019un moyen de production suppl\u00e9mentaire, mais dans la concr\u00e9tisation d\u2019un mod\u00e8le \u00e9nerg\u00e9tique fond\u00e9 sur la sobri\u00e9t\u00e9, l\u2019efficacit\u00e9 \u00e9nerg\u00e9tique et les \u00e9nergies renouvelables. Ces secteurs \u00e9conomiques sont fortement cr\u00e9ateurs d\u2019emplois non d\u00e9localisables et peuvent participer au redressement industriel de notre pays.<\/p>\n<p><strong>Il est donc temps que la France prenne le train de l\u2019\u00e9nergie du 21\u00e8me si\u00e8cle et mette en oeuvre une politique au services de tous.<br \/>\n<\/strong><\/p>\n<p>La programmation pluriannuelle des investissements de production (PPI) 2009 a fix\u00e9 un objectif de 10 tranches au gaz \u00e0 l\u2019horizon 2012 en France. Au 1er janvier 2013 cet objectif \u00e9tait d\u00e9pass\u00e9, puisque 13 groupes de CCCG \u00e9taient en activit\u00e9. Depuis, GDF-Suez a annonc\u00e9 la mise \u00ab sous cocon \u00bb pour une p\u00e9riode ind\u00e9termin\u00e9e de deux groupes et l\u2019arr\u00eat, en \u00e9t\u00e9, de deux autres, dont celle de Montoir-de-Bretagne qui alimente la r\u00e9gion Bretagne. Par ailleurs, celle de Pont-sur-Sambre (Nord Pas de Calais) est en proc\u00e9dure de sauvegarde depuis mars 2012 et la toute nouvelle centrale de Toul, a peine mise en service, a \u00e9t\u00e9 arr\u00eat\u00e9e.<\/p>\n<p>De plus, sur le plan technologique, ces centrales, ont un rendement de l\u2019ordre de 55 %. Il est certes sup\u00e9rieur \u00e0 la g\u00e9n\u00e9ration pr\u00e9c\u00e9dente de centrale gaz, mais ce sont malgr\u00e9 tout 45 % de gaz qui sont gaspill\u00e9s puisque non convertis en \u00e9lectricit\u00e9. Ainsi, alors que la France importe 98 % de son gaz, que le d\u00e9ficit de sa balance commerciale est largement caus\u00e9 par les importations d\u2019\u00e9nergies fossiles, un tel d\u00e9veloppement de CCCG ne fera qu\u2019aggraver la d\u00e9pendance \u00e9nerg\u00e9tique de notre pays et exercer une pression accrue sur l\u2019acc\u00e8s \u00e0 la ressource, ce qui n\u2019est pas sans cons\u00e9quence au plan \u00e9conomique, \u00e9cologique et g\u00e9opolitique.<\/p>\n<p>Par ailleurs, toutes les CCCG en service fonctionnent moins de 3 500 heures par an et pour la plupart en dessous de 1 700 heures. Or, leur utilisation n\u2019est pas rentable \u00e0 moins de 4 000 heures.<\/p>\n<p>Le projet de centrale gaz de Landivisiau en nord Finist\u00e8re est d\u00e9finie par le Pacte \u00e9lectrique breton comme un outil cens\u00e9 permettre de r\u00e9pondre au ph\u00e9nom\u00e8ne de pointe \u00e9lectrique que conna\u00eet la Bretagne. Par ailleurs, le contrat avec Direct Energie-Siemens pr\u00e9voit un versement de 40 millions d\u2019euros par an sur 20 ans, soit 800 millions, en cas de non rentabilit\u00e9 de la centrale.<\/p>\n<p>La pointe de consommation \u00e9tant estim\u00e9e par EDF \u00e0 120 heures annuelles, on imagine mal que ce projet de centrale puisse atteindre son seuil de rentabilit\u00e9. La probabilit\u00e9 est ainsi extr\u00eamement forte pour que cette somme soit vers\u00e9e chaque ann\u00e9e. Elle sera pay\u00e9e par les abonn\u00e9s au gaz de toute la France par l\u2019interm\u00e9diaire de la CSPE. Cette contribution, tant d\u00e9cri\u00e9e par certains, qui devrait en priorit\u00e9 \u00eatre consacr\u00e9e au d\u00e9veloppement des fili\u00e8res d\u2019\u00e9nergies renouvelables, en particulier pour acc\u00e9l\u00e9rer la mise en oeuvre des projets en cours d\u2019\u00e9nergie marines et investir dans la perspective d\u2019autres unit\u00e9s : \u00e9oliennes off shore ancr\u00e9es comme au large de Saint Brieuc, \u00e9oliennes flottantes, hydroliennes&#8230;<\/p>\n<p>Le collectif Gaspare, qui regroupe plusieurs associations et mouvement politique, a \u00e9labor\u00e9, avec l\u2019aide d\u2019un bureau d\u2019\u00e9tudes, un sc\u00e9nario \u00e9lectrique alternatif breton pour la p\u00e9riode 2011-2025 qui d\u00e9montre qu\u2019il est tout \u00e0 fait possible de satisfaire les besoins de la Bretagne sans construire de centrale \u00e0 gaz. Il a \u00e9t\u00e9 rendu public le 18 janvier 2013 et, depuis, pr\u00e9sent\u00e9 et \u00e9tudi\u00e9 aupr\u00e8s de diverses instances. A l\u2019occasion, Monsieur Michel Cadot, Pr\u00e9fet de R\u00e9gion, avait salu\u00e9, par voie de presse, la qualit\u00e9 de ce travail et reconnu la l\u00e9gitimit\u00e9 du Collectif GASPARE. Les conclusions de ce Sc\u00e9nario ont amen\u00e9 le Collectif \u00e0 demander une mise \u00e0 jour du Pacte \u00e9lectrique breton.<\/p>\n<p>De plus, l\u2019avis d\u00e9lib\u00e9r\u00e9 et tant attendu du 25 juin 2014 de l\u2019Autorit\u00e9 environnementale sur l\u2019installation de cette centrale \u00e0 gaz et ses raccordements vient d\u2019\u00eatre publi\u00e9. Les nombreuses recommandations qu\u2019il contient r\u00e9v\u00e8lent d\u00e9j\u00e0 des manques dans &#8220;l\u2019\u00e9tude d\u2019impact unique r\u00e9alis\u00e9e sur le programme de travaux que constituent les projets de construction d\u2019une centrale \u00e0 cycle combin\u00e9 gaz \u00e0 Landivisiau par la compagnie \u00e9lectrique de Bretagne (CEB), de son raccordement par liaison souterraine de 18,3 km \u00e0 225 000 volts au r\u00e9seau \u00e9lectrique sur le poste RTE de La Martyre, et de son raccordement sur 20 km au r\u00e9seau de transport de gaz par GRTgaz&#8221;.<\/p>\n<p>Ainsi, au vu de ces \u00e9l\u00e9ments, il nous appara\u00eet urgent d\u2019avoir un v\u00e9ritable d\u00e9bat sur l\u2019opportunit\u00e9 et les cons\u00e9quences de l\u2019implantation des centrales \u00e9lectriques, notamment en termes de s\u00e9curit\u00e9 \u00e9nerg\u00e9tique, de p\u00e9rennit\u00e9 des services publics du gaz et de l\u2019\u00e9lectricit\u00e9, et de ma\u00eetrise des \u00e9missions de gaz \u00e0 effet de serre.<\/p>\n<p><strong>En cons\u00e9quence, nous vous demandons un moratoire sur le projet de construction d\u2019une centrale \u00e0 cycle combin\u00e9 gaz de Landivisiau.<\/strong><\/p>\n<p>La transition \u00e9nerg\u00e9tique pour sortir des \u00e9nergies fossiles (p\u00e9trole, gaz, charbon, uranium) est aussi possible en Bretagne au b\u00e9n\u00e9fice de l\u2019int\u00e9r\u00eat g\u00e9n\u00e9ral. L\u2019\u00c9tat et la R\u00e9gion Bretagne s\u2019honoreraient de s\u2019y engager d\u00e8s maintenant par cette d\u00e9cision et une acc\u00e9l\u00e9ration des deux autres volets du Pacte \u00e9lectrique breton.<\/p>\n<p>Ren\u00e9 Louail et Anne-Marie BOUDOU,<\/p>\n<p>pour le groupe &#8220;Europe \u00c9cologie Les Verts \/ Europa Ekologiezh Ar re C\u2019hlas&#8221; au Conseil r\u00e9gional de Bretagne.<\/p>\n<p>__________________________________________________________________________________________________________________________<br \/>\n<strong> Centrale de Landivisiau. Lettre ouverte des \u00e9cologistes \u00e0 S\u00e9gol\u00e8ne Royal<\/strong><\/p>\n<p>Le t\u00e9l\u00e9gramme : 17 juillet 2014<\/p>\n<p>Dans une lettre ouverte adress\u00e9e, hier, \u00e0 S\u00e9gol\u00e8ne Royal, ministre de l&#8217;\u00c9cologie, du D\u00e9veloppement durable et de l&#8217;\u00c9nergie, Ren\u00e9 Louail et Anne-Marie Boudou, \u00e9lus du groupe Europe \u00c9cologie Les Verts au conseil r\u00e9gional de Bretagne, demandent un moratoire sur le projet de centrale \u00e9lectrique \u00e0 cycle combin\u00e9 gaz \u00e0 Landivisiau. \u00ab Le Pacte \u00e9lectrique breton est compos\u00e9 de trois volets : ma\u00eetrise de la demande en \u00e9lectricit\u00e9, production d&#8217;\u00e9nergie renouvelable et s\u00e9curisation de l&#8217;approvisionnement \u00e9lectrique r\u00e9gional. Nous soutenons fortement les orientations des deux premiers piliers (&#8230;) en ad\u00e9quation avec les objectifs de transition \u00e9nerg\u00e9tique port\u00e9s par le pr\u00e9sident de la R\u00e9publique et le gouvernement. Le troisi\u00e8me volet, qui pr\u00e9voit la construction d&#8217;une centrale \u00e0 cycle combin\u00e9 gaz (CCCG) de 400 MW en Nord-Finist\u00e8re, est, en revanche, en totale contradiction avec les enjeux \u00e9conomiques, sociaux et environnementaux auxquels il nous faut aujourd&#8217;hui r\u00e9pondre \u00bb, d\u00e9clarent les signataires. \u00ab Le Pacte \u00e9lectrique justifie la construction de cette nouvelle centrale par les menaces affich\u00e9es de &#8220;black-out&#8221; li\u00e9s aux pics de consommation \u00e9lectrique les jours de grand froid et par l&#8217;augmentation de la consommation, en particulier due \u00e0 celle de la population, qui ne pourrait \u00eatre limit\u00e9e qu&#8217;au tiers de la croissance tendancielle. Or, ces pics proviennent essentiellement du chauffage \u00e9lectrique (&#8230;). Ce mode de chauffage, le plus on\u00e9reux, participe \u00e0 la pr\u00e9carit\u00e9 \u00e9nerg\u00e9tique des m\u00e9nages. Le chauffage est le premier usage de l&#8217;\u00e9lectricit\u00e9 en Bretagne. La solution n&#8217;est donc pas dans la construction d&#8217;un moyen de production suppl\u00e9mentaire, mais dans la concr\u00e9tisation d&#8217;un mod\u00e8le \u00e9nerg\u00e9tique fond\u00e9 sur la sobri\u00e9t\u00e9, l&#8217;efficacit\u00e9 \u00e9nerg\u00e9tique et les \u00e9nergies renouvelables \u00bb. En conclusion, les \u00e9lus citent le r\u00e9cent avis de l&#8217;Autorit\u00e9 environnementale sur ce dossier, qui r\u00e9v\u00e8le \u00ab d\u00e9j\u00e0 des manques dans &#8220;l&#8217;\u00e9tude d&#8217;impact unique r\u00e9alis\u00e9e sur le programme de travaux (&#8230;)&#8221;. Il nous appara\u00eet urgent d&#8217;avoir un v\u00e9ritable d\u00e9bat sur l&#8217;opportunit\u00e9 et les cons\u00e9quences de l&#8217;implantation des centrales \u00e9lectriques (&#8230;) \u00bb. <\/p>\n<p>__________________________________________________________________________________________________________________________________<\/p>\n","protected":false},"excerpt":{"rendered":"<p>Lettre ouverte de Ren\u00e9 Louail et Anne-Marie BOUDOU, pour le groupe Europe \u00c9cologie Les Verts au Conseil r\u00e9gional de Bretagne \/ Europa Ekologiezh Ar re C\u2019hlas. Madame la Ministre, Le Pacte \u00e9lectrique breton est compos\u00e9 de trois volets : ma\u00eetrise de la demande en \u00e9lectricit\u00e9, production d\u2019\u00e9nergie renouvelable et s\u00e9curisation de l\u2019approvisionnement \u00e9lectrique r\u00e9gional. Nous [&hellip;]<\/p>\n","protected":false},"author":2,"featured_media":0,"comment_status":"closed","ping_status":"closed","sticky":false,"template":"","format":"standard","meta":{"spay_email":"","jetpack_publicize_message":"","jetpack_is_tweetstorm":false,"jetpack_publicize_feature_enabled":true},"categories":[18],"tags":[],"jetpack_featured_media_url":"","jetpack_publicize_connections":[],"jetpack_sharing_enabled":true,"jetpack_shortlink":"https:\/\/wp.me\/pE6pS-fQ","_links":{"self":[{"href":"http:\/\/www.landerneau-ecologie.org\/index.php?rest_route=\/wp\/v2\/posts\/982"}],"collection":[{"href":"http:\/\/www.landerneau-ecologie.org\/index.php?rest_route=\/wp\/v2\/posts"}],"about":[{"href":"http:\/\/www.landerneau-ecologie.org\/index.php?rest_route=\/wp\/v2\/types\/post"}],"author":[{"embeddable":true,"href":"http:\/\/www.landerneau-ecologie.org\/index.php?rest_route=\/wp\/v2\/users\/2"}],"replies":[{"embeddable":true,"href":"http:\/\/www.landerneau-ecologie.org\/index.php?rest_route=%2Fwp%2Fv2%2Fcomments&post=982"}],"version-history":[{"count":1,"href":"http:\/\/www.landerneau-ecologie.org\/index.php?rest_route=\/wp\/v2\/posts\/982\/revisions"}],"predecessor-version":[{"id":984,"href":"http:\/\/www.landerneau-ecologie.org\/index.php?rest_route=\/wp\/v2\/posts\/982\/revisions\/984"}],"wp:attachment":[{"href":"http:\/\/www.landerneau-ecologie.org\/index.php?rest_route=%2Fwp%2Fv2%2Fmedia&parent=982"}],"wp:term":[{"taxonomy":"category","embeddable":true,"href":"http:\/\/www.landerneau-ecologie.org\/index.php?rest_route=%2Fwp%2Fv2%2Fcategories&post=982"},{"taxonomy":"post_tag","embeddable":true,"href":"http:\/\/www.landerneau-ecologie.org\/index.php?rest_route=%2Fwp%2Fv2%2Ftags&post=982"}],"curies":[{"name":"wp","href":"https:\/\/api.w.org\/{rel}","templated":true}]}}