{"id":784,"date":"2010-10-27T22:41:23","date_gmt":"2010-10-27T20:41:23","guid":{"rendered":"http:\/\/www.landerneau-ecologie.org\/?p=784"},"modified":"2010-10-28T10:52:24","modified_gmt":"2010-10-28T08:52:24","slug":"sivu-de-landerneau-spl","status":"publish","type":"post","link":"http:\/\/www.landerneau-ecologie.org\/?p=784","title":{"rendered":"SIVU de Landerneau \/ SPL"},"content":{"rendered":"<p style=\"text-align: justify;\">N&#8217;ayant pas la possibilit\u00e9 de s&#8217;exprimer au niveau du SIVU, DES souhaite r\u00e9agir \u00e0 la r\u00e9cente d\u00e9cision d&#8217;adh\u00e9rer \u00e0 la SPL<br \/>\nLa premi\u00e8re question qui nous vient \u00e0 l&#8217;esprit est \u00ab quelles sont les raisons qui ont conduit \u00e0 rejeter la r\u00e9gie publique ? \u00bb. A cette question le SIVU ne r\u00e9pond pas, ce qui est compr\u00e9hensible puisque l&#8217;\u00e9tude command\u00e9e sur l&#8217;analyse des co\u00fbts et sur l&#8217;audit de Veolia ne sera disponible qu&#8217;en fin d&#8217;ann\u00e9e. Pourtant la d\u00e9cision d&#8217;opter pour la SPL a \u00e9t\u00e9 prise en octobre et implique le rejet de la r\u00e9gie. Cette pr\u00e9cipitation ne peut s&#8217;expliquer que par la pression exerc\u00e9e par BMO sur les membres du SIVU. En tout \u00e9tat de cause, il est clair que ce n&#8217;est pas une r\u00e9flexion sereine qui a pr\u00e9valu.<\/p>\n<p style=\"text-align: justify;\">Attachons-nous maintenant \u00e0 la SPL, puisque c&#8217;est la d\u00e9cision qui a \u00e9t\u00e9 prise.<\/p>\n<p style=\"text-align: justify;\">La bonne nouvelle apparente est la volont\u00e9 de rompre avec Veolia et de se s\u00e9parer de ce carcan qui p\u00e8se sur la facture d&#8217;eau. C&#8217;est vrai, SAUF si la SPL ne nous impose pas d&#8217;autres carcans. Nous trouvons dans la lecture des statuts plusieurs motifs d&#8217;inqui\u00e9tudes :<\/p>\n<ul style=\"text-align: justify;\">\n<li><strong>BMO d\u00e9tient 90% du capital<\/strong>. Comment peut-on imaginer que le SIVU pourra r\u00e9sister au rouleau compresseur BMO. Patrick Leclerc indique qu&#8217;il y aura une minorit\u00e9 de blocage \u00e0 propos des d\u00e9cisions d&#8217;investissement. C&#8217;EST FAUX. La lecture des statuts montre que le vote se fait \u00e0 la majorit\u00e9, c&#8217;est \u00e0 dire avec les seules voix de BMO. La minorit\u00e9 de blocage n&#8217;est envisag\u00e9e que pour la r\u00e9vision des statuts.<\/li>\n<li><strong>Pratique d\u00e9mocratique \u00e0 minima<\/strong>. Les seules obligations de restitution pr\u00e9vues sont de rendre compte une fois par an des comptes de la SPL et des \u00e9ventuelles modifications statutaires. Les statuts de la SPL ne garantissant pas la transparence, on peut craindre une gestion des plus opaques.<\/li>\n<li><strong>Les statuts ne garantissent pas une gestion publique de l&#8217;eau<\/strong> puisque la SPL pourra passer des march\u00e9s avec des entreprises ext\u00e9rieures avec la plus grande libert\u00e9. On peut m\u00eame craindre qu&#8217;apr\u00e8s avoir chass\u00e9 Veolia par la porte, cette soci\u00e9t\u00e9 ne revienne par la fen\u00eatre.<\/li>\n<\/ul>\n<p style=\"text-align: justify;\">Enfin, il faut d\u00e9noncer le fondement m\u00eame sur lequel est bas\u00e9 la SPL. La lecture des statuts est \u00e9difiante. En 22 pages le mot \u00ab usager \u00bb n&#8217;est employ\u00e9 qu&#8217;une seule fois, tandis que des mots comme \u00ab actionnaire \u00bb, \u00ab souscriptions d&#8217;actions \u00bb, \u00ab augmentation de capital \u00bb, \u00ab b\u00e9n\u00e9fices \u00bb, \u00ab distribution de dividendes \u00bb&#8230;. \u00e9maillent les statuts. De plus, 3 pages sont consacr\u00e9es \u00e0 la r\u00e9mun\u00e9ration des administrateurs (\u00e9lus), du pr\u00e9sident (\u00e9lu) et du directeur qui peut \u00eatre nomm\u00e9 parmi les \u00e9lus. Toutes ces dispositions constituent un v\u00e9ritable motif d&#8217;inqui\u00e9tude pour la d\u00e9mocratie. En tout \u00e9tat de cause <strong>les statuts de la SPL ne correspondent pas \u00e0 l&#8217;id\u00e9e que nous nous faisons des services publics<\/strong>.<\/p>\n<p style=\"text-align: justify;\">Pourtant nous voulons garder espoirs le SIVU a la possibilit\u00e9 de revendre ses participations. C&#8217;est le v\u0153ux que nous formons. Il est temps que le SIVU revoit sa strat\u00e9gie et \u00e9tudie s\u00e9rieusement une r\u00e9gie 100 % publique et de proximit\u00e9 \u00e0 l&#8217;\u00e9chelle de notre territoire quitte \u00e0 l&#8217;\u00e9largir \u00e0 celui de la communaut\u00e9 de communes. Nous avons r\u00e9ussi cela avec brio concernant l&#8217;assainissement, pourquoi ne pas le tenter avec la distribution de l&#8217;eau ?<\/p>\n","protected":false},"excerpt":{"rendered":"<p>N&#8217;ayant pas la possibilit\u00e9 de s&#8217;exprimer au niveau du SIVU, DES souhaite r\u00e9agir \u00e0 la r\u00e9cente d\u00e9cision d&#8217;adh\u00e9rer \u00e0 la SPL La premi\u00e8re question qui nous vient \u00e0 l&#8217;esprit est \u00ab quelles sont les raisons qui ont conduit \u00e0 rejeter la r\u00e9gie publique ? \u00bb. A cette question le SIVU ne r\u00e9pond pas, ce qui [&hellip;]<\/p>\n","protected":false},"author":3,"featured_media":0,"comment_status":"closed","ping_status":"closed","sticky":false,"template":"","format":"standard","meta":{"spay_email":"","jetpack_publicize_message":"","jetpack_is_tweetstorm":false,"jetpack_publicize_feature_enabled":true},"categories":[6],"tags":[],"jetpack_featured_media_url":"","jetpack_publicize_connections":[],"jetpack_sharing_enabled":true,"jetpack_shortlink":"https:\/\/wp.me\/pE6pS-cE","_links":{"self":[{"href":"http:\/\/www.landerneau-ecologie.org\/index.php?rest_route=\/wp\/v2\/posts\/784"}],"collection":[{"href":"http:\/\/www.landerneau-ecologie.org\/index.php?rest_route=\/wp\/v2\/posts"}],"about":[{"href":"http:\/\/www.landerneau-ecologie.org\/index.php?rest_route=\/wp\/v2\/types\/post"}],"author":[{"embeddable":true,"href":"http:\/\/www.landerneau-ecologie.org\/index.php?rest_route=\/wp\/v2\/users\/3"}],"replies":[{"embeddable":true,"href":"http:\/\/www.landerneau-ecologie.org\/index.php?rest_route=%2Fwp%2Fv2%2Fcomments&post=784"}],"version-history":[{"count":1,"href":"http:\/\/www.landerneau-ecologie.org\/index.php?rest_route=\/wp\/v2\/posts\/784\/revisions"}],"predecessor-version":[{"id":785,"href":"http:\/\/www.landerneau-ecologie.org\/index.php?rest_route=\/wp\/v2\/posts\/784\/revisions\/785"}],"wp:attachment":[{"href":"http:\/\/www.landerneau-ecologie.org\/index.php?rest_route=%2Fwp%2Fv2%2Fmedia&parent=784"}],"wp:term":[{"taxonomy":"category","embeddable":true,"href":"http:\/\/www.landerneau-ecologie.org\/index.php?rest_route=%2Fwp%2Fv2%2Fcategories&post=784"},{"taxonomy":"post_tag","embeddable":true,"href":"http:\/\/www.landerneau-ecologie.org\/index.php?rest_route=%2Fwp%2Fv2%2Ftags&post=784"}],"curies":[{"name":"wp","href":"https:\/\/api.w.org\/{rel}","templated":true}]}}