{"id":771,"date":"2010-10-08T22:41:02","date_gmt":"2010-10-08T20:41:02","guid":{"rendered":"http:\/\/www.landerneau-ecologie.org\/?p=771"},"modified":"2010-10-19T20:51:02","modified_gmt":"2010-10-19T18:51:02","slug":"non-a-la-motion-tgv-paris-brestquimper","status":"publish","type":"post","link":"http:\/\/www.landerneau-ecologie.org\/?p=771","title":{"rendered":"Motion TGV Paris-Brest\/Quimper &#8211; D\u00e9claration"},"content":{"rendered":"<p style=\"text-align: justify;\">La motion pr\u00e9sent\u00e9e comporte plusieurs points auxquels les \u00e9cologistes sont oppos\u00e9s. Cependant par souci de consensus, je souhaite pr\u00e9senter un amendement qui, s&#8217;il \u00e9tait adopt\u00e9, me permettrait de voter pour la motion malgr\u00e9 les points n\u00e9gatifs.<\/p>\n<p style=\"text-align: justify;\">Tout d&#8217;abord, je voudrais expliquer les points pour lesquels je ne suis pas d&#8217;accord avec le texte de la motion:<\/p>\n<ol style=\"text-align: justify;\">\n<li>Cette motion ne prend pas en compte l&#8217;objectif principal qui se fait jour et qui est d\u00e9fini \u00e0 Paris. Il s&#8217;agit en priorit\u00e9 de relier Paris \u00e0 Rennes en 1h30, de Paris \u00e0 Nantes, et d&#8217;assurer une jonction Rennes-Nantes pour desservir l&#8217;a\u00e9roport de Notre-Dame-des-Landes. J&#8217;en veux pour preuve la d\u00e9claration de Jacques K\u00fchn le pr\u00e9sident de la CCI de Brest qui d\u00e9clarait, il y a quelques mois, que les bretons avaient \u00e9t\u00e9 roul\u00e9s dans la farine. Il d\u00e9plorait la finalit\u00e9 principale du projet visant \u00e0 relier l&#8217;a\u00e9roport de Notre-Dame-des-Landes et d\u00e9plorait \u00e9galement l&#8217;abandon de la technologie du pendulaire, solution que les Verts avaient propos\u00e9e d\u00e8s 1998. Le s\u00e9nateur Fran\u00e7ois Marc atteste aussi de cette vision justifiant l&#8217;a\u00e9roport de Notre-Dame-des-Landes dans une intervention publique qu&#8217;il a faite il y a un an au S\u00e9nat. Les \u00e9cologistes ont toujours propos\u00e9 que la priorit\u00e9 soit accord\u00e9e \u00e0 la modernisation du r\u00e9seau breton.<\/li>\n<li>Je ne comprend pas que le conseil municipal s&#8217;arque-boute sur la demande de mettre Brest \u00e0 3 heures de Paris. En effet cela consiste \u00e0 admettre implicitement que les TGV ne s&#8217;arr\u00eateront plus \u00e0 Landerneau et qu&#8217;il faudra aller chercher les jeunes ou bien les personnes \u00e2g\u00e9es \u00e0 la gare de Brest avec les pertes de temps que cela implique. Pour un landern\u00e9en, r\u00e9clamer cet objectif de dur\u00e9e consiste \u00e0 se tirer une balle dans le pied.<\/li>\n<li>Texte de l&#8217;amendement : \u00ab le conseil municipal de Landerneau demande aux conseil g\u00e9n\u00e9raux de Bretagne et au conseil r\u00e9gional de Bretagne de revoir leur participation au projet de financement pour l&#8217;affecter de fa\u00e7on majoritaire au r\u00e9seau ferr\u00e9 breton. \u00bb<\/li>\n<\/ol>\n<p><center><\/p>\n<table style=\"text-align: justify;\" border=\"1\">\n<tbody>\n<tr>\n<td><strong>Explication<\/strong><\/td>\n<td><strong>Financement du projet global (millions d&#8217;euros)<\/strong><\/td>\n<\/tr>\n<tr>\n<td>RFF<\/td>\n<td>1 020<\/td>\n<\/tr>\n<tr>\n<td>Etat<\/td>\n<td>776<\/td>\n<\/tr>\n<tr>\n<td>Pays de Loire<\/td>\n<td>94<\/td>\n<\/tr>\n<tr>\n<td>Conseil r\u00e9gional de Bretagnet<\/td>\n<td>634<\/td>\n<\/tr>\n<tr>\n<td>Conseil g\u00e9n\u00e9ral des C\u00f4tes d&#8217;Armor<\/td>\n<td>72<\/td>\n<\/tr>\n<tr>\n<td>Conseil g\u00e9n\u00e9ral du Finist\u00e8re<\/td>\n<td>104<\/td>\n<\/tr>\n<tr>\n<td>Conseil g\u00e9n\u00e9ral d&#8217;Ile et Vilaine<\/td>\n<td>90<\/td>\n<\/tr>\n<tr>\n<td>Conseil g\u00e9n\u00e9ral du Morbihan<\/td>\n<td>0<\/td>\n<\/tr>\n<tr>\n<td>Ville de Rennes<\/td>\n<td>90<\/td>\n<\/tr>\n<tr>\n<td>Ville de Saint Malo<\/td>\n<td>9<\/td>\n<\/tr>\n<\/tbody>\n<\/table>\n<p><\/center><\/p>\n<p style=\"text-align: justify;\">Le co\u00fbt de la partie bretonne du projet global atteignant environ 214 000 000 euros, on voit bien que les collectivit\u00e9s bretonnes pourraient subvenir seules aux besoins de financement de la modernisation du r\u00e9seau ferr\u00e9 breton. Elles ont donc tout int\u00e9r\u00eat \u00e0 prendre leur destin en mains en r\u00e9orientant leur participation financi\u00e8re.<\/p>\n<p style=\"text-align: justify;\">A lire \u00e9galement l&#8217;article <a href=\"http:\/\/seaus.free.fr\/spip.php?article689\">TGV Ouest. Les bretons roul\u00e9s dans la farine<\/a>.<\/p>\n","protected":false},"excerpt":{"rendered":"<p>La motion pr\u00e9sent\u00e9e comporte plusieurs points auxquels les \u00e9cologistes sont oppos\u00e9s. Cependant par souci de consensus, je souhaite pr\u00e9senter un amendement qui, s&#8217;il \u00e9tait adopt\u00e9, me permettrait de voter pour la motion malgr\u00e9 les points n\u00e9gatifs. Tout d&#8217;abord, je voudrais expliquer les points pour lesquels je ne suis pas d&#8217;accord avec le texte de la [&hellip;]<\/p>\n","protected":false},"author":3,"featured_media":0,"comment_status":"closed","ping_status":"closed","sticky":false,"template":"","format":"standard","meta":{"spay_email":"","jetpack_publicize_message":"","jetpack_is_tweetstorm":false,"jetpack_publicize_feature_enabled":true},"categories":[10],"tags":[],"jetpack_featured_media_url":"","jetpack_publicize_connections":[],"jetpack_sharing_enabled":true,"jetpack_shortlink":"https:\/\/wp.me\/pE6pS-cr","_links":{"self":[{"href":"http:\/\/www.landerneau-ecologie.org\/index.php?rest_route=\/wp\/v2\/posts\/771"}],"collection":[{"href":"http:\/\/www.landerneau-ecologie.org\/index.php?rest_route=\/wp\/v2\/posts"}],"about":[{"href":"http:\/\/www.landerneau-ecologie.org\/index.php?rest_route=\/wp\/v2\/types\/post"}],"author":[{"embeddable":true,"href":"http:\/\/www.landerneau-ecologie.org\/index.php?rest_route=\/wp\/v2\/users\/3"}],"replies":[{"embeddable":true,"href":"http:\/\/www.landerneau-ecologie.org\/index.php?rest_route=%2Fwp%2Fv2%2Fcomments&post=771"}],"version-history":[{"count":1,"href":"http:\/\/www.landerneau-ecologie.org\/index.php?rest_route=\/wp\/v2\/posts\/771\/revisions"}],"predecessor-version":[{"id":783,"href":"http:\/\/www.landerneau-ecologie.org\/index.php?rest_route=\/wp\/v2\/posts\/771\/revisions\/783"}],"wp:attachment":[{"href":"http:\/\/www.landerneau-ecologie.org\/index.php?rest_route=%2Fwp%2Fv2%2Fmedia&parent=771"}],"wp:term":[{"taxonomy":"category","embeddable":true,"href":"http:\/\/www.landerneau-ecologie.org\/index.php?rest_route=%2Fwp%2Fv2%2Fcategories&post=771"},{"taxonomy":"post_tag","embeddable":true,"href":"http:\/\/www.landerneau-ecologie.org\/index.php?rest_route=%2Fwp%2Fv2%2Ftags&post=771"}],"curies":[{"name":"wp","href":"https:\/\/api.w.org\/{rel}","templated":true}]}}