{"id":767,"date":"2010-10-03T22:45:46","date_gmt":"2010-10-03T20:45:46","guid":{"rendered":"http:\/\/www.landerneau-ecologie.org\/?p=767"},"modified":"2010-10-03T22:50:20","modified_gmt":"2010-10-03T20:50:20","slug":"767","status":"publish","type":"post","link":"http:\/\/www.landerneau-ecologie.org\/?p=767","title":{"rendered":"Am\u00e9liorons le service de bus"},"content":{"rendered":"<p style=\"text-align: justify;\">Quelque soit la bonne qualit\u00e9 du service rendu par le d\u00e9l\u00e9gataire du service public, la T.E.T., il est surprenant qu&#8217;il intervienne publiquement pour vanter la qualit\u00e9 du service rendu aux landern\u00e9ens car on ne peut pas \u00eatre \u00e0 la fois juge et partie.<br \/>\nD.E.S se f\u00e9licite \u00e9galement de la fr\u00e9quentation en hausse du bus \u00e0 Landerneau. N\u00e9anmoins nous ne nous reconnaissons pas dans l&#8217;affirmation que le service va stagner dans le futur.<br \/>\nIl est n\u00e9cessaire d&#8217;apporter un regard plus critique que celui de la T.E.T. sur la situation du service.<\/p>\n<ul style=\"text-align: justify;\">\n<li>Avoir atteint un niveau de 500 abonnements est une \u00e9tape significative, mais il faut consid\u00e9rer que cela ne repr\u00e9sente qu&#8217;\u00e0 peine 3% de la population landern\u00e9enne et  concerne en grande majorit\u00e9 les transports scolaires. Nous sommes convaincus que  le doublement des abonnements est possible si la municipalit\u00e9 s&#8217;en donne le moyen.<\/li>\n<li>Il faut imaginer une politique permettant aux usagers de prendre le bus plus syst\u00e9matiquement. La gratuit\u00e9 du service est une possibilit\u00e9; il faut l&#8217;\u00e9tudier. La simplification des parcours est n\u00e9cessaire; Monsieur Labat le reconna\u00eet implicitement. La municipalit\u00e9 a la possibilit\u00e9 de proposer une \u00e9volution du reversement transport par les entreprises.<\/li>\n<li>La municipalit\u00e9 doit encourager les exp\u00e9riences de p\u00e9dibus actuellement en cours et peut prendre des initiatives en mati\u00e8re d&#8217;am\u00e9nagement (point de regroupage &#8230;)<\/li>\n<li>Le service de transport en commun peut \u00eatre \u00e9tendu \u00e0 l&#8217;ensemble de la communaut\u00e9 de communes. Les cinq nouveaux arr\u00eats dans le bas de Plou\u00e9dern ne sont qu&#8217;une  avanc\u00e9e tr\u00e8s timide. L&#8217;ensemble des communes environnantes peuvent \u00eatre desservies par le bus, ainsi que leurs zones industrielles. Pour les autres communes, pourquoi ne pas imaginer un service \u00ab \u00e0 la demande \u00bb comme cela se pratique dans de nombreuses collectivit\u00e9s rurales ?<\/li>\n<\/ul>\n<p style=\"text-align: justify;\">On le voit, les marges de man\u0153uvres sont importantes. Il suffit d&#8217;observer les embouteillages quotidiens sur les quais et aux abords des \u00e9tablissements scolaires pour en \u00eatre convaincu.<\/p>\n","protected":false},"excerpt":{"rendered":"<p>Quelque soit la bonne qualit\u00e9 du service rendu par le d\u00e9l\u00e9gataire du service public, la T.E.T., il est surprenant qu&#8217;il intervienne publiquement pour vanter la qualit\u00e9 du service rendu aux landern\u00e9ens car on ne peut pas \u00eatre \u00e0 la fois juge et partie. D.E.S se f\u00e9licite \u00e9galement de la fr\u00e9quentation en hausse du bus \u00e0 [&hellip;]<\/p>\n","protected":false},"author":3,"featured_media":0,"comment_status":"closed","ping_status":"closed","sticky":false,"template":"","format":"standard","meta":{"spay_email":"","jetpack_publicize_message":"","jetpack_is_tweetstorm":false,"jetpack_publicize_feature_enabled":true},"categories":[10],"tags":[],"jetpack_featured_media_url":"","jetpack_publicize_connections":[],"jetpack_sharing_enabled":true,"jetpack_shortlink":"https:\/\/wp.me\/sE6pS-767","_links":{"self":[{"href":"http:\/\/www.landerneau-ecologie.org\/index.php?rest_route=\/wp\/v2\/posts\/767"}],"collection":[{"href":"http:\/\/www.landerneau-ecologie.org\/index.php?rest_route=\/wp\/v2\/posts"}],"about":[{"href":"http:\/\/www.landerneau-ecologie.org\/index.php?rest_route=\/wp\/v2\/types\/post"}],"author":[{"embeddable":true,"href":"http:\/\/www.landerneau-ecologie.org\/index.php?rest_route=\/wp\/v2\/users\/3"}],"replies":[{"embeddable":true,"href":"http:\/\/www.landerneau-ecologie.org\/index.php?rest_route=%2Fwp%2Fv2%2Fcomments&post=767"}],"version-history":[{"count":0,"href":"http:\/\/www.landerneau-ecologie.org\/index.php?rest_route=\/wp\/v2\/posts\/767\/revisions"}],"wp:attachment":[{"href":"http:\/\/www.landerneau-ecologie.org\/index.php?rest_route=%2Fwp%2Fv2%2Fmedia&parent=767"}],"wp:term":[{"taxonomy":"category","embeddable":true,"href":"http:\/\/www.landerneau-ecologie.org\/index.php?rest_route=%2Fwp%2Fv2%2Fcategories&post=767"},{"taxonomy":"post_tag","embeddable":true,"href":"http:\/\/www.landerneau-ecologie.org\/index.php?rest_route=%2Fwp%2Fv2%2Ftags&post=767"}],"curies":[{"name":"wp","href":"https:\/\/api.w.org\/{rel}","templated":true}]}}