{"id":764,"date":"2010-09-21T21:54:25","date_gmt":"2010-09-21T19:54:25","guid":{"rendered":"http:\/\/www.landerneau-ecologie.org\/?p=764"},"modified":"2010-09-21T21:56:57","modified_gmt":"2010-09-21T19:56:57","slug":"arbitrage-budgetaire","status":"publish","type":"post","link":"http:\/\/www.landerneau-ecologie.org\/?p=764","title":{"rendered":"Arbitrages budg\u00e9taires"},"content":{"rendered":"<p style=\"text-align: justify;\">La d\u00e9claration de la majorit\u00e9 municipale de r\u00e9fl\u00e9chir, d\u00e9j\u00e0, \u00e0 des arbitrages budg\u00e9taires pour 2011 a de quoi surprendre.<\/p>\n<p style=\"text-align: justify;\">Le plus surprenant c&#8217;est d&#8217;engager la d\u00e9marche d\u00e8s le mois de septembre et ceci d&#8217;autant plus que Patrick Leclerc pla\u00e7ait son budget 2010 sous le sceau de la rigueur et de la vigilance (OF 1er f\u00e9vrier 2010). La toute r\u00e9cente d\u00e9claration peut laisser penser qu&#8217;il y a eu des d\u00e9rives budg\u00e9taires non ma\u00eetris\u00e9es en 2010, ce qui semble donner raison \u00e0 nos d\u00e9clarations de d\u00e9but d&#8217;ann\u00e9e \u00ab\u00a0le budget ne comporte ni rigueur, ni solidarit\u00e9, ni environnement\u00a0\u00bb.<\/p>\n<p style=\"text-align: justify;\">Pour 2011, nous serons tout aussi vigilants. C&#8217;est donc le moment o\u00f9 jamais de lancer une v\u00e9ritable politique de sobri\u00e9t\u00e9 pour la ville en mati\u00e8re de d\u00e9penses \u00e9nerg\u00e9tiques, de consommables etc&#8230;<\/p>\n<ul style=\"text-align: justify;\">\n<li>Un poste \u00ab\u00a0Monsieur, Madame \u00e9nergie\u00a0\u00bb est de plus en plus d&#8217;actualit\u00e9. Ce serait un geste fort pour mettre la ville dans la voie de l&#8217;exemplarit\u00e9 recherch\u00e9e.<\/li>\n<li>De m\u00eame il conviendra d&#8217;\u00eatre beaucoup plus rigoureux en mati\u00e8re de subventions ou d&#8217;aides directes \u00e0 des manifestations comme la \u00ab\u00a0f\u00eate du bruit dans Landerneau\u00a0\u00bb, devenue aujourd&#8217;hui opulente.<\/li>\n<li>Qu&#8217;en est-il de \u00ab\u00a0l&#8217;imp\u00f4t\u00a0\u00bb Saint Jo ? Les landern\u00e9ens vont-ils continuer \u00e0 le payer durant des ann\u00e9es (180 000 euros\/ans) ?<\/li>\n<\/ul>\n","protected":false},"excerpt":{"rendered":"<p>La d\u00e9claration de la majorit\u00e9 municipale de r\u00e9fl\u00e9chir, d\u00e9j\u00e0, \u00e0 des arbitrages budg\u00e9taires pour 2011 a de quoi surprendre. Le plus surprenant c&#8217;est d&#8217;engager la d\u00e9marche d\u00e8s le mois de septembre et ceci d&#8217;autant plus que Patrick Leclerc pla\u00e7ait son budget 2010 sous le sceau de la rigueur et de la vigilance (OF 1er f\u00e9vrier [&hellip;]<\/p>\n","protected":false},"author":3,"featured_media":0,"comment_status":"closed","ping_status":"closed","sticky":false,"template":"","format":"standard","meta":{"spay_email":"","jetpack_publicize_message":"","jetpack_is_tweetstorm":false,"jetpack_publicize_feature_enabled":true},"categories":[19],"tags":[],"jetpack_featured_media_url":"","jetpack_publicize_connections":[],"jetpack_sharing_enabled":true,"jetpack_shortlink":"https:\/\/wp.me\/pE6pS-ck","_links":{"self":[{"href":"http:\/\/www.landerneau-ecologie.org\/index.php?rest_route=\/wp\/v2\/posts\/764"}],"collection":[{"href":"http:\/\/www.landerneau-ecologie.org\/index.php?rest_route=\/wp\/v2\/posts"}],"about":[{"href":"http:\/\/www.landerneau-ecologie.org\/index.php?rest_route=\/wp\/v2\/types\/post"}],"author":[{"embeddable":true,"href":"http:\/\/www.landerneau-ecologie.org\/index.php?rest_route=\/wp\/v2\/users\/3"}],"replies":[{"embeddable":true,"href":"http:\/\/www.landerneau-ecologie.org\/index.php?rest_route=%2Fwp%2Fv2%2Fcomments&post=764"}],"version-history":[{"count":0,"href":"http:\/\/www.landerneau-ecologie.org\/index.php?rest_route=\/wp\/v2\/posts\/764\/revisions"}],"wp:attachment":[{"href":"http:\/\/www.landerneau-ecologie.org\/index.php?rest_route=%2Fwp%2Fv2%2Fmedia&parent=764"}],"wp:term":[{"taxonomy":"category","embeddable":true,"href":"http:\/\/www.landerneau-ecologie.org\/index.php?rest_route=%2Fwp%2Fv2%2Fcategories&post=764"},{"taxonomy":"post_tag","embeddable":true,"href":"http:\/\/www.landerneau-ecologie.org\/index.php?rest_route=%2Fwp%2Fv2%2Ftags&post=764"}],"curies":[{"name":"wp","href":"https:\/\/api.w.org\/{rel}","templated":true}]}}