{"id":609,"date":"2008-11-22T09:35:16","date_gmt":"2008-11-22T07:35:16","guid":{"rendered":"http:\/\/www.landerneau-ecologie.org\/?p=609"},"modified":"2010-03-28T09:49:13","modified_gmt":"2010-03-28T07:49:13","slug":"visite-d%e2%80%99une-decharge-municipale-clandestine","status":"publish","type":"post","link":"http:\/\/www.landerneau-ecologie.org\/?p=609","title":{"rendered":"Visite d\u2019une d\u00e9charge municipale clandestine."},"content":{"rendered":"<p>Elle se situe sur les hauteurs de Kergreis, \u00e0 la sortie du bois du Tourous. Une barri\u00e8re, un cadenas&#8230; seule la &#8220;municipalit\u00e9&#8221; poss\u00e8de la clef. Pourtant, derri\u00e8re, le spectacle est \u00e9difiant.<\/p>\n<p>Un point noir qu\u2019il ne faudra pas oublier dans l\u2019Agenda 21.<br \/>\n<img loading=\"lazy\" src=\"https:\/\/i0.wp.com\/www.landerneau-ecologie.org\/wp-content\/uploads\/2010\/03\/DSC02187.jpg?resize=400%2C300\" alt=\"\" title=\"DSC02187\" width=\"400\" height=\"300\" class=\"aligncenter size-full wp-image-610\" srcset=\"https:\/\/i0.wp.com\/www.landerneau-ecologie.org\/wp-content\/uploads\/2010\/03\/DSC02187.jpg?w=400 400w, https:\/\/i0.wp.com\/www.landerneau-ecologie.org\/wp-content\/uploads\/2010\/03\/DSC02187.jpg?resize=300%2C225 300w\" sizes=\"(max-width: 400px) 100vw, 400px\" data-recalc-dims=\"1\" \/><br \/>\n<img loading=\"lazy\" src=\"https:\/\/i0.wp.com\/www.landerneau-ecologie.org\/wp-content\/uploads\/2010\/03\/DSC02188.jpg?resize=400%2C300\" alt=\"\" title=\"DSC02188\" width=\"400\" height=\"300\" class=\"aligncenter size-full wp-image-611\" srcset=\"https:\/\/i0.wp.com\/www.landerneau-ecologie.org\/wp-content\/uploads\/2010\/03\/DSC02188.jpg?w=400 400w, https:\/\/i0.wp.com\/www.landerneau-ecologie.org\/wp-content\/uploads\/2010\/03\/DSC02188.jpg?resize=300%2C225 300w\" sizes=\"(max-width: 400px) 100vw, 400px\" data-recalc-dims=\"1\" \/><br \/>\n<img loading=\"lazy\" src=\"https:\/\/i0.wp.com\/www.landerneau-ecologie.org\/wp-content\/uploads\/2010\/03\/DSC02189.jpg?resize=400%2C300\" alt=\"\" title=\"DSC02189\" width=\"400\" height=\"300\" class=\"aligncenter size-full wp-image-612\" srcset=\"https:\/\/i0.wp.com\/www.landerneau-ecologie.org\/wp-content\/uploads\/2010\/03\/DSC02189.jpg?w=400 400w, https:\/\/i0.wp.com\/www.landerneau-ecologie.org\/wp-content\/uploads\/2010\/03\/DSC02189.jpg?resize=300%2C225 300w\" sizes=\"(max-width: 400px) 100vw, 400px\" data-recalc-dims=\"1\" \/><br \/>\n<strong>De loin on pourrait croire un simple d\u00e9p\u00f4t de mat\u00e9riaux de construction.<\/strong><br \/>\n<img loading=\"lazy\" src=\"https:\/\/i0.wp.com\/www.landerneau-ecologie.org\/wp-content\/uploads\/2010\/03\/DSC02190.jpg?resize=400%2C300\" alt=\"\" title=\"DSC02190\" width=\"400\" height=\"300\" class=\"aligncenter size-full wp-image-613\" srcset=\"https:\/\/i0.wp.com\/www.landerneau-ecologie.org\/wp-content\/uploads\/2010\/03\/DSC02190.jpg?w=400 400w, https:\/\/i0.wp.com\/www.landerneau-ecologie.org\/wp-content\/uploads\/2010\/03\/DSC02190.jpg?resize=300%2C225 300w\" sizes=\"(max-width: 400px) 100vw, 400px\" data-recalc-dims=\"1\" \/><br \/>\n<strong>Mais sous la surface lisse et au bas du remblai qui comble peu \u00e0 peu la zone humide du vallon, on trouve un m\u00e9lange peu rago\u00fbtant.<\/strong><br \/>\n<img loading=\"lazy\" src=\"https:\/\/i0.wp.com\/www.landerneau-ecologie.org\/wp-content\/uploads\/2008\/11\/DSC02191.jpg?resize=400%2C300\" alt=\"\" title=\"DSC02191\" width=\"400\" height=\"300\" class=\"aligncenter size-full wp-image-615\" srcset=\"https:\/\/i0.wp.com\/www.landerneau-ecologie.org\/wp-content\/uploads\/2008\/11\/DSC02191.jpg?w=400 400w, https:\/\/i0.wp.com\/www.landerneau-ecologie.org\/wp-content\/uploads\/2008\/11\/DSC02191.jpg?resize=300%2C225 300w\" sizes=\"(max-width: 400px) 100vw, 400px\" data-recalc-dims=\"1\" \/><br \/>\n<img loading=\"lazy\" src=\"https:\/\/i0.wp.com\/www.landerneau-ecologie.org\/wp-content\/uploads\/2008\/11\/DSC02192.jpg?resize=400%2C300\" alt=\"\" title=\"DSC02192\" width=\"400\" height=\"300\" class=\"aligncenter size-full wp-image-616\" srcset=\"https:\/\/i0.wp.com\/www.landerneau-ecologie.org\/wp-content\/uploads\/2008\/11\/DSC02192.jpg?w=400 400w, https:\/\/i0.wp.com\/www.landerneau-ecologie.org\/wp-content\/uploads\/2008\/11\/DSC02192.jpg?resize=300%2C225 300w\" sizes=\"(max-width: 400px) 100vw, 400px\" data-recalc-dims=\"1\" \/><br \/>\n<img loading=\"lazy\" src=\"https:\/\/i0.wp.com\/www.landerneau-ecologie.org\/wp-content\/uploads\/2008\/11\/DSC02193.jpg?resize=400%2C300\" alt=\"\" title=\"DSC02193\" width=\"400\" height=\"300\" class=\"aligncenter size-full wp-image-617\" srcset=\"https:\/\/i0.wp.com\/www.landerneau-ecologie.org\/wp-content\/uploads\/2008\/11\/DSC02193.jpg?w=400 400w, https:\/\/i0.wp.com\/www.landerneau-ecologie.org\/wp-content\/uploads\/2008\/11\/DSC02193.jpg?resize=300%2C225 300w\" sizes=\"(max-width: 400px) 100vw, 400px\" data-recalc-dims=\"1\" \/><br \/>\n<img loading=\"lazy\" src=\"https:\/\/i0.wp.com\/www.landerneau-ecologie.org\/wp-content\/uploads\/2008\/11\/DSC02195.jpg?resize=400%2C300\" alt=\"\" title=\"DSC02195\" width=\"400\" height=\"300\" class=\"aligncenter size-full wp-image-618\" srcset=\"https:\/\/i0.wp.com\/www.landerneau-ecologie.org\/wp-content\/uploads\/2008\/11\/DSC02195.jpg?w=400 400w, https:\/\/i0.wp.com\/www.landerneau-ecologie.org\/wp-content\/uploads\/2008\/11\/DSC02195.jpg?resize=300%2C225 300w\" sizes=\"(max-width: 400px) 100vw, 400px\" data-recalc-dims=\"1\" \/><br \/>\n<img loading=\"lazy\" src=\"https:\/\/i0.wp.com\/www.landerneau-ecologie.org\/wp-content\/uploads\/2008\/11\/DSC02200.jpg?resize=400%2C300\" alt=\"\" title=\"DSC02200\" width=\"400\" height=\"300\" class=\"aligncenter size-full wp-image-619\" srcset=\"https:\/\/i0.wp.com\/www.landerneau-ecologie.org\/wp-content\/uploads\/2008\/11\/DSC02200.jpg?w=400 400w, https:\/\/i0.wp.com\/www.landerneau-ecologie.org\/wp-content\/uploads\/2008\/11\/DSC02200.jpg?resize=300%2C225 300w\" sizes=\"(max-width: 400px) 100vw, 400px\" data-recalc-dims=\"1\" \/><br \/>\n<img loading=\"lazy\" src=\"https:\/\/i0.wp.com\/www.landerneau-ecologie.org\/wp-content\/uploads\/2008\/11\/DSC02201.jpg?resize=400%2C300\" alt=\"\" title=\"DSC02201\" width=\"400\" height=\"300\" class=\"aligncenter size-full wp-image-620\" srcset=\"https:\/\/i0.wp.com\/www.landerneau-ecologie.org\/wp-content\/uploads\/2008\/11\/DSC02201.jpg?w=400 400w, https:\/\/i0.wp.com\/www.landerneau-ecologie.org\/wp-content\/uploads\/2008\/11\/DSC02201.jpg?resize=300%2C225 300w\" sizes=\"(max-width: 400px) 100vw, 400px\" data-recalc-dims=\"1\" \/><br \/>\n<img loading=\"lazy\" src=\"https:\/\/i0.wp.com\/www.landerneau-ecologie.org\/wp-content\/uploads\/2008\/11\/DSC02202.jpg?resize=400%2C300\" alt=\"\" title=\"DSC02202\" width=\"400\" height=\"300\" class=\"aligncenter size-full wp-image-621\" srcset=\"https:\/\/i0.wp.com\/www.landerneau-ecologie.org\/wp-content\/uploads\/2008\/11\/DSC02202.jpg?w=400 400w, https:\/\/i0.wp.com\/www.landerneau-ecologie.org\/wp-content\/uploads\/2008\/11\/DSC02202.jpg?resize=300%2C225 300w\" sizes=\"(max-width: 400px) 100vw, 400px\" data-recalc-dims=\"1\" \/><br \/>\n<img loading=\"lazy\" src=\"https:\/\/i0.wp.com\/www.landerneau-ecologie.org\/wp-content\/uploads\/2008\/11\/DSC02203.jpg?resize=400%2C300\" alt=\"\" title=\"DSC02203\" width=\"400\" height=\"300\" class=\"aligncenter size-full wp-image-622\" srcset=\"https:\/\/i0.wp.com\/www.landerneau-ecologie.org\/wp-content\/uploads\/2008\/11\/DSC02203.jpg?w=400 400w, https:\/\/i0.wp.com\/www.landerneau-ecologie.org\/wp-content\/uploads\/2008\/11\/DSC02203.jpg?resize=300%2C225 300w\" sizes=\"(max-width: 400px) 100vw, 400px\" data-recalc-dims=\"1\" \/><br \/>\n<strong>Alors, on s\u2019en occupe ?<\/strong><br \/>\n<img loading=\"lazy\" src=\"https:\/\/i0.wp.com\/www.landerneau-ecologie.org\/wp-content\/uploads\/2008\/11\/DSC02196.jpg?resize=400%2C300\" alt=\"\" title=\"DSC02196\" width=\"400\" height=\"300\" class=\"aligncenter size-full wp-image-623\" srcset=\"https:\/\/i0.wp.com\/www.landerneau-ecologie.org\/wp-content\/uploads\/2008\/11\/DSC02196.jpg?w=400 400w, https:\/\/i0.wp.com\/www.landerneau-ecologie.org\/wp-content\/uploads\/2008\/11\/DSC02196.jpg?resize=300%2C225 300w\" sizes=\"(max-width: 400px) 100vw, 400px\" data-recalc-dims=\"1\" \/><\/p>\n","protected":false},"excerpt":{"rendered":"<p>Elle se situe sur les hauteurs de Kergreis, \u00e0 la sortie du bois du Tourous. Une barri\u00e8re, un cadenas&#8230; seule la &#8220;municipalit\u00e9&#8221; poss\u00e8de la clef. Pourtant, derri\u00e8re, le spectacle est \u00e9difiant. Un point noir qu\u2019il ne faudra pas oublier dans l\u2019Agenda 21. De loin on pourrait croire un simple d\u00e9p\u00f4t de mat\u00e9riaux de construction. Mais [&hellip;]<\/p>\n","protected":false},"author":2,"featured_media":0,"comment_status":"closed","ping_status":"closed","sticky":false,"template":"","format":"standard","meta":{"spay_email":"","jetpack_publicize_message":"","jetpack_is_tweetstorm":false,"jetpack_publicize_feature_enabled":true},"categories":[3,5],"tags":[],"jetpack_featured_media_url":"","jetpack_publicize_connections":[],"jetpack_sharing_enabled":true,"jetpack_shortlink":"https:\/\/wp.me\/pE6pS-9P","_links":{"self":[{"href":"http:\/\/www.landerneau-ecologie.org\/index.php?rest_route=\/wp\/v2\/posts\/609"}],"collection":[{"href":"http:\/\/www.landerneau-ecologie.org\/index.php?rest_route=\/wp\/v2\/posts"}],"about":[{"href":"http:\/\/www.landerneau-ecologie.org\/index.php?rest_route=\/wp\/v2\/types\/post"}],"author":[{"embeddable":true,"href":"http:\/\/www.landerneau-ecologie.org\/index.php?rest_route=\/wp\/v2\/users\/2"}],"replies":[{"embeddable":true,"href":"http:\/\/www.landerneau-ecologie.org\/index.php?rest_route=%2Fwp%2Fv2%2Fcomments&post=609"}],"version-history":[{"count":0,"href":"http:\/\/www.landerneau-ecologie.org\/index.php?rest_route=\/wp\/v2\/posts\/609\/revisions"}],"wp:attachment":[{"href":"http:\/\/www.landerneau-ecologie.org\/index.php?rest_route=%2Fwp%2Fv2%2Fmedia&parent=609"}],"wp:term":[{"taxonomy":"category","embeddable":true,"href":"http:\/\/www.landerneau-ecologie.org\/index.php?rest_route=%2Fwp%2Fv2%2Fcategories&post=609"},{"taxonomy":"post_tag","embeddable":true,"href":"http:\/\/www.landerneau-ecologie.org\/index.php?rest_route=%2Fwp%2Fv2%2Ftags&post=609"}],"curies":[{"name":"wp","href":"https:\/\/api.w.org\/{rel}","templated":true}]}}