{"id":535,"date":"2009-02-01T19:11:19","date_gmt":"2009-02-01T17:11:19","guid":{"rendered":"http:\/\/www.landerneau-ecologie.org\/?p=535"},"modified":"2010-03-27T19:22:20","modified_gmt":"2010-03-27T17:22:20","slug":"une-rocade-sud-a-landerneau-nouvelle-alerte-orange","status":"publish","type":"post","link":"http:\/\/www.landerneau-ecologie.org\/?p=535","title":{"rendered":"Une rocade sud \u00e0 Landerneau ? Nouvelle alerte orange !"},"content":{"rendered":"<p>Cela se passait aux conseil de la communaut\u00e9 de communes du 30 janvier 2009. On y parlait programmation.<br \/>\nSoudain sur l\u2019\u00e9cran qui \u00e9grenait ses diapositives, un revenant : la rocade Sud !<\/p>\n<p>On croyait le sujet enterr\u00e9 et les riverains rassur\u00e9s mais rien n\u2019arr\u00eate l\u2019obstination macadami\u00e8re.<br \/>\nIl fallait une justification, c\u2019est le maire de Landerneau qui s\u2019y est coll\u00e9.<br \/>\nDifficile de r\u00e9sumer son discours. Et difficile aussi de savoir o\u00f9 il voulait en venir avant la conclusion.<br \/>\n&#8221; D\u2019un c\u00f4t\u00e9 il faudrait que &#8230;., mais d\u2019un autre c\u00f4t\u00e9 il faut tenir compte aussi de &#8230;.&#8221;, sans oublier que&#8230;, mais tout en gardant bien en m\u00e9moire que&#8230;<\/p>\n<p>Bref beaucoup de circonvolutions et de langue de bois avant d\u2019arriver \u00e0 :<br \/>\n&#8220;Je ne pense pas qu\u2019on puisse s\u2019en passer&#8221;. <\/p>\n<p><strong> Christophe Winckler, comme presque toujours, a \u00e9t\u00e9 le seul \u00e0 s\u2019employer \u00e0 d\u00e9tricoter les faux arguments mis en avant.<\/strong><\/p>\n<p>Premier point : on ne parle plus de la vocation \u00e9conomique de la voie. C\u2019est devenu une simple desserte communale. Finie la pr\u00e9tendue n\u00e9cessit\u00e9 de d\u00e9velopper La zone industrielle de Lanrinou.<\/p>\n<p>Cette histoire de d\u00e9veloppement \u00e9conomique c\u2019\u00e9tait quand il fallait &#8220;arranger&#8221; le dossier construit pour obtenir des fonds europ\u00e9ens. Maintenant que l\u2019Europe n\u2019est plus dans le coup, plus besoin de d\u00e9guisement.<\/p>\n<p>Alors pourquoi ?<\/p>\n<p>On nous reparle de l\u2019h\u00f4pital. Mais le probl\u00e8me de l\u2019h\u00f4pital de Landerneau est-il vraiment un probl\u00e8me d\u2019acc\u00e8s ? A-t-on d\u00e9j\u00e0 entendu parler \u00e0 Landerneau d\u2019une ambulance coinc\u00e9e dans les embouteillages ?<\/p>\n<p>Le probl\u00e8me de l\u2019h\u00f4pital n\u2019est pas de gagner deux minutes sur le trajet qui y m\u00e8ne, mais tout simplement que les patients fassent le choix d\u2019y aller plut\u00f4t que d\u2019aller \u00e0 Brest. Il le feront parce que la qualit\u00e9 de l\u2019accueil, qui est ind\u00e9niable, et des soins qu\u2019il faut maintenir et d\u00e9velopper, leur donneront confiance ainsi qu\u2019\u00e0 leur famille.<\/p>\n<p>On nous parle aussi des quais et des poids lourds qui n\u2019y ont pas leur place. Tout \u00e0 fait d\u2019accord mais Christophe Winckler a alors beau jeu de rappeler toutes les propositions de contournement de la ville maintes fois expos\u00e9es par DES.<\/p>\n<p>Et soudain un nouvel argument sort du chapeau : le coll\u00e8ge Saint Jo ! Si on veut l\u2019utiliser pour un coll\u00e8ge public il faut une rocade pour y arriver.<\/p>\n<p>Il est facile au conseiller de DES de faire valoir que, au moment o\u00f9 on fait tout pour que les gens laissent leur voiture \u00e0 la maison, il est paradoxal de vouloir amener des voitures vers un coll\u00e8ge. Ce sont les transports scolaires, les bus, le v\u00e9lo ou tout simplement le p\u00e9dibus qu\u2019il faut fortement conseiller aux coll\u00e9giens !<\/p>\n<p>Bref, rien de neuf sinon que malgr\u00e9 tous les beaux discours sur la lutte contre le d\u00e9r\u00e8glement climatique ou l\u2019Agenda 21, les \u00e9lus, semble-t-il fortement soumis \u00e0 la pression des services de la communaut\u00e9, ont d\u00e9cid\u00e9 d\u2019attirer encore un peu plus les voitures dans la ville.<\/p>\n<p>Alors sans doute le moment est-il venu de d\u00e9clarer l\u2019alerte orange !<br \/>\n<a href=\"https:\/\/i0.wp.com\/www.landerneau-ecologie.org\/wp-content\/uploads\/2010\/03\/Lanrinou.jpg\"><img loading=\"lazy\" src=\"https:\/\/i0.wp.com\/www.landerneau-ecologie.org\/wp-content\/uploads\/2010\/03\/Lanrinou.jpg?resize=268%2C300\" alt=\"\" title=\"Article de presse\" width=\"268\" height=\"300\" class=\"aligncenter size-medium wp-image-536\" srcset=\"https:\/\/i0.wp.com\/www.landerneau-ecologie.org\/wp-content\/uploads\/2010\/03\/Lanrinou.jpg?resize=268%2C300 268w, https:\/\/i0.wp.com\/www.landerneau-ecologie.org\/wp-content\/uploads\/2010\/03\/Lanrinou.jpg?w=804 804w\" sizes=\"(max-width: 268px) 100vw, 268px\" data-recalc-dims=\"1\" \/><\/a><\/p>\n<p><strong>L\u2019emmerdeuse.<\/strong><br \/>\n<a href=\"https:\/\/i0.wp.com\/www.landerneau-ecologie.org\/wp-content\/uploads\/2010\/03\/Hyme.jpg\"><img loading=\"lazy\" src=\"https:\/\/i0.wp.com\/www.landerneau-ecologie.org\/wp-content\/uploads\/2010\/03\/Hyme.jpg?resize=225%2C300\" alt=\"\" title=\"Hyme\" width=\"225\" height=\"300\" class=\"alignleft size-full wp-image-537\" data-recalc-dims=\"1\" \/><\/a>C\u2019est ainsi qu\u2019un adh\u00e9rent de Bretagne Vivante d\u00e9signe &#8220;l\u2019Hymm\u00e9nophylle de Tunbridge&#8221; qui habite le bois de Pencran.<br \/>\nQuand le dossier \u00e9tait europ\u00e9en, il avait fallu d\u00e9placer le projet de trac\u00e9 de la route et imaginer une irrigation sophistiqu\u00e9e de la dite plante pour que l\u2019Europe puise ne pas classer imm\u00e9diatement le dossier.<br \/>\nEn effet, cette petite foug\u00e8re qui a surv\u00e9cu dans notre vall\u00e9e, nous vient de l\u2019\u00e2ge glaciaire. C\u2019est dire si elle b\u00e9n\u00e9ficie d\u2019une haute protection dans la liste des esp\u00e8ces menac\u00e9es.<br \/>\nUn jour de l\u2019\u00e9t\u00e9 2000, que le temps passe vite, un cin\u00e9aste est venu tourner un film, pour le compte de FR3 Limousin Poitou Charentes, sur notre Hymm\u00e9nophylle.<br \/>\nUn joli petit film de 50 minutes qu\u2019il faudra nous repasser un de ces jours.<\/p>\n<p>On peut lire aussi :<br \/>\nLa foug\u00e8re qui valait un million, un article de Ouest-France du 5 d\u00e9cembre 2000.<\/p>\n<p><strong>Un vieux serpent de mer<\/strong><br \/>\nL\u2019affaire commence en 1993 avec une proposition de la majorit\u00e9 socialiste. Elle est combattue au conseil municipal par l\u2019opposition de droite et la minorit\u00e9 de gauche men\u00e9e par Jean-Paul le Bail qui, rapidement apr\u00e8s l\u2019\u00e9lection, a rompu avec le groupe majoritaire.<br \/>\nOn y parle aussi d\u2019un projet plus au sud et de la fameuse &#8220;route du lait&#8221; ch\u00e8re \u00e0 Jean l\u2019Hour.<br \/>\n<a href=\"https:\/\/i0.wp.com\/www.landerneau-ecologie.org\/wp-content\/uploads\/2010\/03\/rocade_sud.02.jpg\"><img loading=\"lazy\" src=\"https:\/\/i0.wp.com\/www.landerneau-ecologie.org\/wp-content\/uploads\/2010\/03\/rocade_sud.02.jpg?resize=277%2C300\" alt=\"\" title=\"Article de presse\" width=\"277\" height=\"300\" class=\"aligncenter size-medium wp-image-538\" srcset=\"https:\/\/i0.wp.com\/www.landerneau-ecologie.org\/wp-content\/uploads\/2010\/03\/rocade_sud.02.jpg?resize=277%2C300 277w, https:\/\/i0.wp.com\/www.landerneau-ecologie.org\/wp-content\/uploads\/2010\/03\/rocade_sud.02.jpg?w=803 803w\" sizes=\"(max-width: 277px) 100vw, 277px\" data-recalc-dims=\"1\" \/><\/a><br \/>\nHors conseil, les Verts expriment \u00e9galement leur opposition.<br \/>\n<a href=\"https:\/\/i0.wp.com\/www.landerneau-ecologie.org\/wp-content\/uploads\/2010\/03\/rocade_sud.01.jpg\"><img loading=\"lazy\" src=\"https:\/\/i0.wp.com\/www.landerneau-ecologie.org\/wp-content\/uploads\/2010\/03\/rocade_sud.01.jpg?resize=300%2C218\" alt=\"\" title=\"Article de presse\" width=\"300\" height=\"218\" class=\"aligncenter size-medium wp-image-539\" srcset=\"https:\/\/i0.wp.com\/www.landerneau-ecologie.org\/wp-content\/uploads\/2010\/03\/rocade_sud.01.jpg?resize=300%2C218 300w, https:\/\/i0.wp.com\/www.landerneau-ecologie.org\/wp-content\/uploads\/2010\/03\/rocade_sud.01.jpg?w=600 600w\" sizes=\"(max-width: 300px) 100vw, 300px\" data-recalc-dims=\"1\" \/><\/a><\/p>\n","protected":false},"excerpt":{"rendered":"<p>Cela se passait aux conseil de la communaut\u00e9 de communes du 30 janvier 2009. On y parlait programmation. Soudain sur l\u2019\u00e9cran qui \u00e9grenait ses diapositives, un revenant : la rocade Sud ! On croyait le sujet enterr\u00e9 et les riverains rassur\u00e9s mais rien n\u2019arr\u00eate l\u2019obstination macadami\u00e8re. Il fallait une justification, c\u2019est le maire de Landerneau [&hellip;]<\/p>\n","protected":false},"author":2,"featured_media":0,"comment_status":"closed","ping_status":"closed","sticky":false,"template":"","format":"standard","meta":{"spay_email":"","jetpack_publicize_message":"","jetpack_is_tweetstorm":false,"jetpack_publicize_feature_enabled":true},"categories":[11],"tags":[],"jetpack_featured_media_url":"","jetpack_publicize_connections":[],"jetpack_sharing_enabled":true,"jetpack_shortlink":"https:\/\/wp.me\/pE6pS-8D","_links":{"self":[{"href":"http:\/\/www.landerneau-ecologie.org\/index.php?rest_route=\/wp\/v2\/posts\/535"}],"collection":[{"href":"http:\/\/www.landerneau-ecologie.org\/index.php?rest_route=\/wp\/v2\/posts"}],"about":[{"href":"http:\/\/www.landerneau-ecologie.org\/index.php?rest_route=\/wp\/v2\/types\/post"}],"author":[{"embeddable":true,"href":"http:\/\/www.landerneau-ecologie.org\/index.php?rest_route=\/wp\/v2\/users\/2"}],"replies":[{"embeddable":true,"href":"http:\/\/www.landerneau-ecologie.org\/index.php?rest_route=%2Fwp%2Fv2%2Fcomments&post=535"}],"version-history":[{"count":0,"href":"http:\/\/www.landerneau-ecologie.org\/index.php?rest_route=\/wp\/v2\/posts\/535\/revisions"}],"wp:attachment":[{"href":"http:\/\/www.landerneau-ecologie.org\/index.php?rest_route=%2Fwp%2Fv2%2Fmedia&parent=535"}],"wp:term":[{"taxonomy":"category","embeddable":true,"href":"http:\/\/www.landerneau-ecologie.org\/index.php?rest_route=%2Fwp%2Fv2%2Fcategories&post=535"},{"taxonomy":"post_tag","embeddable":true,"href":"http:\/\/www.landerneau-ecologie.org\/index.php?rest_route=%2Fwp%2Fv2%2Ftags&post=535"}],"curies":[{"name":"wp","href":"https:\/\/api.w.org\/{rel}","templated":true}]}}