{"id":531,"date":"2009-03-30T19:03:03","date_gmt":"2009-03-30T17:03:03","guid":{"rendered":"http:\/\/www.landerneau-ecologie.org\/?p=531"},"modified":"2010-03-27T19:09:42","modified_gmt":"2010-03-27T17:09:42","slug":"voie-de-lanrinou-%e2%80%93-l%e2%80%99alerte-passe-au-rouge","status":"publish","type":"post","link":"http:\/\/www.landerneau-ecologie.org\/?p=531","title":{"rendered":"Voie de Lanrinou \u2013 l\u2019alerte passe au rouge"},"content":{"rendered":"<p>En janvier 2009 Patrick Leclerc, contre toute attente, relan\u00e7ait la voie de Lanrinou (rocade sud) et se pronon\u00e7ait publiquement pour sa r\u00e9alisation. En mars, la communaut\u00e9 de communes a franchit une \u00e9tape suppl\u00e9mentaire en d\u00e9cidant de lancer les proc\u00e9dures d\u2019expropriation \u00e0 l\u2019encontre des propri\u00e9taires r\u00e9ticents, ce qui concerne environ 80% de la longueur du parcours. Par cette attitude, la communaut\u00e9 de communes montre qu\u2019elle refuse le d\u00e9bat et pr\u00e9f\u00e8re le passage en force.<\/p>\n<p>En effet, r\u00e9cemment deux \u00e9l\u00e9ments nouveaux sont apparus :<\/p>\n<ul>\n<li>La voie est con\u00e7ue pour permettre l\u2019urbanisation de la ville vers le sud sur les terres agricoles. La voie de Lanrinou deviendrait alors une \u00ab rue de Landerneau \u00bb et perdrait d\u00e9finitivement son statut de rocade visant \u00e0 d\u00e9tourner le trafic poids lourds du centre ville.\n<li>La fonction \u00e9conomique, qualifi\u00e9e de \u00ab vitale \u00bb pour le p\u00f4le industriel de Lanrinou s\u2019est myst\u00e9rieusement \u00e9vapor\u00e9e. La preuve c\u2019est que le Maire de Landerneau est pr\u00eat \u00e0 r\u00e9aliser la rocade par tron\u00e7on sur une longue p\u00e9riode. Dans ces conditions qui peut croire qu\u2019elle sera utile au trafic des poids lourds de la coop\u00e9rative ?\n<\/ul>\n<p>Dans la mesure o\u00f9 il appara\u00eet que la voie de Lanrinou ne concerne plus que la ville de Landerneau, plusieurs maires d\u2019autres communes doutent de son int\u00e9r\u00eat communautaire. Il est vrai qu\u2019on ne voit pas pourquoi les autres communes paieraient pour une rue de Landerneau.<br \/>\n<a href=\"https:\/\/i0.wp.com\/www.landerneau-ecologie.org\/wp-content\/uploads\/2010\/03\/LT2-2.jpg\"><img loading=\"lazy\" src=\"https:\/\/i0.wp.com\/www.landerneau-ecologie.org\/wp-content\/uploads\/2010\/03\/LT2-2.jpg?resize=300%2C148\" alt=\"\" title=\"Article de presse\" width=\"300\" height=\"148\" class=\"aligncenter size-medium wp-image-532\" srcset=\"https:\/\/i0.wp.com\/www.landerneau-ecologie.org\/wp-content\/uploads\/2010\/03\/LT2-2.jpg?resize=300%2C148 300w, https:\/\/i0.wp.com\/www.landerneau-ecologie.org\/wp-content\/uploads\/2010\/03\/LT2-2.jpg?w=800 800w\" sizes=\"(max-width: 300px) 100vw, 300px\" data-recalc-dims=\"1\" \/><\/a><br \/>\nLe T\u00e9l\u00e9gramme du 30 mars 2009<br \/>\n<a href=\"https:\/\/i0.wp.com\/www.landerneau-ecologie.org\/wp-content\/uploads\/2010\/03\/of.jpg\"><img loading=\"lazy\" src=\"https:\/\/i0.wp.com\/www.landerneau-ecologie.org\/wp-content\/uploads\/2010\/03\/of.jpg?resize=300%2C97\" alt=\"\" title=\"Article de presse\" width=\"300\" height=\"97\" class=\"aligncenter size-medium wp-image-533\" srcset=\"https:\/\/i0.wp.com\/www.landerneau-ecologie.org\/wp-content\/uploads\/2010\/03\/of.jpg?resize=300%2C97 300w, https:\/\/i0.wp.com\/www.landerneau-ecologie.org\/wp-content\/uploads\/2010\/03\/of.jpg?w=800 800w\" sizes=\"(max-width: 300px) 100vw, 300px\" data-recalc-dims=\"1\" \/><\/a><br \/>\nOuest France du 30 mars 2009<br \/>\nCes prises de positions rejoignent l\u2019avis \u00e9mis par les associations et DES depuis des ann\u00e9es et constituent une lueur d\u2019espoir. Durant les prochains mois il sera n\u00e9cessaire d\u2019alimenter le d\u00e9bat pour montrer que des alternatives au tout-bithume existent et que ce projet doit \u00eatre rejet\u00e9 d\u00e9finitivement.<\/p>\n","protected":false},"excerpt":{"rendered":"<p>En janvier 2009 Patrick Leclerc, contre toute attente, relan\u00e7ait la voie de Lanrinou (rocade sud) et se pronon\u00e7ait publiquement pour sa r\u00e9alisation. En mars, la communaut\u00e9 de communes a franchit une \u00e9tape suppl\u00e9mentaire en d\u00e9cidant de lancer les proc\u00e9dures d\u2019expropriation \u00e0 l\u2019encontre des propri\u00e9taires r\u00e9ticents, ce qui concerne environ 80% de la longueur du parcours. [&hellip;]<\/p>\n","protected":false},"author":3,"featured_media":0,"comment_status":"closed","ping_status":"closed","sticky":false,"template":"","format":"standard","meta":{"spay_email":"","jetpack_publicize_message":"","jetpack_is_tweetstorm":false,"jetpack_publicize_feature_enabled":true},"categories":[11],"tags":[],"jetpack_featured_media_url":"","jetpack_publicize_connections":[],"jetpack_sharing_enabled":true,"jetpack_shortlink":"https:\/\/wp.me\/pE6pS-8z","_links":{"self":[{"href":"http:\/\/www.landerneau-ecologie.org\/index.php?rest_route=\/wp\/v2\/posts\/531"}],"collection":[{"href":"http:\/\/www.landerneau-ecologie.org\/index.php?rest_route=\/wp\/v2\/posts"}],"about":[{"href":"http:\/\/www.landerneau-ecologie.org\/index.php?rest_route=\/wp\/v2\/types\/post"}],"author":[{"embeddable":true,"href":"http:\/\/www.landerneau-ecologie.org\/index.php?rest_route=\/wp\/v2\/users\/3"}],"replies":[{"embeddable":true,"href":"http:\/\/www.landerneau-ecologie.org\/index.php?rest_route=%2Fwp%2Fv2%2Fcomments&post=531"}],"version-history":[{"count":0,"href":"http:\/\/www.landerneau-ecologie.org\/index.php?rest_route=\/wp\/v2\/posts\/531\/revisions"}],"wp:attachment":[{"href":"http:\/\/www.landerneau-ecologie.org\/index.php?rest_route=%2Fwp%2Fv2%2Fmedia&parent=531"}],"wp:term":[{"taxonomy":"category","embeddable":true,"href":"http:\/\/www.landerneau-ecologie.org\/index.php?rest_route=%2Fwp%2Fv2%2Fcategories&post=531"},{"taxonomy":"post_tag","embeddable":true,"href":"http:\/\/www.landerneau-ecologie.org\/index.php?rest_route=%2Fwp%2Fv2%2Ftags&post=531"}],"curies":[{"name":"wp","href":"https:\/\/api.w.org\/{rel}","templated":true}]}}