{"id":448,"date":"2009-03-05T16:28:01","date_gmt":"2009-03-05T14:28:01","guid":{"rendered":"http:\/\/www.landerneau-ecologie.org\/?p=448"},"modified":"2015-03-18T10:05:38","modified_gmt":"2015-03-18T08:05:38","slug":"la-saga-des-dechets-du-pays-de-landerneau-daoulas-la-longue-marche-vers-la-dechetterie","status":"publish","type":"post","link":"http:\/\/www.landerneau-ecologie.org\/?p=448","title":{"rendered":"La saga des d\u00e9chets.3. La longue marche vers la d\u00e9chetterie."},"content":{"rendered":"<p>Limiter les d\u00e9chets, les trier, les recycler.<br \/>\nTel \u00e9tait le mot d\u2019ordre des \u00e9cologistes au moment de la lutte de Langazel.<br \/>\nDu plastique, du papier dans les poubelles. tel \u00e9tait l\u2019imp\u00e9ratif de la fabrication du combusoc dans l\u2019usine de Plou\u00e9dern.<br \/>\nLe combat pour une d\u00e9chetterie et un tri s\u00e9lectif \u00e9tait donc \u00e0 l\u2019ordre du jour de l\u2019association &#8220;Landerneau-\u00e9cologie&#8221; r\u00e9cemment cr\u00e9\u00e9e.<\/p>\n<p><strong>Landerneau-\u00e9cologie entre en sc\u00e8ne.<\/strong><br \/>\nLe CLIN de Landerneau avait \u00e9t\u00e9 l\u2019une des associations \u00e0 l\u2019initiative de la mobilisation pour sauver Langazel.<br \/>\nEn 1989, \u00e0 l\u2019initiative de plusieurs de ses membres se cr\u00e9ait l\u2019association &#8220;Landerneau-\u00e9cologie&#8221; avec pour objectif d\u2019agir pour le d\u00e9veloppement de l\u2019\u00e9cologie sous ses aspects environnementaux et politiques \u00e0 Landerneau.<br \/>\nL\u2019une de ses premi\u00e8res pr\u00e9occupations devait \u00eatre la gestion des d\u00e9chets. Il y avait urgence car les decharges sauvages se multipliaient.<br \/>\n<a href=\"https:\/\/i0.wp.com\/www.landerneau-ecologie.org\/wp-content\/uploads\/2010\/03\/ScannedImage-12.jpg\"><img loading=\"lazy\" src=\"https:\/\/i0.wp.com\/www.landerneau-ecologie.org\/wp-content\/uploads\/2010\/03\/ScannedImage-12.jpg?resize=206%2C300\" alt=\"\" width=\"206\" height=\"300\" class=\"aligncenter size-medium wp-image-449\" srcset=\"https:\/\/i0.wp.com\/www.landerneau-ecologie.org\/wp-content\/uploads\/2010\/03\/ScannedImage-12.jpg?resize=206%2C300 206w, https:\/\/i0.wp.com\/www.landerneau-ecologie.org\/wp-content\/uploads\/2010\/03\/ScannedImage-12.jpg?resize=705%2C1024 705w, https:\/\/i0.wp.com\/www.landerneau-ecologie.org\/wp-content\/uploads\/2010\/03\/ScannedImage-12.jpg?w=1151 1151w\" sizes=\"(max-width: 206px) 100vw, 206px\" data-recalc-dims=\"1\" \/><\/a><\/p>\n<p>La construction de l\u2019usine de Plou\u00e9dern \u00e9tait loin d\u2019avoir r\u00e9pondu \u00e0 ce probl\u00e8me.<br \/>\nL\u2019arr\u00eat de la fabrication du combusoc avait \u00e9t\u00e9 l\u2019une de ses premi\u00e8res victoires mais pour autant la fabrication d\u2019un compost sans tri pr\u00e9alable ne pouvait \u00eatre satisfaisante. Par ailleurs que faire des encombrants.<br \/>\nDeux revendications :<\/p>\n<ul>\n<li>installer des conteneurs pour trier le papier, le verre et le plastique.\n<li>cr\u00e9er une d\u00e9chetterie.<\/ul>\n<p><strong>Quand Landerneau refusait les conteneurs<\/strong><br \/>\nConteneur pour le plastique, le papier, le verre&#8230; chacune et chacun en a un pas tr\u00e8s loin de chez lui et s\u2019y rendre est devenu un rituel pour la majorit\u00e9 d\u2019entre nous.<br \/>\nPourtant il fut un temps o\u00f9 Landerneau \u00e9tait l\u2019une des seules communes du secteur \u00e0 ne pas en avoir.<br \/>\nL\u2019id\u00e9e de ces conteneurs \u00e9tait d\u2019origine associative. En particulier la Ligue contre le cancer y voyait une source de revenus. Une excellente id\u00e9e : limiter l\u2019incin\u00e9ration de produits toxiques causes de cancers en gagnant de l\u2019argent, qui dit mieux ? De nombreuse communes y \u00e9taient sensibles et installaient des aires de tri pour les associations.<br \/>\nMais les landern\u00e9ens devaient aller \u00e0 La Forest-Landerneau, Guipavas ou Plougastel pour pouvoir faire ce geste civique.<br \/>\nL\u2019installation de conteneurs \u00e9tait donc urgente et devenait l\u2019objet d\u2019une campagne de Landerneau-\u00e9cologie.<br \/>\n<a href=\"https:\/\/i0.wp.com\/www.landerneau-ecologie.org\/wp-content\/uploads\/2010\/03\/ScannedImage-8.jpg\"><img loading=\"lazy\" src=\"https:\/\/i0.wp.com\/www.landerneau-ecologie.org\/wp-content\/uploads\/2010\/03\/ScannedImage-8.jpg?resize=250%2C300\" alt=\"\" width=\"250\" height=\"300\" class=\"aligncenter size-medium wp-image-450\" srcset=\"https:\/\/i0.wp.com\/www.landerneau-ecologie.org\/wp-content\/uploads\/2010\/03\/ScannedImage-8.jpg?resize=250%2C300 250w, https:\/\/i0.wp.com\/www.landerneau-ecologie.org\/wp-content\/uploads\/2010\/03\/ScannedImage-8.jpg?w=726 726w\" sizes=\"(max-width: 250px) 100vw, 250px\" data-recalc-dims=\"1\" \/><\/a><br \/>\nIl faut se souvenir que depuis 1989 une municipalit\u00e9 de gauche avait remplac\u00e9 celle de droite. Celle ci avait accept\u00e9 de cr\u00e9er une &#8220;commission extramunicipale environnement&#8221; mais le temps passait et elle ne s\u2019\u00e9tait pas r\u00e9unie ce qui amenait l\u2019association \u00e0 s\u2019interroger.<br \/>\n<a href=\"https:\/\/i0.wp.com\/www.landerneau-ecologie.org\/wp-content\/uploads\/2010\/03\/ScannedImage-14-3.jpg\"><img loading=\"lazy\" src=\"https:\/\/i0.wp.com\/www.landerneau-ecologie.org\/wp-content\/uploads\/2010\/03\/ScannedImage-14-3.jpg?resize=222%2C300\" alt=\"\" width=\"222\" height=\"300\" class=\"aligncenter size-medium wp-image-451\" srcset=\"https:\/\/i0.wp.com\/www.landerneau-ecologie.org\/wp-content\/uploads\/2010\/03\/ScannedImage-14-3.jpg?resize=222%2C300 222w, https:\/\/i0.wp.com\/www.landerneau-ecologie.org\/wp-content\/uploads\/2010\/03\/ScannedImage-14-3.jpg?w=657 657w\" sizes=\"(max-width: 222px) 100vw, 222px\" data-recalc-dims=\"1\" \/><\/a><\/p>\n<p><strong>Une campagne d\u2019information.<\/strong><br \/>\nLe seul endroit susceptible de recevoir des d\u00e9chets encombrants se situait alors au &#8220;bois noir&#8221; o\u00f9 deux bennes recevaient tous d\u00e9chets sans discernement.<\/p>\n<p><a href=\"https:\/\/i0.wp.com\/www.landerneau-ecologie.org\/wp-content\/uploads\/2010\/03\/ScannedImage-3.jpg\"><img loading=\"lazy\" src=\"https:\/\/i0.wp.com\/www.landerneau-ecologie.org\/wp-content\/uploads\/2010\/03\/ScannedImage-3.jpg?resize=300%2C284\" alt=\"\" width=\"300\" height=\"284\" class=\"aligncenter size-medium wp-image-452\" srcset=\"https:\/\/i0.wp.com\/www.landerneau-ecologie.org\/wp-content\/uploads\/2010\/03\/ScannedImage-3.jpg?resize=300%2C284 300w, https:\/\/i0.wp.com\/www.landerneau-ecologie.org\/wp-content\/uploads\/2010\/03\/ScannedImage-3.jpg?resize=1023%2C972 1023w, https:\/\/i0.wp.com\/www.landerneau-ecologie.org\/wp-content\/uploads\/2010\/03\/ScannedImage-3.jpg?w=1556 1556w\" sizes=\"(max-width: 300px) 100vw, 300px\" data-recalc-dims=\"1\" \/><\/a><\/p>\n<p>L\u2019association d\u00e9cidait donc de lancer une campagne d\u2019information en montrant ce qui se faisait ailleurs. En particulier \u00e0 Plougastel, commune elle m\u00eame dirig\u00e9e par la gauche.<br \/>\n<a href=\"https:\/\/i0.wp.com\/www.landerneau-ecologie.org\/wp-content\/uploads\/2010\/03\/ScannedImage-6-2.jpg\"><img loading=\"lazy\" src=\"https:\/\/i0.wp.com\/www.landerneau-ecologie.org\/wp-content\/uploads\/2010\/03\/ScannedImage-6-2.jpg?resize=300%2C268\" alt=\"\" width=\"300\" height=\"268\" class=\"aligncenter size-medium wp-image-454\" srcset=\"https:\/\/i0.wp.com\/www.landerneau-ecologie.org\/wp-content\/uploads\/2010\/03\/ScannedImage-6-2.jpg?resize=300%2C268 300w, https:\/\/i0.wp.com\/www.landerneau-ecologie.org\/wp-content\/uploads\/2010\/03\/ScannedImage-6-2.jpg?resize=1024%2C915 1024w, https:\/\/i0.wp.com\/www.landerneau-ecologie.org\/wp-content\/uploads\/2010\/03\/ScannedImage-6-2.jpg?w=1533 1533w\" sizes=\"(max-width: 300px) 100vw, 300px\" data-recalc-dims=\"1\" \/><\/a><\/p>\n<p><strong>L\u2019imagination au pouvoir<\/strong><br \/>\nUne bonne initiative : celle de Lionel Le Gloanec, surveillant \u00e0 Saint-Jo et qui mobilise les lyc\u00e9ens. Il est depuis devenu un professionnel du traitement des d\u00e9chets.<br \/>\n<a href=\"https:\/\/i0.wp.com\/www.landerneau-ecologie.org\/wp-content\/uploads\/2010\/03\/ScannedImage-5-2.jpg\"><img loading=\"lazy\" src=\"https:\/\/i0.wp.com\/www.landerneau-ecologie.org\/wp-content\/uploads\/2010\/03\/ScannedImage-5-2.jpg?resize=300%2C178\" alt=\"\" width=\"300\" height=\"178\" class=\"aligncenter size-medium wp-image-455\" srcset=\"https:\/\/i0.wp.com\/www.landerneau-ecologie.org\/wp-content\/uploads\/2010\/03\/ScannedImage-5-2.jpg?resize=300%2C178 300w, https:\/\/i0.wp.com\/www.landerneau-ecologie.org\/wp-content\/uploads\/2010\/03\/ScannedImage-5-2.jpg?resize=1024%2C609 1024w, https:\/\/i0.wp.com\/www.landerneau-ecologie.org\/wp-content\/uploads\/2010\/03\/ScannedImage-5-2.jpg?w=1913 1913w\" sizes=\"(max-width: 300px) 100vw, 300px\" data-recalc-dims=\"1\" \/><\/a><br \/>\nDe leur c\u00f4t\u00e9 les militants de Landerneau-\u00e9cologie testaient pendant quinze jours un tri s\u00e9lectif \u00e0 domicile.<br \/>\n<a href=\"https:\/\/i0.wp.com\/www.landerneau-ecologie.org\/wp-content\/uploads\/2010\/03\/ScannedImage-17-2.jpg\"><img loading=\"lazy\" src=\"https:\/\/i0.wp.com\/www.landerneau-ecologie.org\/wp-content\/uploads\/2010\/03\/ScannedImage-17-2.jpg?resize=215%2C300\" alt=\"\" width=\"215\" height=\"300\" class=\"aligncenter size-medium wp-image-457\" srcset=\"https:\/\/i0.wp.com\/www.landerneau-ecologie.org\/wp-content\/uploads\/2010\/03\/ScannedImage-17-2.jpg?resize=215%2C300 215w, https:\/\/i0.wp.com\/www.landerneau-ecologie.org\/wp-content\/uploads\/2010\/03\/ScannedImage-17-2.jpg?w=366 366w\" sizes=\"(max-width: 215px) 100vw, 215px\" data-recalc-dims=\"1\" \/><\/a><\/p>\n<p><strong>Mobilisation payante<\/strong><\/p>\n<p>Une premi\u00e8re zone de collecte \u00e0 Saint-Ernel et bient\u00f4t la d\u00e9chetterie. Une nouvelle \u00e9poque s\u2019ouvrait.<br \/>\nOn nous avait pr\u00e9dit que les landern\u00e9ennes et Landern\u00e9ens n\u2019\u00e9taient pas pr\u00eats \u00e0 trier et \u00e0 se d\u00e9placer. Erreur ! Le succ\u00e8s \u00e9tait \u00e9clatant.<br \/>\n<a href=\"https:\/\/i0.wp.com\/www.landerneau-ecologie.org\/wp-content\/uploads\/2010\/03\/ScannedImage-9-2.jpg\"><img loading=\"lazy\" src=\"https:\/\/i0.wp.com\/www.landerneau-ecologie.org\/wp-content\/uploads\/2010\/03\/ScannedImage-9-2.jpg?resize=300%2C145\" alt=\"\" width=\"300\" height=\"145\" class=\"aligncenter size-medium wp-image-458\" srcset=\"https:\/\/i0.wp.com\/www.landerneau-ecologie.org\/wp-content\/uploads\/2010\/03\/ScannedImage-9-2.jpg?resize=300%2C145 300w, https:\/\/i0.wp.com\/www.landerneau-ecologie.org\/wp-content\/uploads\/2010\/03\/ScannedImage-9-2.jpg?w=711 711w\" sizes=\"(max-width: 300px) 100vw, 300px\" data-recalc-dims=\"1\" \/><\/a><br \/>\n<a href=\"https:\/\/i0.wp.com\/www.landerneau-ecologie.org\/wp-content\/uploads\/2010\/03\/ScannedImage-10-3.jpg\"><img loading=\"lazy\" src=\"https:\/\/i0.wp.com\/www.landerneau-ecologie.org\/wp-content\/uploads\/2010\/03\/ScannedImage-10-3.jpg?resize=300%2C194\" alt=\"\" width=\"300\" height=\"194\" class=\"aligncenter size-medium wp-image-459\" srcset=\"https:\/\/i0.wp.com\/www.landerneau-ecologie.org\/wp-content\/uploads\/2010\/03\/ScannedImage-10-3.jpg?resize=300%2C194 300w, https:\/\/i0.wp.com\/www.landerneau-ecologie.org\/wp-content\/uploads\/2010\/03\/ScannedImage-10-3.jpg?w=885 885w\" sizes=\"(max-width: 300px) 100vw, 300px\" data-recalc-dims=\"1\" \/><\/a><\/p>\n<p><strong>Enfin les d\u00e9chets verts<\/strong><br \/>\nLes d\u00e9chets verts sont les plus encombrants et les mieux recyclables. Une aire de compostage \u00e9tait enfin ouverte.<br \/>\n<a href=\"https:\/\/i0.wp.com\/www.landerneau-ecologie.org\/wp-content\/uploads\/2010\/03\/ScannedImage-15.jpg\"><img loading=\"lazy\" src=\"https:\/\/i0.wp.com\/www.landerneau-ecologie.org\/wp-content\/uploads\/2010\/03\/ScannedImage-15.jpg?resize=300%2C196\" alt=\"\" width=\"300\" height=\"196\" class=\"aligncenter size-medium wp-image-460\" srcset=\"https:\/\/i0.wp.com\/www.landerneau-ecologie.org\/wp-content\/uploads\/2010\/03\/ScannedImage-15.jpg?resize=300%2C196 300w, https:\/\/i0.wp.com\/www.landerneau-ecologie.org\/wp-content\/uploads\/2010\/03\/ScannedImage-15.jpg?resize=1024%2C669 1024w, https:\/\/i0.wp.com\/www.landerneau-ecologie.org\/wp-content\/uploads\/2010\/03\/ScannedImage-15.jpg?w=1495 1495w\" sizes=\"(max-width: 300px) 100vw, 300px\" data-recalc-dims=\"1\" \/><\/a><\/p>\n<p><strong>Une vie agit\u00e9e<\/strong><br \/>\nUne usine de compostage, une aire pour d\u00e9chets verts, une d\u00e9chetterie. Tout cet \u00e9quipement se devait d\u2019aboutir \u00e0 une bonne gestion des d\u00e9chets \u00e0 Landerneau.<\/p>\n<p>Mais&#8230;<\/p>\n<p>Faute d\u2019une collecte s\u00e9lective \u00e0 domicile le compost \u00e9tait de pi\u00e8tre qualit\u00e9. Pour pouvoir rester dans les normes et l\u2019\u00e9taler sur les champs d\u2019exploitants peu regardants il fallait le m\u00e9langer \u00e0 celui issu des d\u00e9chets verts.<br \/>\nLe recours \u00e0 des sacs jaunes (recyclable) et noirs (vers le compostage) a un peu am\u00e9lior\u00e9 la qualit\u00e9 mais en ce mois de janvier 2009 l\u2019usine ferme pour cause de v\u00e9tust\u00e9. Fini le compostage et retour \u00e0 l\u2019incin\u00e9ration.<br \/>\nC\u00f4t\u00e9 d\u00e9chetterie le fonctionnement laisse encore \u00e0 d\u00e9sirer et il est difficile d\u2019y voir une r\u00e9el tri \u00e0 des fins de valorisation. Les bennes &#8220;tout combustible&#8221; et &#8220;gravats&#8221; semblent aptes \u00e0 tout recevoir. Par ailleurs la politique de l\u2019emploi n\u2019encourage pas une bonne gestion.( voir : Licenciement abusif. P. Gourtay contre-attaque).<br \/>\nLe refus des \u00e9lus de la communaut\u00e9 de communes de rendre publique la gestion de ces installations n\u2019est pas le signe d\u2019une volont\u00e9 de reprendre les choses en main.<\/p>\n<p><strong>Conclusion ?<\/strong><br \/>\nLentement une prise de conscience se fait de la n\u00e9cessit\u00e9 de limiter et recycler les d\u00e9chets.<br \/>\nC\u2019est le cas aussi dans le Pays de Landerneau-Daoulas, mais la marge de progression y est encore grande.<br \/>\nForte heureusement le milieu associatif se renouv\u00e8le et invente de nouveaux modes d\u2019action. Le Tri Porteur et sa recyclerie sont l\u00e0 pour en apporter la preuve.<\/p>\n<p>Encore un effort et on y arrivera.<\/p>\n<p><a href=\"http:\/\/www.landerneau-ecologie.org\/?p=436\"><strong>A suivre : La saga des d\u00e9chets.4. Irvillac \u00e9chappe \u00e0 une d\u00e9charge.<\/strong><\/a><\/p>\n","protected":false},"excerpt":{"rendered":"<p>Limiter les d\u00e9chets, les trier, les recycler. Tel \u00e9tait le mot d\u2019ordre des \u00e9cologistes au moment de la lutte de Langazel. Du plastique, du papier dans les poubelles. tel \u00e9tait l\u2019imp\u00e9ratif de la fabrication du combusoc dans l\u2019usine de Plou\u00e9dern. Le combat pour une d\u00e9chetterie et un tri s\u00e9lectif \u00e9tait donc \u00e0 l\u2019ordre du jour [&hellip;]<\/p>\n","protected":false},"author":2,"featured_media":0,"comment_status":"closed","ping_status":"closed","sticky":false,"template":"","format":"standard","meta":{"spay_email":"","jetpack_publicize_message":"","jetpack_is_tweetstorm":false,"jetpack_publicize_feature_enabled":true},"categories":[5,9],"tags":[],"jetpack_featured_media_url":"","jetpack_publicize_connections":[],"jetpack_sharing_enabled":true,"jetpack_shortlink":"https:\/\/wp.me\/pE6pS-7e","_links":{"self":[{"href":"http:\/\/www.landerneau-ecologie.org\/index.php?rest_route=\/wp\/v2\/posts\/448"}],"collection":[{"href":"http:\/\/www.landerneau-ecologie.org\/index.php?rest_route=\/wp\/v2\/posts"}],"about":[{"href":"http:\/\/www.landerneau-ecologie.org\/index.php?rest_route=\/wp\/v2\/types\/post"}],"author":[{"embeddable":true,"href":"http:\/\/www.landerneau-ecologie.org\/index.php?rest_route=\/wp\/v2\/users\/2"}],"replies":[{"embeddable":true,"href":"http:\/\/www.landerneau-ecologie.org\/index.php?rest_route=%2Fwp%2Fv2%2Fcomments&post=448"}],"version-history":[{"count":2,"href":"http:\/\/www.landerneau-ecologie.org\/index.php?rest_route=\/wp\/v2\/posts\/448\/revisions"}],"predecessor-version":[{"id":1320,"href":"http:\/\/www.landerneau-ecologie.org\/index.php?rest_route=\/wp\/v2\/posts\/448\/revisions\/1320"}],"wp:attachment":[{"href":"http:\/\/www.landerneau-ecologie.org\/index.php?rest_route=%2Fwp%2Fv2%2Fmedia&parent=448"}],"wp:term":[{"taxonomy":"category","embeddable":true,"href":"http:\/\/www.landerneau-ecologie.org\/index.php?rest_route=%2Fwp%2Fv2%2Fcategories&post=448"},{"taxonomy":"post_tag","embeddable":true,"href":"http:\/\/www.landerneau-ecologie.org\/index.php?rest_route=%2Fwp%2Fv2%2Ftags&post=448"}],"curies":[{"name":"wp","href":"https:\/\/api.w.org\/{rel}","templated":true}]}}