{"id":4101,"date":"2025-07-28T11:23:23","date_gmt":"2025-07-28T09:23:23","guid":{"rendered":"https:\/\/www.landerneau-ecologie.org\/?p=4101"},"modified":"2025-07-28T11:23:23","modified_gmt":"2025-07-28T09:23:23","slug":"expropries-de-lile-longue-les-derniers-temoins-se-souviennent","status":"publish","type":"post","link":"http:\/\/www.landerneau-ecologie.org\/?p=4101","title":{"rendered":"Expropri\u00e9s de l&#8217;\u00cele-longue. Les derniers t\u00e9moins se souviennent."},"content":{"rendered":"\n<h1><\/h1>\n\n\n\n<p><em><strong>G\u00e9rard Borvon<\/strong><\/em>.<\/p>\n\n\n\n<p>1965. De Gaulle a d\u00e9cid\u00e9 de faire de l&#8217;\u00cele-longue une base de sous-marins nucl\u00e9aires. A l&#8217;occasion d&#8217;un travail universitaire (ann\u00e9e 2004\/2005), quarante ans apr\u00e8s les \u00e9v\u00e8nements, Serge Borvon a rencontr\u00e9 des t\u00e9moins de l&#8217;expropriation des habitants de l&#8217;\u00cele-longue dans la presqu&#8217;\u00eele de Crozon pour l&#8217;installation de la base de sous-marins nucl\u00e9aires.<\/p>\n\n\n\n<figure class=\"wp-block-image\"><img src=\"https:\/\/i0.wp.com\/image.over-blog.com\/PvEkoyNYOxUf6dZUtEUlEHugF2U=\/filters:no_upscale()\/image%2F0978706%2F20250421%2Fob_7213ad_crozon-dernier-hiver.jpg?ssl=1\" alt=\"\" data-recalc-dims=\"1\" \/><\/figure>\n\n\n\n<p><strong>Premier informateur, M. Francis S\u00e9n\u00e9chal, 90 ans, ancien sous-marinier en retraite et ancien conseiller municipal \u00e0 la Lib\u00e9ration, demeurant \u00e0 Rostellec en Crozon.<\/strong><\/p>\n\n\n\n<p><strong>Serge Borvon<\/strong> : Pouvez-vous me parler des tout-d\u00e9buts de l&#8217;annonce de l&#8217;installation de la base nucl\u00e9aire de l&#8217;\u00cele-longue ?<\/p>\n\n\n\n<p><strong>M. S\u00e9n\u00e9cha<\/strong>l : C&#8217;est moi qui ai mont\u00e9 ce comit\u00e9. Il y a eu dans la presse un article nous disant qu&#8217;on allait prendre l&#8217;\u00cele-longue pour faire une base de sous-marins atomiques.[.]Suite \u00e0 une r\u00e9union \u00e0 Quimper, le pr\u00e9fet du Finist\u00e8re a mis un article dans la presse en disant que l&#8217;on allait prendre l&#8217;\u00cele-longue. Alors quand les habitants ont su \u00e7a, ils sont venus me voir en me demandant qu&#8217;est-ce qu&#8217;on aurait pu faire pour essayer de balancer cette base, parce que personne n&#8217;en voulait. Je dis&#8221; peut-\u00eatre on peut faire un comit\u00e9 de d\u00e9fense, on va essayer de faire d\u00e9placer cette base ailleurs&#8221;, mais il n&#8217;y avait rien \u00e0 faire, c&#8217;\u00e9tait d\u00e9j\u00e0 fait, parce que la municipalit\u00e9 de Crozon qui \u00e9tait dirig\u00e9e par le docteur Jacquin \u00e9tait pour. Les expropriations ont \u00e9t\u00e9 mal men\u00e9es, on nous a envoy\u00e9 un monsieur de Paris, et alors il faisait pression sur les gens en disant &#8220;non on peut pas vous donner plus&#8221;. Il essayait de diviser les gens pour r\u00e9gner. Il y avait quelques personnes qui voulaient avoir un peu d&#8217;argent, il leur payait et nous avons \u00e9t\u00e9 tous bloqu\u00e9s. Avec cette affaire-l\u00e0 \u00e7&#8217;a \u00e9t\u00e9 une belle man\u0153uvre.<\/p>\n\n\n\n<p><strong>Serge Borvon<\/strong> : Quand les gens vous ont contact\u00e9 quelles \u00e9taient leurs inqui\u00e9tudes. l&#8217;installation d&#8217;une base militaire ou bien le risque li\u00e9 \u00e0 l&#8217;armement nucl\u00e9aire pr\u00e9sent sur le site ?<\/p>\n\n\n\n<p><strong>M. S\u00e9n\u00e9chal<\/strong> : C&#8217;est les deux, les gens n&#8217;en voulaient pas, ni du militaire, ni du nucl\u00e9aire, parce que nous avions toutes sortes de servitudes, un polygone d&#8217;isolement, on ne nous l&#8217;avait pas dit au d\u00e9but.<\/p>\n\n\n\n<p><strong>Serge Borvon<\/strong> : Les gens se sont divis\u00e9s dans la population ?<\/p>\n\n\n\n<p><strong>M. S\u00e9n\u00e9chal<\/strong> : Au d\u00e9but ils ont donn\u00e9 du travail aux gens, vous comprenez, alors l\u00e0, \u00e7&#8217;a a commenc\u00e9 \u00e0 virer. Oui, les gens ce sont divis\u00e9s dans la population&#8230; Naturellement, ils ont dit &#8220;Pourquoi voulez-vous que l&#8217;on fasse partie de ce comit\u00e9 de d\u00e9fense puisqu&#8217;on nous donne du travail ?&#8221;. On leur a dit aussi que ce n&#8217;\u00e9tait pas plus dangereux que la pompe \u00e0 essence du garagiste de Crozon. C&#8217;est la municipalit\u00e9 qui avait invit\u00e9 \u00e7a.<\/p>\n\n\n\n<p><strong>Serge Borvon<\/strong> : C&#8217;est quand m\u00eame int\u00e9ressant de savoir, que dans votre comit\u00e9, il y avait d&#8217;anciens militaires.<\/p>\n\n\n\n<p><strong>M. S\u00e9n\u00e9chal<\/strong> : Oui, nous \u00e9tions trois anciens de la marine nationale, dont le pr\u00e9sident M. Montillet, qui \u00e9tait un officier de l&#8217;\u00e9quipage en retraite. Et vous savez pas, je vais vous dire quelque chose, il vaut mieux que vous gardiez \u00e7a pour vous, tous les policiers de Brest avaient achet\u00e9 ici des terrains \u00e0 b\u00e2tir dans la zone o\u00f9 on devait exproprier [.]Ils savaient d&#8217;avance quelle \u00e9tait la place qui devait \u00eatre expropri\u00e9e. Aussit\u00f4t j&#8217;ai demand\u00e9 \u00e0 conna\u00eetre le plan parcellaire, et c&#8217;est l\u00e0 que je me suis rendu compte qu&#8217;ils avaient achet\u00e9 dans la zone \u00e0 exproprier.<\/p>\n\n\n\n<p><strong>Serge Borvon<\/strong> : Vos actions ont presque dur\u00e9 deux ans ?<\/p>\n\n\n\n<p><strong>M. S\u00e9n\u00e9chal<\/strong> : Je vais vous dire comment \u00e7a s&#8217;est pass\u00e9. Il y a des gens, dont la paysan ici, il a sign\u00e9 quand le &#8220;charg\u00e9&#8221; de Quimper est venu faire un sondage, il a touch\u00e9 11 millions pour ses terrains. Il a sign\u00e9 et tout la monde apr\u00e8s \u00e9tait bloqu\u00e9, nous \u00e9tions dans l&#8217;obligation de signer. Ceux qui ont \u00e9t\u00e9 en appel avec Garapin ont eu beaucoup moins que ceux qui avaient sign\u00e9.<\/p>\n\n\n\n<p><strong>Serge Borvon<\/strong> : J&#8217;ai lu dans les journaux qu&#8217;il y avait eu de grandes manifestations ?<\/p>\n\n\n\n<p><strong>M. S\u00e9n\u00e9chal<\/strong> : Oui nous avons manifest\u00e9 \u00e0 Quimper, vous savez comment on a \u00e9t\u00e9 accueilli ? &#8220;M. S\u00e9n\u00e9chal si un jour vous faites des manifestations&nbsp; \u00e0 Quimper je vous briserai &#8211; Tiens ! je dis, pourtant quand il y a des manifestations de paysans vous faites rien. A Crozon nous avons \u00e9t\u00e9 pris pour des r\u00e9volutionnaires, \u00e0 Morgat surtout on \u00e9tait mal vus. Eh oui autrefois les gens de l&#8217;\u00cele-longue travaillaient dans les carri\u00e8res, c&#8217;\u00e9taient des ouvriers, des petites gens, et alors ils votaient \u00e0 gauche. Vous comprenez pourquoi nous \u00e9tions d\u00e9laiss\u00e9s par les \u00e9lus et que le maire n&#8217;\u00e9tait pas contre l&#8217;\u00cele-longue.<\/p>\n\n\n\n<p><strong>Serge Borvon<\/strong> : Aujourd&#8217;hui les riverains ont-ils des inqui\u00e9tudes par rapport aux risques qu&#8217;il peut y avoir ?<\/p>\n\n\n\n<p><strong>M. S\u00e9n\u00e9chal<\/strong> : Vous savez tout se passe en vase clos, on ne peut pas savoir ce qui se passe , m\u00eame qu&#8217;il y ait des radiations tout cela est interdit de diffusion. Vous ne saura jamais ce qui se passe. A ce qu&#8217;il para\u00eet il y aurait eu des radiations mais \u00e7a a \u00e9t\u00e9 camoufl\u00e9.<\/p>\n\n\n\n<p><em>Remarque de Serge Borvon : Quelques jours apr\u00e8s notre entretien, la presse faisait \u00e9tat d&#8217;un d\u00e9c\u00e8s d\u00fb \u00e0 une contamination en 2002.<\/em><\/p>\n\n\n\n<p><strong>Le deuxi\u00e8me entretien a eu lieu chez M. et M<sup>me <\/sup>Magadur. Monsieur Magadur a 70 ans, il est ancien ouvrier d&#8217;une entreprise sous-traitante de la DCN (Direction des constructions Navales). Au moment des expropriations, M. et M<sup>me<\/sup> Magadur habitaient Brest, c&#8217;\u00e9taient les parents de M.Magadur qui vivaient \u00e0 l&#8217;\u00cele-longue.<\/strong><\/p>\n\n\n\n<p><strong>Serge Borvon<\/strong> : Quand avez-vous appris que ce site allait \u00eatre retenu ?,<\/p>\n\n\n\n<p><strong>M. Magadur<\/strong> : Vous savez on a vu appara\u00eetre sur la route des gens qui n&#8217;\u00e9taient pas du coin, des messieurs surtout. Oui, \u00e7a s&#8217;est pass\u00e9 dr\u00f4lement. Un jour ma belle-m\u00e8re me dit : &#8220;tu sais, on va partir de l&#8217;\u00cele-longue. Moi je ne cois pas \u00e7a&#8221; &#8211; vous savez, ma belle-m\u00e8re parlait un petit peu nature &#8211; &#8220;moi je ne crois pas \u00e7a&#8221; qu&#8217;elle me dit. Elle \u00e9tait oblig\u00e9e de se rendre \u00e0 l&#8217;\u00e9vidence, et un jour elle m&#8217;a dit : &#8221; Tu sais, je ne suis pas propri\u00e9taire, c&#8217;est de Gaulle mon propri\u00e9taire&#8221;, \u00e7a a \u00e9t\u00e9 dur pour elle, tr\u00e8s dur. Mon p\u00e8re d&#8217;ailleurs s&#8217;est laiss\u00e9 presque&#8230; oui il s&#8217;est laiss\u00e9 presque&#8230; mon p\u00e8re n&#8217;a plus r\u00e9agi apr\u00e8s, d\u00e8s qu&#8217;il est venu ici \u00e7a \u00e9t\u00e9 fini.<\/p>\n\n\n\n<p><strong>Serge Borvon<\/strong> : Donc vous avez appris en voyant des gens arriver ?<\/p>\n\n\n\n<p><strong>M. Magadur<\/strong> : Eh bien oui, deux ou trois expropriateurs, un peu dans le genre de gendarmes d\u00e9guis\u00e9s en civil. Il y en avait un [.] il disait franchement aux gens, aux pauvres veuves qui ont mis toute une carri\u00e8re pour faire un pennti : &#8220;Si vous ne signez pas, la prochaine fois \u00e7a sera moins&#8221;, et alors elles perdaient un peu les p\u00e9dales.<\/p>\n\n\n\n<p>Mon p\u00e8re \u00e9tait dans la Marine, son r\u00eave \u00e9tait de retourner chez lui \u00e0 la retraite. On venait juste de finir de retaper toute la maison &#8211; le plus dur c&#8217;est qu&#8217;on nous laissait continuer \u00e0 faire tous les travaux jusqu&#8217;au moment o\u00f9 on nous a dit de partir. J&#8217;ai essay\u00e9 de lutter, mais j&#8217;ai vite compris, m\u00eame avec les \u00e9lus de Crozon, que les int\u00e9r\u00eats n&#8217;\u00e9taient pas les m\u00eames. Ceux qui ont d\u00e9fendu le plus, ce sont les touristes, l&#8217;\u00e9t\u00e9, qui ont manifest\u00e9 avec nous, mais les gens du Fret et de Crozon, non : il y avait trop d&#8217;int\u00e9r\u00eats.<\/p>\n\n\n\n<p>Quand on voit une maison comme celle-ci (<em>les maisons construites pour reloger les expropri\u00e9s au Zorn<\/em>), voil\u00e0 une maison qui co\u00fbtait \u00e0 l&#8217;\u00e9poque 160 000 F, les gens disaient &#8220;il a eu tout \u00e7a de l&#8217;\u00cele-longue&#8221;, mais il faut savoir aussi ce que l&#8217;on a laiss\u00e9 qui vient de mes grands-parents, de mes parents. Nous avions deux maisons \u00e0 l&#8217;\u00cele-longue, des terrains, nous \u00e9tions heureux et subitement on vous dit &#8220;il faut partir&#8221;. Mon p\u00e8re n&#8217;a pas support\u00e9 \u00e7a, il s&#8217;est laiss\u00e9 mourir, il est mort en 1979, il ne touchait plus \u00e0 rien ici, c&#8217;\u00e9tait fini.<\/p>\n\n\n\n<p><strong>Serge Borvon<\/strong> : Pourquoi \u00e0 votre avis le choix de l&#8217;\u00cele-longue.<\/p>\n\n\n\n<p><strong>M. Magadur<\/strong> : J&#8217;ai eu l&#8217;occasion de discuter avec une personne tr\u00e8s bien plac\u00e9e \u00e0 l&#8217;\u00cele-longue, il y a eu une conf\u00e9rence et je suis all\u00e9 le voir un peu \u00e0 la fin. &#8220;Dites donc monsieur, j&#8217;ai fait partie du comit\u00e9 de d\u00e9fense contre l&#8217;\u00cele-longue, pour vous est-ce que c&#8217;\u00e9tait un bon choix l&#8217;\u00cele-longue ?&#8221; &#8211; &#8221; Pour moi c&#8217;\u00e9tait le plus mauvais choix, vu la population de Brest \u00e0 une distance de huit kilom\u00e8tres. Il fallait un d\u00e9part direct sur la mer, le mieux \u00e9tait vers le Cap de la Ch\u00e8vre&#8221;. Alors si cela avait \u00e9t\u00e9 Morgat, on mettait le feu \u00e0 la Presqu&#8217;\u00eele, il y avait des int\u00e9r\u00eats, il y avait des maires, des notaires, ils avaient tous des terrains. Le choix s&#8217;est port\u00e9 sur l&#8217;\u00cele-longue par rapport au trajet, il fallait que les militaires puissent rentrer chez eux le soir.<\/p>\n\n\n\n<p>Ce sont mes beaux-parents qui ont quitt\u00e9 les derniers l&#8217;\u00cele-longue, ils ont quitt\u00e9 parce que les travaux avaient commenc\u00e9. Ils n&#8217;avaient rien trouv\u00e9 pour se reloger, et les ouvriers ont donc fait sauter les mines et mon beau-p\u00e8re a failli \u00eatre tu\u00e9 l\u00e0, il y a un rocher qui est tomb\u00e9 \u00e0 c\u00f4t\u00e9 de lui. Et ma belle-m\u00e8re a eu juste le temps de le retirer, et elle a dit &#8220;Cette fois-ci on s&#8217;en va, on ira n&#8217;importe o\u00f9 mais on s&#8217;en va&#8221;. ils faisaient sauter de plus en plus de mines et de plus en plus pr\u00e8s pour les faire partir&#8230; Ils avaient du chagrin&#8230; Ma fille me dit encore que les meilleurs moments de sa vie , ce sont ceux&nbsp; qu&#8217;elle a pass\u00e9 avec ses grands-parents \u00e0 l&#8217;\u00cele-longue, dans la petite maison bleue. Et la p\u00eache que nous faisions ! &#8230;c&#8217;\u00e9tait un vrai vivier \u00e0 coquillages et \u00e0 poissons<\/p>\n\n\n\n<p><strong>Serge Borvon<\/strong> : Au d\u00e9but le maire, le docteur, semblait d\u00e9fendre les futurs expropri\u00e9s, et ensuite on voit que le maire refuse de participer \u00e0 une manifestation, que s&#8217;est-il pass\u00e9 ?<\/p>\n\n\n\n<p><strong>M. Magadur<\/strong> : Vous savez le parti socialiste \u00e9tait contre \u00e0 l&#8217;\u00e9poque, donc ceux qui \u00e9taient contre les expropriations se mettaient du c\u00f4t\u00e9 du parti socialiste. Vous savez, il ne faut pas raisonner droite gauche dans cette affaire. Nous avions aussi le soutien des p\u00eacheurs de la rade, car il y avait un bon banc de coquilles Saint-Jacques dans le secteur, ils \u00e9taient aussi menac\u00e9s.<\/p>\n\n\n\n<p>,<\/p>\n\n\n\n<p><strong>Serge Borvon<\/strong> : Ind\u00e9pendamment du probl\u00e8me d&#8217;expropriation, y-a-t-il eu des craintes par rapport au nucl\u00e9aire ?<\/p>\n\n\n\n<p><strong>M. Magadu<\/strong>r : Oh oui ! On n&#8217;avait que \u00e7a dans la bouche. vous savez que l\u2019\u00c9tat a menac\u00e9 M. Montillet de suspendre sa retraite d&#8217;officier de marine parce qu&#8217;il \u00e9tait \u00e0 la t\u00eate du mouvement. Dans cette bagarre se retrouver face au mur avec des forces comme cela, c&#8217;est r\u00e9voltant.<\/p>\n\n\n\n<p><strong>Serge Borvon<\/strong> : Y-a-t-il des personnes qui ont rejoint votre comit\u00e9 par peur de la radioactivit\u00e9, sans parler des expropriations ?&nbsp;<\/p>\n\n\n\n<p><strong>M. Magadur<\/strong> : Oh si ! On parlait beaucoup \u00e0 l&#8217;\u00e9poque de la radioactivit\u00e9, ceux qui \u00e9taient conscients de \u00e7a en parlaient, mais la population \u00e9tait surtout occup\u00e9e par d&#8217;avoir leur bien, mais la radioactivit\u00e9, M. Montillet parlait beaucoup de \u00e7a, lui qui avait \u00e9t\u00e9 dans la Marine. Avec le nucl\u00e9aire, on ne peut jamais savoir&#8230;<\/p>\n\n\n\n<p>_____________________________________________________________________________________<\/p>\n\n\n\n<p><strong>Pour aller plus loin les t\u00e9moignages d&#8217;acteurs de la construction de la base.<\/strong><\/p>\n\n\n\n<p><strong>Pierre Pommellet<\/strong> a dirig\u00e9 le chantier de l\u2019Ile Longue de 1966 \u00e0 fin 1969. Interrog\u00e9 par le t\u00e9l\u00e9gramme :<\/p>\n\n\n\n<p><strong>Le Cap de la Ch\u00e8vre avait \u00e9galement \u00e9t\u00e9 envisag\u00e9 ?<\/strong><\/p>\n\n\n\n<p>Oui, je m\u2019y suis rendu plusieurs fois sur place mais les \u00e9tudes ont montr\u00e9 que la houle \u00e9tait trop forte. Il aurait fallu construire une jet\u00e9e de protection consid\u00e9rable. Avec le recul, il faut avouer que cela aurait \u00e9t\u00e9 dommage de d\u00e9naturer un tel site. Certains avaient imagin\u00e9 un long tunnel pour traverser la presqu\u2019\u00eele. Les exigences et la pression \u00e9cologiques n\u2019\u00e9taient pas aussi aff\u00fbt\u00e9es qu\u2019aujourd\u2019hui.<\/p>\n\n\n\n<p><br><strong>L\u2019Ile longue, en 1965, \u00e9tait \u00e9galement un endroit naturel exceptionnel<\/strong>\u2026<\/p>\n\n\n\n<p>Oui, c\u2019\u00e9tait tr\u00e8s joli et plut\u00f4t sauvage vers son extr\u00e9mit\u00e9. Il y avait beaucoup de fermes et un \u00e9peron rocheux impressionnant, un \u00e0-pic de 40 m\u00e8tres de hauteur qui surplombait des eaux cristallines. Il y avait des maisons secondaires \u00e0 l\u2019entr\u00e9e et pas mal de fermes o\u00f9 l\u2019on croisait d\u2019ailleurs des m\u00e9tayers tr\u00e8s touchants. Les expropriations nous ont \u00e9mus mais il a fallu avancer.<\/p>\n\n\n\n<p><br><strong>Les proc\u00e9dures vous ont-elles impressionn\u00e9 ?<\/strong><\/p>\n\n\n\n<p>Je n\u2019ai jamais vu dans ma carri\u00e8re des proc\u00e9dures aussi exp\u00e9ditives. Tout est all\u00e9 tr\u00e8s vite, il fallait finir trois ans plus tard. Apr\u00e8s une campagne de sondages, les gros engins de terrassement ont commenc\u00e9 par araser les hauteurs et d\u00e9poser surtout dans l\u2019Ouest les mat\u00e9riaux pour \u00e9tendre de 40 % la surface de la presqu\u2019\u00eele et permettre la r\u00e9alisation des voies de circulation.<\/p>\n\n\n\n<p class=\"has-text-align-center\"><strong>XXXXXXXXXXXXXXX<\/strong><\/p>\n\n\n\n<p><strong>Rapport\u00e9 d&#8217;un m\u00e9moire universitaire pr\u00e9sent\u00e9 par Kerian Bouthemy<\/strong> : &nbsp; Au d\u00e9but des travaux, en 1967, un des principaux responsables des Travaux Maritimes pr\u00e9sents sur le site, se souvient d\u2019avoir \u00e9t\u00e9, comme ses camarades, conspu\u00e9 et injuri\u00e9 par une partie des expuls\u00e9s : \u00ab Ce fut un moment tr\u00e8s p\u00e9nible \u00e0 supporter, nous \u00e9tions l\u00e0 pour faire notre travail, certes, mais nous ne pouvions rester insensibles devant la d\u00e9tresse, r\u00e9elle et compr\u00e9hensible des expropri\u00e9s. Ainsi la famille d\u2019une femme \u00e2g\u00e9e nous suppliait-elle de la laisser mourir chez elle. C\u2019est sans doute l&#8217;\u00e9pisode qui m\u2019a le plus \u00e9mu.<\/p>\n","protected":false},"excerpt":{"rendered":"<p>G\u00e9rard Borvon. 1965. De Gaulle a d\u00e9cid\u00e9 de faire de l&#8217;\u00cele-longue une base de sous-marins nucl\u00e9aires. A l&#8217;occasion d&#8217;un travail universitaire (ann\u00e9e 2004\/2005), quarante ans apr\u00e8s les \u00e9v\u00e8nements, Serge Borvon a rencontr\u00e9 des t\u00e9moins de l&#8217;expropriation des habitants de l&#8217;\u00cele-longue dans la presqu&#8217;\u00eele de Crozon pour l&#8217;installation de la base de sous-marins nucl\u00e9aires. Premier informateur, [&hellip;]<\/p>\n","protected":false},"author":2,"featured_media":0,"comment_status":"closed","ping_status":"closed","sticky":false,"template":"","format":"standard","meta":{"spay_email":"","jetpack_publicize_message":"","jetpack_is_tweetstorm":false,"jetpack_publicize_feature_enabled":true},"categories":[1],"tags":[],"jetpack_featured_media_url":"","jetpack_publicize_connections":[],"jetpack_sharing_enabled":true,"jetpack_shortlink":"https:\/\/wp.me\/pE6pS-149","_links":{"self":[{"href":"http:\/\/www.landerneau-ecologie.org\/index.php?rest_route=\/wp\/v2\/posts\/4101"}],"collection":[{"href":"http:\/\/www.landerneau-ecologie.org\/index.php?rest_route=\/wp\/v2\/posts"}],"about":[{"href":"http:\/\/www.landerneau-ecologie.org\/index.php?rest_route=\/wp\/v2\/types\/post"}],"author":[{"embeddable":true,"href":"http:\/\/www.landerneau-ecologie.org\/index.php?rest_route=\/wp\/v2\/users\/2"}],"replies":[{"embeddable":true,"href":"http:\/\/www.landerneau-ecologie.org\/index.php?rest_route=%2Fwp%2Fv2%2Fcomments&post=4101"}],"version-history":[{"count":3,"href":"http:\/\/www.landerneau-ecologie.org\/index.php?rest_route=\/wp\/v2\/posts\/4101\/revisions"}],"predecessor-version":[{"id":4134,"href":"http:\/\/www.landerneau-ecologie.org\/index.php?rest_route=\/wp\/v2\/posts\/4101\/revisions\/4134"}],"wp:attachment":[{"href":"http:\/\/www.landerneau-ecologie.org\/index.php?rest_route=%2Fwp%2Fv2%2Fmedia&parent=4101"}],"wp:term":[{"taxonomy":"category","embeddable":true,"href":"http:\/\/www.landerneau-ecologie.org\/index.php?rest_route=%2Fwp%2Fv2%2Fcategories&post=4101"},{"taxonomy":"post_tag","embeddable":true,"href":"http:\/\/www.landerneau-ecologie.org\/index.php?rest_route=%2Fwp%2Fv2%2Ftags&post=4101"}],"curies":[{"name":"wp","href":"https:\/\/api.w.org\/{rel}","templated":true}]}}