{"id":4088,"date":"2025-03-07T21:09:40","date_gmt":"2025-03-07T19:09:40","guid":{"rendered":"http:\/\/www.landerneau-ecologie.org\/?p=4088"},"modified":"2025-05-29T11:45:18","modified_gmt":"2025-05-29T09:45:18","slug":"un-scandale-pour-une-politique-climaticide-le-futur-stade-de-brest-tacle-par-une-elue-ecologiste","status":"publish","type":"post","link":"http:\/\/www.landerneau-ecologie.org\/?p=4088","title":{"rendered":"\u00abUn scandale pour une politique climaticide\u00bb : le futur stade de Brest tacl\u00e9 par Pauline Louis-Joseph-Dogu\u00e9, \u00e9lue \u00e9cologiste."},"content":{"rendered":"\n<p><\/p>\n\n\n\n<p><strong><a href=\"https:\/\/www.ouest-france.fr\/sport\/football\/stade-brestois\/un-scandale-pour-une-politique-climaticide-le-futur-stade-de-brest-tacle-par-une-elue-ecologiste-e3ae990e-fa98-11ef-b88c-bcd52c36774a\">Ouest-France<\/a><\/strong><br>Publi\u00e9 le 06\/03\/2025 \u00e0 16h32<\/p>\n\n\n\n<p>Pauline Louis-Joseph-Dogu\u00e9 n\u2019y est pas all\u00e9e avec le dos de la cuill\u00e8re, dans son propos liminaire, en ouverture de s\u00e9ance du conseil d\u00e9partemental du Finist\u00e8re, ce jeudi 6 mars 2025.<\/p>\n\n\n\n<div class=\"wp-block-image\"><figure class=\"aligncenter size-full\"><a href=\"https:\/\/i0.wp.com\/www.landerneau-ecologie.org\/wp-content\/uploads\/2025\/03\/Pauline-stade-Arkea.jpg\"><img loading=\"lazy\" width=\"684\" height=\"429\" src=\"https:\/\/i0.wp.com\/www.landerneau-ecologie.org\/wp-content\/uploads\/2025\/03\/Pauline-stade-Arkea.jpg?resize=684%2C429\" alt=\"\" class=\"wp-image-4089\" srcset=\"https:\/\/i0.wp.com\/www.landerneau-ecologie.org\/wp-content\/uploads\/2025\/03\/Pauline-stade-Arkea.jpg?w=684 684w, https:\/\/i0.wp.com\/www.landerneau-ecologie.org\/wp-content\/uploads\/2025\/03\/Pauline-stade-Arkea.jpg?resize=300%2C188 300w\" sizes=\"(max-width: 684px) 100vw, 684px\" data-recalc-dims=\"1\" \/><\/a><\/figure><\/div>\n\n\n\n<p>Dans son viseur : le futur stade du Froutven, \u00e0 Brest. Une volont\u00e9 commune des dirigeants du Stade Brestois et de Brest M\u00e9tropole, qui n\u00e9cessitera un apport d\u2019argent public. Le conseil d\u00e9partemental, lui, est sollicit\u00e9 \u00e0 hauteur de six millions d\u2019euros.<\/p>\n\n\n\n<p><\/p>\n\n\n\n<p>Extraits :<\/p>\n\n\n\n<p>&#8220;<strong><em>C&#8217;est un scandale pour une politique climaticide, c&#8217;est totalement ind\u00e9cent<\/em><\/strong>&#8221; [.] le projet &#8220;<strong><em>qui n&#8217;est plus 100% priv\u00e9<\/em><\/strong>&#8221; contrairement \u00e0 ce qui avait \u00e9t\u00e9 annonc\u00e9 initialement par les fr\u00e8res Le Saint \u00e0 la t\u00eate du club &#8220;<strong><em>constitue un risque financier important<\/em><\/strong>&#8221; [.] &#8220;<strong><em>Le respect des limites plan\u00e9taires n&#8217;est plus une option. C&#8217;est une n\u00e9cessit\u00e9<\/em><\/strong>&#8220;.<\/p>\n\n\n\n<p>Bravo et merci Pauline, pour cette courageuse intervention.<\/p>\n\n\n\n<p><\/p>\n\n\n\n<p class=\"has-text-align-center\"><strong><a href=\"https:\/\/bretagne.lesecologistes.fr\/posts\/2ClAUcUhdRlrmEVy1BiM4Y\/etre-elue-minoritaire-en-finistere-pas-simple-mais-passionnant\">Voir le bilan de manda de Pauline.<\/a><\/strong><\/p>\n\n\n\n<figure class=\"wp-block-image size-large\"><a href=\"https:\/\/i0.wp.com\/www.landerneau-ecologie.org\/wp-content\/uploads\/2025\/05\/pauline-scaled.webp\"><img loading=\"lazy\" width=\"1024\" height=\"576\" src=\"https:\/\/i0.wp.com\/www.landerneau-ecologie.org\/wp-content\/uploads\/2025\/05\/pauline.webp?resize=1024%2C576\" alt=\"\" class=\"wp-image-4111\" srcset=\"https:\/\/i0.wp.com\/www.landerneau-ecologie.org\/wp-content\/uploads\/2025\/05\/pauline-scaled.webp?resize=1024%2C576 1024w, https:\/\/i0.wp.com\/www.landerneau-ecologie.org\/wp-content\/uploads\/2025\/05\/pauline-scaled.webp?resize=300%2C169 300w, https:\/\/i0.wp.com\/www.landerneau-ecologie.org\/wp-content\/uploads\/2025\/05\/pauline-scaled.webp?resize=768%2C432 768w, https:\/\/i0.wp.com\/www.landerneau-ecologie.org\/wp-content\/uploads\/2025\/05\/pauline-scaled.webp?resize=1536%2C864 1536w, https:\/\/i0.wp.com\/www.landerneau-ecologie.org\/wp-content\/uploads\/2025\/05\/pauline-scaled.webp?resize=2048%2C1152 2048w\" sizes=\"(max-width: 1000px) 100vw, 1000px\" data-recalc-dims=\"1\" \/><\/a><\/figure>\n\n\n\n<p><\/p>\n","protected":false},"excerpt":{"rendered":"<p>Ouest-FrancePubli\u00e9 le 06\/03\/2025 \u00e0 16h32 Pauline Louis-Joseph-Dogu\u00e9 n\u2019y est pas all\u00e9e avec le dos de la cuill\u00e8re, dans son propos liminaire, en ouverture de s\u00e9ance du conseil d\u00e9partemental du Finist\u00e8re, ce jeudi 6 mars 2025. Dans son viseur : le futur stade du Froutven, \u00e0 Brest. Une volont\u00e9 commune des dirigeants du Stade Brestois et [&hellip;]<\/p>\n","protected":false},"author":2,"featured_media":0,"comment_status":"closed","ping_status":"closed","sticky":false,"template":"","format":"standard","meta":{"spay_email":"","jetpack_publicize_message":"","jetpack_is_tweetstorm":false,"jetpack_publicize_feature_enabled":true},"categories":[1],"tags":[],"jetpack_featured_media_url":"","jetpack_publicize_connections":[],"jetpack_sharing_enabled":true,"jetpack_shortlink":"https:\/\/wp.me\/pE6pS-13W","_links":{"self":[{"href":"http:\/\/www.landerneau-ecologie.org\/index.php?rest_route=\/wp\/v2\/posts\/4088"}],"collection":[{"href":"http:\/\/www.landerneau-ecologie.org\/index.php?rest_route=\/wp\/v2\/posts"}],"about":[{"href":"http:\/\/www.landerneau-ecologie.org\/index.php?rest_route=\/wp\/v2\/types\/post"}],"author":[{"embeddable":true,"href":"http:\/\/www.landerneau-ecologie.org\/index.php?rest_route=\/wp\/v2\/users\/2"}],"replies":[{"embeddable":true,"href":"http:\/\/www.landerneau-ecologie.org\/index.php?rest_route=%2Fwp%2Fv2%2Fcomments&post=4088"}],"version-history":[{"count":4,"href":"http:\/\/www.landerneau-ecologie.org\/index.php?rest_route=\/wp\/v2\/posts\/4088\/revisions"}],"predecessor-version":[{"id":4112,"href":"http:\/\/www.landerneau-ecologie.org\/index.php?rest_route=\/wp\/v2\/posts\/4088\/revisions\/4112"}],"wp:attachment":[{"href":"http:\/\/www.landerneau-ecologie.org\/index.php?rest_route=%2Fwp%2Fv2%2Fmedia&parent=4088"}],"wp:term":[{"taxonomy":"category","embeddable":true,"href":"http:\/\/www.landerneau-ecologie.org\/index.php?rest_route=%2Fwp%2Fv2%2Fcategories&post=4088"},{"taxonomy":"post_tag","embeddable":true,"href":"http:\/\/www.landerneau-ecologie.org\/index.php?rest_route=%2Fwp%2Fv2%2Ftags&post=4088"}],"curies":[{"name":"wp","href":"https:\/\/api.w.org\/{rel}","templated":true}]}}