{"id":4080,"date":"2025-02-26T21:56:24","date_gmt":"2025-02-26T19:56:24","guid":{"rendered":"http:\/\/www.landerneau-ecologie.org\/?p=4080"},"modified":"2026-03-09T14:21:46","modified_gmt":"2026-03-09T12:21:46","slug":"la-base-de-sous-marins-nucleaires-de-lile-longue-de-lexpulsion-de-ses-habitants-aux-resistances-dhier-et-daujourdhui","status":"publish","type":"post","link":"http:\/\/www.landerneau-ecologie.org\/?p=4080","title":{"rendered":"La base de sous-marins nucl\u00e9aires de l&#8217;\u00cele-Longue. De l&#8217;expulsion de ses habitants aux r\u00e9sistances d&#8217;hier et d&#8217;aujourd&#8217;hui."},"content":{"rendered":"\n<p>Nous pr\u00e9sentons ici des extraits du M\u00e9moire de recherche de Master 2 \u00ab&nbsp;Civilisations, Cultures et Soci\u00e9t\u00e9s Mondes modernes et contemporains Ann\u00e9e Universitaire 2023-2024&nbsp;\u00bb de Kerian BOUTHEMY. Des recherches approfondies qui b\u00e9n\u00e9ficient, en particulier, de la r\u00e9cente ouverture des archives de la marine.<\/p>\n\n\n\n<div class=\"wp-block-image\"><figure class=\"aligncenter\"><img src=\"https:\/\/i0.wp.com\/image.over-blog.com\/p13zV-D_Q89nwpMJUOGi4nmKWmE=\/filters:no_upscale()\/image%2F0978706%2F20250217%2Fob_f32ccd_crozon-memoire-etudiant-couverture.jpg?ssl=1\" alt=\"\" data-recalc-dims=\"1\" \/><\/figure><\/div>\n\n\n\n<p><\/p>\n\n\n\n<p><\/p>\n\n\n\n<p>1<strong>)<\/strong>  <a href=\"https:\/\/plogoff-chronique-de-la-lutte.over-blog.com\/2025\/02\/comment-l-ile-longue-dans-la-presqu-ile-est-de-crozon-est-devenue-la-base-des-sous-marins-nucleaires-francais.html\"><strong>Comment l\u2019\u00cele-Longue, dans la presqu\u2019\u00eele est de Crozon, est devenue la base des sous-marins nucl\u00e9aires fran\u00e7ais.<\/strong><\/a><\/p>\n\n\n\n<div class=\"wp-block-image\"><figure class=\"aligncenter\"><img src=\"https:\/\/i0.wp.com\/image.over-blog.com\/o0fh6VCvqGjn_CWKAnKDSkrbIXk=\/filters:no_upscale()\/image%2F0978706%2F20250218%2Fob_41806f_memoire-crozon-01a.JPG?ssl=1\" alt=\"\" data-recalc-dims=\"1\" \/><\/figure><\/div>\n\n\n\n<p>Parmi les probl\u00e8mes que doit r\u00e9soudre l\u2019organisation Coelacanthe charg\u00e9e du choix, figure \u00e9videmment le point d\u2019implantation en France du port-base et des infrastructures&nbsp; n\u00e9cessaires pour mettre en \u0153uvre une force maritime de dissuasion cr\u00e9dible en pleine Guerre Froide.<\/p>\n\n\n\n<p><\/p>\n\n\n\n<p><\/p>\n\n\n\n<p><\/p>\n\n\n\n<p><strong>2) <\/strong> <a href=\"https:\/\/plogoff-chronique-de-la-lutte.over-blog.com\/2025\/02\/installation-de-la-base-de-sous-marins-nucleaires-de-l-ile-longue.du-projet-a-la-realisation.html\">Installation de la base de sous-marins <strong>nucl\u00e9aires de l\u2019\u00cele-Longue. Du projet \u00e0 la r\u00e9sistance.<\/strong><\/a><\/p>\n\n\n\n<div class=\"wp-block-image\"><figure class=\"aligncenter\"><img src=\"https:\/\/i0.wp.com\/image.over-blog.com\/XTEKCduBWvdhuwwPzc-Ju-m-NZo=\/filters:no_upscale()\/image%2F0978706%2F20250218%2Fob_c80e73_crozon-guenvenez.JPG?ssl=1\" alt=\"\" data-recalc-dims=\"1\" \/><\/figure><\/div>\n\n\n\n<p>Le 17 f\u00e9vrier 1965, d\u00e8s le retour de son voyage dans le Finist\u00e8re, le g\u00e9n\u00e9ral de Gaulle r\u00e9unit au Palais de l\u2019\u00c9lys\u00e9e le conseil des ministres auquel il annonce \u00ab que les perspectives de Brest et le r\u00f4le capital que cette base est appel\u00e9e \u00e0 jouer dans la d\u00e9fense fran\u00e7aise, sont tout \u00e0 fait satisfaisants\u00bb.<\/p>\n\n\n\n<p><\/p>\n\n\n\n<p><\/p>\n\n\n\n<p><\/p>\n\n\n\n<p><strong>3)<\/strong>  <a href=\"https:\/\/plogoff-chronique-de-la-lutte.over-blog.com\/2025\/02\/la-pesqu-ile-entre-en-resistance.html\"><strong>Installation de la base de sous-marins nucl\u00e9aires de l\u2019\u00cele-Longue. La pesqu&#8217;\u00eele entre en r\u00e9sistance.<\/strong><\/a><\/p>\n\n\n\n<div class=\"wp-block-image\"><figure class=\"aligncenter\"><img src=\"https:\/\/i0.wp.com\/image.over-blog.com\/FSXr8-D-4npXlqvvFE22fOdY-_0=\/filters:no_upscale()\/image%2F0978706%2F20250218%2Fob_bdb247_crozon-manifestation.jpg?ssl=1\" alt=\"\" data-recalc-dims=\"1\" \/><\/figure><\/div>\n\n\n\n<p>Apr\u00e8s l\u2019annonce du projet suit une semaine de confusion, un comit\u00e9 de d\u00e9fense des int\u00e9r\u00eats de l\u2019\u00cele Longue se constitue. Pour la premi\u00e8re fois les habitants de la presqu&#8217;\u00eele se mobilisent contre l&#8217;emprise militaire.<\/p>\n\n\n\n<p><\/p>\n\n\n\n<p><\/p>\n\n\n\n<p><\/p>\n\n\n\n<p><strong>4)<\/strong>  <a href=\"https:\/\/plogoff-chronique-de-la-lutte.over-blog.com\/2025\/02\/1965.crozon.ile-longue.les-habitants-expulses.html\"><strong>1965. Crozon. \u00cele-Longue. Les habitants expuls\u00e9s.<\/strong><\/a><\/p>\n\n\n\n<p><\/p>\n\n\n\n<figure class=\"wp-block-image\"><img src=\"https:\/\/i0.wp.com\/image.over-blog.com\/XlsVSBuCuqUHmxJyiNWwS4gEDWA=\/filters:no_upscale()\/image%2F0978706%2F20250226%2Fob_67197e_crozon-dernier-hiver.jpg?ssl=1\" alt=\"\" data-recalc-dims=\"1\" \/><\/figure>\n\n\n\n<p>Au d\u00e9but des travaux, en 1967, un des principaux responsables des Travaux Maritimes pr\u00e9sents sur le site, se souvient d\u2019avoir \u00e9t\u00e9, comme ses camarades, conspu\u00e9 et injuri\u00e9 par une partie des expuls\u00e9s : \u00ab Ce fut un moment tr\u00e8s p\u00e9nible \u00e0 supporter, nous \u00e9tions l\u00e0 pour faire notre travail, certes, mais nous ne pouvions rester insensibles devant la d\u00e9tresse, r\u00e9elle et compr\u00e9hensible des expropri\u00e9s. Ainsi la famille d\u2019une femme \u00e2g\u00e9e nous suppliait-elle de la laisser mourir chez elle. c\u2019est sans doute l&#8217;\u00e9pisode qui m\u2019a le plus \u00e9mu. \u00bb<\/p>\n\n\n\n<p><\/p>\n\n\n\n<p><\/p>\n\n\n\n<p><strong>5)<\/strong>  <a href=\"https:\/\/plogoff-chronique-de-la-lutte.over-blog.com\/2025\/02\/non-au-nucleaire-a-l-ile-longue.la-resistance-a-l-ouest.html\"><strong>Non au nucl\u00e9aire \u00e0 l\u2019\u00cele-Longue. La r\u00e9sistance \u00e0 l\u2019Oues<\/strong>t.<\/a><\/p>\n\n\n\n<p><\/p>\n\n\n\n<div class=\"wp-block-image\"><figure class=\"aligncenter\"><img src=\"https:\/\/i0.wp.com\/image.over-blog.com\/eoQ8X-zPelgXqD6EmRrC_1ZdGlA=\/filters:no_upscale()\/image%2F0978706%2F20250218%2Fob_2ab80c_crozon-udb-c.jpg?ssl=1\" alt=\"\" data-recalc-dims=\"1\" \/><\/figure><\/div>\n\n\n\n<p>D\u00e8s les premiers mois, en mai 1964, &#8220;Le Peuple Breton&#8221;, le journal de l&#8217;Union D\u00e9mocratique bretonne (UDB) s\u2019attaque \u00e0 la situation de la presqu\u2019\u00eele de Crozon et aux chantiers militaires de Lanv\u00e9oc. Apr\u00e8s la r\u00e9sistance de Plogoff, bien d&#8217;autres oppositions se manifesteront.<\/p>\n\n\n\n<p><\/p>\n\n\n\n<p class=\"has-text-align-center\"><strong>voir l&#8217;ensemble du m\u00e9moire.<\/strong><\/p>\n\n\n\n<div class=\"wp-block-file\"><object class=\"wp-block-file__embed\" data=\"https:\/\/www.landerneau-ecologie.org\/wp-content\/uploads\/2026\/03\/memoire-crozon-kerian.pdf\" type=\"application\/pdf\" style=\"width:100%;height:600px\" aria-label=\"Contenu embarqu\u00e9 memoire-crozon-kerian.\"><\/object><a id=\"wp-block-file--media-f3afe537-f5ad-44ab-82fa-21c6a647d96f\" href=\"https:\/\/www.landerneau-ecologie.org\/wp-content\/uploads\/2026\/03\/memoire-crozon-kerian.pdf\">memoire-crozon-kerian<\/a><a href=\"https:\/\/www.landerneau-ecologie.org\/wp-content\/uploads\/2026\/03\/memoire-crozon-kerian.pdf\" class=\"wp-block-file__button\" download aria-describedby=\"wp-block-file--media-f3afe537-f5ad-44ab-82fa-21c6a647d96f\">T\u00e9l\u00e9charger<\/a><\/div>\n\n\n\n<p>___________________________________________________________________________________________________________________<\/p>\n\n\n\n<p><strong>Voir aussi.<\/strong><\/p>\n\n\n\n<p class=\"has-text-align-center\"><strong><a href=\"http:\/\/histoires-de-sciences.over-blog.fr\/2022\/10\/de-la-bretagne-a-la-polynesie.refuser-l-arme-nucleaire.html\">De la Bretagne \u00e0 la Polyn\u00e9sie. Refuser l&#8217;arme nucl\u00e9aire.&nbsp;<\/a><\/strong><\/p>\n\n\n\n<p>Alors que nous luttions contre le projet de construction d\u2019une centrale nucl\u00e9aire \u00e0 Plogoff, dans la pointe du Raz, certains de ses partisans nous interpellaient : \u00ab vous luttez contre une pacifique centrale \u00e9lectrique, mais vous oubliez que vous avez \u00e0 votre porte, \u00e0 L\u2019\u00cele Longue, une base de sous-marins nucl\u00e9aires dont les missiles sont destin\u00e9s \u00e0 faire des millions de morts \u00bb .<\/p>\n\n\n\n<p>Erreur, nous n\u2019avions pas oubli\u00e9 !<\/p>\n","protected":false},"excerpt":{"rendered":"<p>Nous pr\u00e9sentons ici des extraits du M\u00e9moire de recherche de Master 2 \u00ab&nbsp;Civilisations, Cultures et Soci\u00e9t\u00e9s Mondes modernes et contemporains Ann\u00e9e Universitaire 2023-2024&nbsp;\u00bb de Kerian BOUTHEMY. Des recherches approfondies qui b\u00e9n\u00e9ficient, en particulier, de la r\u00e9cente ouverture des archives de la marine. 1) Comment l\u2019\u00cele-Longue, dans la presqu\u2019\u00eele est de Crozon, est devenue la base [&hellip;]<\/p>\n","protected":false},"author":2,"featured_media":0,"comment_status":"closed","ping_status":"closed","sticky":false,"template":"","format":"standard","meta":{"spay_email":"","jetpack_publicize_message":"","jetpack_is_tweetstorm":false,"jetpack_publicize_feature_enabled":true},"categories":[1],"tags":[],"jetpack_featured_media_url":"","jetpack_publicize_connections":[],"jetpack_sharing_enabled":true,"jetpack_shortlink":"https:\/\/wp.me\/pE6pS-13O","_links":{"self":[{"href":"http:\/\/www.landerneau-ecologie.org\/index.php?rest_route=\/wp\/v2\/posts\/4080"}],"collection":[{"href":"http:\/\/www.landerneau-ecologie.org\/index.php?rest_route=\/wp\/v2\/posts"}],"about":[{"href":"http:\/\/www.landerneau-ecologie.org\/index.php?rest_route=\/wp\/v2\/types\/post"}],"author":[{"embeddable":true,"href":"http:\/\/www.landerneau-ecologie.org\/index.php?rest_route=\/wp\/v2\/users\/2"}],"replies":[{"embeddable":true,"href":"http:\/\/www.landerneau-ecologie.org\/index.php?rest_route=%2Fwp%2Fv2%2Fcomments&post=4080"}],"version-history":[{"count":8,"href":"http:\/\/www.landerneau-ecologie.org\/index.php?rest_route=\/wp\/v2\/posts\/4080\/revisions"}],"predecessor-version":[{"id":4297,"href":"http:\/\/www.landerneau-ecologie.org\/index.php?rest_route=\/wp\/v2\/posts\/4080\/revisions\/4297"}],"wp:attachment":[{"href":"http:\/\/www.landerneau-ecologie.org\/index.php?rest_route=%2Fwp%2Fv2%2Fmedia&parent=4080"}],"wp:term":[{"taxonomy":"category","embeddable":true,"href":"http:\/\/www.landerneau-ecologie.org\/index.php?rest_route=%2Fwp%2Fv2%2Fcategories&post=4080"},{"taxonomy":"post_tag","embeddable":true,"href":"http:\/\/www.landerneau-ecologie.org\/index.php?rest_route=%2Fwp%2Fv2%2Ftags&post=4080"}],"curies":[{"name":"wp","href":"https:\/\/api.w.org\/{rel}","templated":true}]}}