{"id":3803,"date":"2024-04-21T16:53:14","date_gmt":"2024-04-21T14:53:14","guid":{"rendered":"http:\/\/www.landerneau-ecologie.org\/?p=3803"},"modified":"2024-06-10T16:09:19","modified_gmt":"2024-06-10T14:09:19","slug":"soutien-a-olivier-cuzon-syndicaliste-brestois-vise-par-une-plainte-du-ministre-de-linterieur","status":"publish","type":"post","link":"http:\/\/www.landerneau-ecologie.org\/?p=3803","title":{"rendered":"Soutien \u00e0 Olivier Cuzon, syndicaliste brestois vis\u00e9 par une plainte du ministre de l\u2019Int\u00e9rieur."},"content":{"rendered":"\n<p><a href=\"https:\/\/france3-regions.francetvinfo.fr\/bretagne\/finistere\/brest\/un-syndicaliste-brestois-vise-par-une-plainte-du-ministre-de-l-interieur-on-cherche-a-nous-faire-taire-2958731.html\"><strong>\u00c9crit par S\u00e9verine Breton (FR3 Bretagne) Publi\u00e9 le 21\/04\/202<\/strong>4<\/a><\/p>\n\n\n\n<p><\/p>\n\n\n\n<figure class=\"wp-block-image size-full\"><a href=\"https:\/\/i0.wp.com\/www.landerneau-ecologie.org\/wp-content\/uploads\/2024\/04\/olivier-cuzon.jpg\"><img loading=\"lazy\" width=\"900\" height=\"563\" src=\"https:\/\/i0.wp.com\/www.landerneau-ecologie.org\/wp-content\/uploads\/2024\/04\/olivier-cuzon.jpg?resize=900%2C563\" alt=\"\" class=\"wp-image-3806\" srcset=\"https:\/\/i0.wp.com\/www.landerneau-ecologie.org\/wp-content\/uploads\/2024\/04\/olivier-cuzon.jpg?w=900 900w, https:\/\/i0.wp.com\/www.landerneau-ecologie.org\/wp-content\/uploads\/2024\/04\/olivier-cuzon.jpg?resize=300%2C188 300w, https:\/\/i0.wp.com\/www.landerneau-ecologie.org\/wp-content\/uploads\/2024\/04\/olivier-cuzon.jpg?resize=768%2C480 768w\" sizes=\"(max-width: 900px) 100vw, 900px\" data-recalc-dims=\"1\" \/><\/a><\/figure>\n\n\n\n<p>Ce 19 avril 2024, Olivier Cuzon \u00e9tait convoqu\u00e9 pour une audition au commissariat de Police de Brest. Le syndicaliste brestois y a appris qu\u2019une plainte avait \u00e9t\u00e9 d\u00e9pos\u00e9e contre lui pour diffamation et injure publique envers la Police et la Gendarmerie et que cette plainte \u00e9manait du ministre de l\u2019Int\u00e9rieur en personne, G\u00e9rald Darmanin. En cause, un article dans le journal de Sud \u00e9ducation du Finist\u00e8re.<\/p>\n\n\n\n<p><\/p>\n\n\n\n<p>&#8220;Le journal de Sud \u00e9ducation Finist\u00e8re, c\u2019est un tout petit journal qui est envoy\u00e9 dans les salles des professeurs des \u00e9coles, coll\u00e8ges, lyc\u00e9es du d\u00e9partement, ironise Olivier Cuzon. C\u2019est une feuille de chou sans pr\u00e9tention. C\u2019est quand m\u00eame tr\u00e8s \u00e9tonnant qu\u2019un ministre de l\u2019Int\u00e9rieur prenne la peine de d\u00e9poser une plainte contre le directeur de r\u00e9daction que je suis pour un journal qui a une audience tr\u00e8s modeste et limit\u00e9e, c\u2019est beaucoup d\u2019honneurs qu\u2019il nous fait.&#8221;<br><\/p>\n\n\n\n<p><strong>Des classes d\u00e9fense qui interrogent l\u2019enseignant<\/strong><\/p>\n\n\n\n<p><\/p>\n\n\n\n<p>Dans cette &#8220;feuille de chou&#8221;, en octobre 2023, l\u2019enseignant brestois s\u2019\u00e9tonnait de l\u2019apparition des Classes d\u00e9fense s\u00e9curit\u00e9 globale. &#8220;Apr\u00e8s les attentats de 2015, explique l\u2019article, un protocole a \u00e9t\u00e9 sign\u00e9 entre le Minist\u00e8re de l\u2019Education nationale et celui de la d\u00e9fense&#8221;. Des militaires sont donc appel\u00e9s \u00e0 venir dans les salles de classe pour enseigner aux \u00e9l\u00e8ves les principes et valeurs de la R\u00e9publique.<\/p>\n\n\n\n<p><\/p>\n\n\n\n<p>Le professeur persiste et signe : &#8220;C\u2019est un article qui questionne la l\u00e9gitimit\u00e9 des policiers et des gendarmes \u00e0 intervenir devant nos \u00e9l\u00e8ves. Je consid\u00e8re qu\u2019en tant qu\u2019enseignant que cela fait partie de nos missions&#8221;.<\/p>\n\n\n\n<p><\/p>\n\n\n\n<p>Et il s\u2019\u00e9tonne, &#8220;l\u2019\u00e9ducation civique, ce n\u2019est pas forc\u00e9ment \u00e0 des gens en uniforme de s\u2019en occuper et de faire quelque chose qui pourrait \u00eatre assimil\u00e9 \u00e0 une forme d\u2019endoctrinement ou de militarisation. C\u2019est avant tout aux enseignants de travailler avec les \u00e9l\u00e8ves sur ces questions qui sont importantes.&#8221;<br>Une forme de militarisation de la jeunesse ?<\/p>\n\n\n\n<p><\/p>\n\n\n\n<p>Olivier Cuzon fait le lien avec le Service national universel que le minist\u00e8re souhaite \u00e9tendre \u00e0 l\u2019ensemble d\u2019une classe d\u2019\u00e2ge. Il y voit une volont\u00e9 d\u2019une forme de militarisation de la jeunesse. &#8220;Ces 15 jours o\u00f9 les \u00e9l\u00e8ves font le lever du drapeau, apprennent \u00e0 tirer, pourraient \u00eatre pris sur du temps scolaire. Nous, on pense que ces 15 jours \u00e0 l\u2019\u00e9cole sont au moins aussi importants que 15 jours pour aller faire un petit service militaire dans les casernes.&#8221;<\/p>\n\n\n\n<p><\/p>\n\n\n\n<p>Il rappelle que dans tous les cours, les enseignants abordent les notions d\u2019instruction civique, d\u2019\u00e9ducation \u00e0 la citoyennet\u00e9, de valeurs de la R\u00e9publique. &#8220;On n\u2019a pas besoin de policiers ou de militaires dans les \u00e9coles pour \u00e7a. On remet en cause leur l\u00e9gitimit\u00e9, ils ne sont pas form\u00e9s pour cela. Ils sont form\u00e9s pour d\u2019autres missions, qui sont toutes aussi importantes, mais pas pour des missions d\u2019\u00e9ducation aupr\u00e8s des \u00e9l\u00e8ves.&#8221;<\/p>\n\n\n\n<p><br><strong>Entendu pendant une heure par les policiers<\/strong><\/p>\n\n\n\n<p><\/p>\n\n\n\n<p>Une remise en cause qui n\u2019aurait donc pas \u00e9t\u00e9 du tout au go\u00fbt du ministre de l\u2019Int\u00e9rieur, mais c\u2019est surtout le paragraphe sur des d\u00e9rives des membres des forces de l\u2019ordre qui l\u2019aurait fait sortir de ses gonds. Il y est \u00e9crit : &#8221; Ce questionnement est important quand on conna\u00eet la culture droiti\u00e8re, misogyne et homophobe sous de trop nombreux k\u00e9pis. Les enqu\u00eates de M\u00e9diapart r\u00e9v\u00e9lant l\u2019existence de groupuscules nazis dans certaines casernes, les groupes de discussions racistes des policiers et gendarmes, ou la participation r\u00e9cente de militaires en civil \u00e0 la r\u00e9pression des derni\u00e8res \u00e9meutes de banlieues ne plaident pas en faveur du r\u00e9publicanisme des militaires.&#8221;<\/p>\n\n\n\n<p><\/p>\n\n\n\n<p>Sollicit\u00e9, le cabinet du ministre explique que &#8220;l&#8217; auteur de cet article accuse des militaires de la gendarmerie nationale d&#8217;appartenir \u00e0 des &#8220;groupuscules nazis&#8221;, de participer, ainsi que des policiers, \u00e0 des &#8220;groupes de discussions racistes &#8221; et leur attribue une culture&#8221;misogyne&#8221; et &#8220;homophobe&#8221;. De telles all\u00e9gations ou imputations sont de nature \u00e0porter atteinte \u00e0 l&#8217;honneur ou \u00e0 la consid\u00e9ration de l&#8217;ensemble des militaires de la gendarmerie nationale et des fonctionnaires de la police nationale&#8221;, et justifie la plainte, &#8220;ces propos rendus publics caract\u00e9risent le d\u00e9lit de diffamation publique\u00e0 l&#8217;encontre des administrations publiques de la gendarmerie nationale et de la police nationale, d\u00e9lit pr\u00e9vu et r\u00e9prim\u00e9 par le premier alin\u00e9a de l&#8217;article 29 et l&#8217;article 30 de la loi du 29 juillet 1881 relative \u00e0 la libert\u00e9 de la presse.&#8221;<\/p>\n\n\n\n<p><\/p>\n\n\n\n<p>Le paragraphe de l&#8217;article de Sud Education 29 qui a provoqu\u00e9 la col\u00e8re du ministre de l&#8217;Int\u00e9rieur<br>Le paragraphe de l&#8217;article de Sud Education 29 qui a provoqu\u00e9 la col\u00e8re du ministre de l&#8217;Int\u00e9rieur \u2022 \u00a9 Sud \u00e9ducation 29<\/p>\n\n\n\n<p><\/p>\n\n\n\n<p>Olivier Cuzon a \u00e9t\u00e9 entendu pendant plus d\u2019une heure par les policiers. &#8220;La plainte voudrait laisser penser qu\u2019on s\u2019attaque \u00e0 l\u2019institution, s&#8217;agace-t-il. Ce n\u2019est pas le cas de l\u2019article qui cible un certain nombre de d\u00e9rives individuelles, racistes, sexistes ou homophobes. C\u2019est un travail qui a \u00e9t\u00e9 document\u00e9 par des journalistes, des sociologues et on ne fait que rapporter quelque chose qui existe.&#8221;<\/p>\n\n\n\n<p><\/p>\n\n\n\n<p>&#8220;Je trouve particuli\u00e8rement dommage que le ministre, au lieu d\u2019essayer de faire le m\u00e9nage et de faire la chasse \u00e0 ces groupuscules qui entachent l\u2019image de la Police, s\u2019attaque \u00e0 des syndicalistes qui d\u00e9noncent des faits qui sont av\u00e9r\u00e9s et connus.&#8221;<br>Atteinte \u00e0 la libert\u00e9 syndicale<\/p>\n\n\n\n<p><\/p>\n\n\n\n<p>Le procureur de la R\u00e9publique de Brest devra d\u00e9cider de poursuivre l&#8217;enseignant ou de classer la plainte du ministre de l&#8217;Int\u00e9rieur. Mais quoi qu\u2019il arrive, pour Olivier Cuzon, le mal est fait. Il parle d\u2019atteinte \u00e0 la libert\u00e9 syndicale et de pressions.<\/p>\n\n\n\n<p><\/p>\n\n\n\n<p>&#8220;On a tendance \u00e0 penser que le ministre de l\u2019Int\u00e9rieur a d\u2019autres chats \u00e0 fouetter. C\u2019est d\u00e9stabilisant de se voir infliger une plainte par le ministre de l\u2019Int\u00e9rieur, on se demande ce qu\u2019on a fait de vraiment tr\u00e8s mal pour subir cela.&#8221;<\/p>\n\n\n\n<p><\/p>\n\n\n\n<p>&#8220;On cherche \u00e0 faire taire une libert\u00e9 de parole syndicale alors que c&#8217;est un pilier de notre d\u00e9mocratie. On voudrait nous emp\u00eacher de parler de choses qui f\u00e2chent. Et au-del\u00e0 de cette atteinte aux libert\u00e9s fondamentales, c\u2019est un petit coup de pression. On utilise la diffamation comme une arme pour faire taire des syndicalistes, parce que c\u2019est vrai que la prochaine fois qu\u2019on r\u00e9digera un article, on aura forc\u00e9ment \u00e7a en t\u00eate, comme une \u00e9p\u00e9e de Damocl\u00e8s, en se disant, mais attention, l\u00e0, est ce que je ne vais pas \u00eatre attaqu\u00e9&#8221;.<\/p>\n\n\n\n<p><\/p>\n\n\n\n<p>&#8220;On a l\u2019impression qu\u2019il y a une police politique qui cherche \u00e0 museler un peu une presse libre. C\u2019est une presse d\u2019opinion la presse syndicale, mais on ne s\u2019en cache pas, elle a le m\u00e9rite d\u2019exister et \u00e7a fait partie des grandes libert\u00e9s constitutionnelles.&#8221;<\/p>\n\n\n\n<p><\/p>\n\n\n\n<p>&#8220;On ne se laissera pas intimider, on ne va pas se laisser faire, on va se bagarrer parce qu\u2019on tient \u00e0 ses libert\u00e9s et ce n\u2019est pas un ministre qui fait la loi en France, j\u2019ai toute confiance dans la justice de mon pays et \u00e0 l\u2019Etat de droit pour que les faits soient r\u00e9tablis et que justice soit faite.&#8221;<\/p>\n\n\n\n<p><\/p>\n\n\n\n<p><strong>De nombreux soutiens<\/strong><\/p>\n\n\n\n<p><\/p>\n\n\n\n<p>Le syndicaliste a re\u00e7u de nombreux soutiens, politiques, associatifs. La Ligue des Droits de l\u2019homme de Brest M\u00e9tropole \u00e9voque une atteinte \u00e0 la libert\u00e9 de la presse. Pierre Bodenez son pr\u00e9sident n\u2019h\u00e9site pas lui aussi \u00e0 parler de &#8220;coup de pression&#8221; et de &#8220;risque d\u2019autocensure.&#8221;<br><\/p>\n\n\n\n<p><strong>Un contexte liberticide<\/strong><\/p>\n\n\n\n<p><\/p>\n\n\n\n<p>Olivier Cuzon ne cache pas une certaine inqui\u00e9tude. &#8220;Il y a une d\u00e9rive liberticide dans ce pays, d\u00e9clare-t-il. Dans la semaine, un syndicaliste de la CGT du nord de la France a \u00e9t\u00e9 condamn\u00e9 pour un tract sur la Palestine, des meetings sont interdits, des libert\u00e9s associatives sont remises en cause par des subventions qui sont supprim\u00e9es du jour au lendemain parce que le discours de telle ou telle association ne pla\u00eet pas, regrette-t-il. On sent un Etat qui veut s\u2019immiscer de plus en plus dans la vie associative, dans la vie syndicale et qui aimerait bien que les associations soient plus le doigt sur la couture du pantalon.&#8221;<\/p>\n\n\n\n<p><\/p>\n\n\n\n<p>Mais il l\u2019affirme, cela ne sera pas le cas. &#8220;On garde notre libert\u00e9, \u00e7a fait partie des libert\u00e9s fondamentales et on se bagarrera pour les faire vivre. &#8220;<\/p>\n\n\n\n<figure class=\"wp-block-image size-large\"><a href=\"https:\/\/i0.wp.com\/www.landerneau-ecologie.org\/wp-content\/uploads\/2024\/05\/petition-olivier.jpg\"><img loading=\"lazy\" width=\"803\" height=\"1024\" src=\"https:\/\/i0.wp.com\/www.landerneau-ecologie.org\/wp-content\/uploads\/2024\/05\/petition-olivier.jpg?resize=803%2C1024\" alt=\"\" class=\"wp-image-3812\" srcset=\"https:\/\/i0.wp.com\/www.landerneau-ecologie.org\/wp-content\/uploads\/2024\/05\/petition-olivier.jpg?resize=803%2C1024 803w, https:\/\/i0.wp.com\/www.landerneau-ecologie.org\/wp-content\/uploads\/2024\/05\/petition-olivier.jpg?resize=235%2C300 235w, https:\/\/i0.wp.com\/www.landerneau-ecologie.org\/wp-content\/uploads\/2024\/05\/petition-olivier.jpg?resize=768%2C980 768w, https:\/\/i0.wp.com\/www.landerneau-ecologie.org\/wp-content\/uploads\/2024\/05\/petition-olivier.jpg?w=1026 1026w\" sizes=\"(max-width: 803px) 100vw, 803px\" data-recalc-dims=\"1\" \/><\/a><\/figure>\n\n\n\n<p>(avec Florence Mal\u00e9sieux)<\/p>\n\n\n\n<p><\/p>\n\n\n\n<p class=\"has-text-align-center\"><strong>Vo<\/strong>i<strong>r sur Blast.<\/strong><\/p>\n\n\n\n<figure class=\"wp-block-embed is-type-video is-provider-youtube wp-block-embed-youtube wp-embed-aspect-16-9 wp-has-aspect-ratio\"><div class=\"wp-block-embed__wrapper\">\n<span class=\"embed-youtube\" style=\"text-align:center; display: block;\"><iframe loading=\"lazy\" class=\"youtube-player\" width=\"640\" height=\"360\" src=\"https:\/\/www.youtube.com\/embed\/1RgsHfKfFP4?version=3&#038;rel=1&#038;showsearch=0&#038;showinfo=1&#038;iv_load_policy=1&#038;fs=1&#038;hl=fr-FR&#038;autohide=2&#038;wmode=transparent\" allowfullscreen=\"true\" style=\"border:0;\" sandbox=\"allow-scripts allow-same-origin allow-popups allow-presentation\"><\/iframe><\/span>\n<\/div><\/figure>\n\n\n\n<p><\/p>\n","protected":false},"excerpt":{"rendered":"<p>\u00c9crit par S\u00e9verine Breton (FR3 Bretagne) Publi\u00e9 le 21\/04\/2024 Ce 19 avril 2024, Olivier Cuzon \u00e9tait convoqu\u00e9 pour une audition au commissariat de Police de Brest. Le syndicaliste brestois y a appris qu\u2019une plainte avait \u00e9t\u00e9 d\u00e9pos\u00e9e contre lui pour diffamation et injure publique envers la Police et la Gendarmerie et que cette plainte \u00e9manait [&hellip;]<\/p>\n","protected":false},"author":2,"featured_media":0,"comment_status":"closed","ping_status":"closed","sticky":false,"template":"","format":"standard","meta":{"spay_email":"","jetpack_publicize_message":"","jetpack_is_tweetstorm":false,"jetpack_publicize_feature_enabled":true},"categories":[1],"tags":[],"jetpack_featured_media_url":"","jetpack_publicize_connections":[],"jetpack_sharing_enabled":true,"jetpack_shortlink":"https:\/\/wp.me\/pE6pS-Zl","_links":{"self":[{"href":"http:\/\/www.landerneau-ecologie.org\/index.php?rest_route=\/wp\/v2\/posts\/3803"}],"collection":[{"href":"http:\/\/www.landerneau-ecologie.org\/index.php?rest_route=\/wp\/v2\/posts"}],"about":[{"href":"http:\/\/www.landerneau-ecologie.org\/index.php?rest_route=\/wp\/v2\/types\/post"}],"author":[{"embeddable":true,"href":"http:\/\/www.landerneau-ecologie.org\/index.php?rest_route=\/wp\/v2\/users\/2"}],"replies":[{"embeddable":true,"href":"http:\/\/www.landerneau-ecologie.org\/index.php?rest_route=%2Fwp%2Fv2%2Fcomments&post=3803"}],"version-history":[{"count":4,"href":"http:\/\/www.landerneau-ecologie.org\/index.php?rest_route=\/wp\/v2\/posts\/3803\/revisions"}],"predecessor-version":[{"id":3839,"href":"http:\/\/www.landerneau-ecologie.org\/index.php?rest_route=\/wp\/v2\/posts\/3803\/revisions\/3839"}],"wp:attachment":[{"href":"http:\/\/www.landerneau-ecologie.org\/index.php?rest_route=%2Fwp%2Fv2%2Fmedia&parent=3803"}],"wp:term":[{"taxonomy":"category","embeddable":true,"href":"http:\/\/www.landerneau-ecologie.org\/index.php?rest_route=%2Fwp%2Fv2%2Fcategories&post=3803"},{"taxonomy":"post_tag","embeddable":true,"href":"http:\/\/www.landerneau-ecologie.org\/index.php?rest_route=%2Fwp%2Fv2%2Ftags&post=3803"}],"curies":[{"name":"wp","href":"https:\/\/api.w.org\/{rel}","templated":true}]}}