{"id":364,"date":"2010-01-15T22:42:55","date_gmt":"2010-01-15T20:42:55","guid":{"rendered":"http:\/\/www.landerneau-ecologie.org\/?p=364"},"modified":"2010-01-15T22:46:14","modified_gmt":"2010-01-15T20:46:14","slug":"tentative-de-passages-en-force-de-la-voie-de-lanrinou","status":"publish","type":"post","link":"http:\/\/www.landerneau-ecologie.org\/?p=364","title":{"rendered":"Tentative de passage en force de la voie de Lanrinou"},"content":{"rendered":"<p style=\"text-align: justify;\">Ceux, \u00e9lus, membres d\u2019associations ou simple citoyens qui esp\u00e9raient de la communaut\u00e9 de communes un d\u00e9bat public sur l\u2019utilit\u00e9 de la voie de Lanrinou, ont probablement \u00e9t\u00e9 fortement refroidis par les propos du pr\u00e9sident de la communaut\u00e9 de communes, Jean Fran\u00e7ois Jaouannet. (voir article du T\u00e9l\u00e9gramme en pi\u00e8ce jointe)<\/p>\n<p style=\"text-align: justify;\">Le passage en force auquel nous assistons traduit en r\u00e9alit\u00e9 un malaise. En pratiquant de la sorte le pr\u00e9sident de la communaut\u00e9 de communes s\u2019assied copieusement sur la charte de l\u2019environnement qu\u2019il a fait vot\u00e9e, tandis que le Maire de Landerneau dont on conna\u00eet la position concernant la voie de Lanrinou foule du pied l\u2019agenda 21 de la ville.<\/p>\n<p style=\"text-align: justify;\">DES appel \u00e0 plus de raison et r\u00e9clame un d\u00e9bat public suivi d\u2019un vote \u00e0 la communaut\u00e9 de communes. C\u2019est d\u2019autant plus indispensable que la d\u00e9cision date de 12 ans.  Depuis aucun d\u00e9bat de fond comparant la voie de Lanrinou et les solutions alternatives n\u2019a \u00e9t\u00e9 organis\u00e9. Au d\u00e9but du pr\u00e9c\u00e9dant mandat, le pr\u00e9sident de l\u2019\u00e9poque s\u2019\u00e9tait m\u00eame  vigoureusement oppos\u00e9 \u00e0 ce que je pr\u00e9sente en s\u00e9ance publique les solutions alternatives \u00e0 la voie.<\/p>\n<p style=\"text-align: justify;\">Ce projet est un projet d\u2019un autre temps car les conditions \u00e9conomiques sont diff\u00e9rentes et parceque l\u2019urgence \u00e9cologique est aujourd\u2019hui plus forte. Arr\u00eatons d\u2019\u00e9pandre du bitume sur les sites naturels et remarquables, et consacrons nos budgets ainsi que notre \u00e9nergie \u00e0 tenter de rendre notre soci\u00e9t\u00e9 plus solidaire et plus respectueuse de la plan\u00e8te.<\/p>\n","protected":false},"excerpt":{"rendered":"<p>Ceux, \u00e9lus, membres d\u2019associations ou simple citoyens qui esp\u00e9raient de la communaut\u00e9 de communes un d\u00e9bat public sur l\u2019utilit\u00e9 de la voie de Lanrinou, ont probablement \u00e9t\u00e9 fortement refroidis par les propos du pr\u00e9sident de la communaut\u00e9 de communes, Jean Fran\u00e7ois Jaouannet. (voir article du T\u00e9l\u00e9gramme en pi\u00e8ce jointe) Le passage en force auquel nous [&hellip;]<\/p>\n","protected":false},"author":3,"featured_media":0,"comment_status":"closed","ping_status":"closed","sticky":false,"template":"","format":"standard","meta":{"spay_email":"","jetpack_publicize_message":"","jetpack_is_tweetstorm":false,"jetpack_publicize_feature_enabled":true},"categories":[11],"tags":[],"jetpack_featured_media_url":"","jetpack_publicize_connections":[],"jetpack_sharing_enabled":true,"jetpack_shortlink":"https:\/\/wp.me\/pE6pS-5S","_links":{"self":[{"href":"http:\/\/www.landerneau-ecologie.org\/index.php?rest_route=\/wp\/v2\/posts\/364"}],"collection":[{"href":"http:\/\/www.landerneau-ecologie.org\/index.php?rest_route=\/wp\/v2\/posts"}],"about":[{"href":"http:\/\/www.landerneau-ecologie.org\/index.php?rest_route=\/wp\/v2\/types\/post"}],"author":[{"embeddable":true,"href":"http:\/\/www.landerneau-ecologie.org\/index.php?rest_route=\/wp\/v2\/users\/3"}],"replies":[{"embeddable":true,"href":"http:\/\/www.landerneau-ecologie.org\/index.php?rest_route=%2Fwp%2Fv2%2Fcomments&post=364"}],"version-history":[{"count":0,"href":"http:\/\/www.landerneau-ecologie.org\/index.php?rest_route=\/wp\/v2\/posts\/364\/revisions"}],"wp:attachment":[{"href":"http:\/\/www.landerneau-ecologie.org\/index.php?rest_route=%2Fwp%2Fv2%2Fmedia&parent=364"}],"wp:term":[{"taxonomy":"category","embeddable":true,"href":"http:\/\/www.landerneau-ecologie.org\/index.php?rest_route=%2Fwp%2Fv2%2Fcategories&post=364"},{"taxonomy":"post_tag","embeddable":true,"href":"http:\/\/www.landerneau-ecologie.org\/index.php?rest_route=%2Fwp%2Fv2%2Ftags&post=364"}],"curies":[{"name":"wp","href":"https:\/\/api.w.org\/{rel}","templated":true}]}}