{"id":3296,"date":"2022-02-04T16:44:44","date_gmt":"2022-02-04T14:44:44","guid":{"rendered":"http:\/\/www.landerneau-ecologie.org\/?p=3296"},"modified":"2022-02-04T16:50:36","modified_gmt":"2022-02-04T14:50:36","slug":"le-programme-des-ecologistes-avec-yannick-jadot","status":"publish","type":"post","link":"http:\/\/www.landerneau-ecologie.org\/?p=3296","title":{"rendered":"Le programme des \u00e9cologistes avec Yannick jadot"},"content":{"rendered":"<p><a href=\"https:\/\/i0.wp.com\/www.landerneau-ecologie.org\/wp-content\/uploads\/2022\/02\/programme-Jadot.jpg\"><img loading=\"lazy\" src=\"https:\/\/i0.wp.com\/www.landerneau-ecologie.org\/wp-content\/uploads\/2022\/02\/programme-Jadot.jpg?resize=650%2C300\" alt=\"programme Jadot\" width=\"650\" height=\"300\" class=\"aligncenter size-full wp-image-3298\" data-recalc-dims=\"1\" \/><\/a><\/p>\n<p>Je veux porter l\u2019esp\u00e9rance.<\/p>\n<p>Je veux porter un projet qui nous r\u00e9concilie avec notre avenir et qui nous r\u00e9concilie entre nous. Vivre bien. Vivre mieux.<\/p>\n<p>Oui, il est possible de faire face aux d\u00e9fis immenses qui sont les n\u00f4tres : r\u00e9chauffement climatique, disparition du vivant, injustices, explosion des in\u00e9galit\u00e9s, discriminations, d\u00e9mocratie \u00e0 bout de souffle.<\/p>\n<p>Nous avons besoin d\u2019une vision globale pour agir : l\u2019\u00e9cologie est le seul projet qui se hisse \u00e0 cette hauteur.<\/p>\n<p>Des millions d\u2019hommes et de femmes, en France et dans le monde, ont d\u00e9j\u00e0 pris conscience des enjeux. Ils et elles sont engag\u00e9s sur la voie de l\u2019\u00e9cologie. Ils et elles savent que le sens de l\u2019histoire est l\u00e0 et souhaitent y participer. Alors, oui, tout peut changer.<\/p>\n<p>Mon projet prend sa source dans ces enthousiasmes et ces \u00e9nergies partout \u00e0 l\u2019\u0153uvre. Je veux m\u2019adresser \u00e0 celles et ceux qui disent \u201cstop\u201d et qui s\u2019engagent. Je veux m\u2019adresser aux plus fragiles d\u2019entre nous. Je veux aussi tendre la main \u00e0 celles et ceux qui s\u2019interrogent, pr\u00eat\u00b7e\u00b7s \u00e0 tenter un pas de c\u00f4t\u00e9, curieux de nouveaut\u00e9. Je veux mobiliser les jeunes dont le pr\u00e9sent et le futur d\u00e9pendent tellement de cette \u00e9lection.<\/p>\n<p>Nous ouvrons un chemin de large rassemblement, d\u2019apaisement, en faisant le pari de la d\u00e9mocratie et de la justice, partout, toujours, quand tant de forces de repli et de haine grondent et menacent.<\/p>\n<p>Mon projet part des solutions innovantes produites par des villes, des collectivit\u00e9s, des citoyens, des entreprises, des associations, des fermes, des centres de recherche. Oui, nous avons l\u2019exp\u00e9rience d\u2019une \u00e9cologie qui r\u00e9ussit, qui cr\u00e9e des emplois, locaux, durables, des emplois qui ont du sens, une \u00e9cologie qui rend du pouvoir d\u2019achat et du pouvoir de vivre \u00e0 nos concitoyens, une \u00e9cologie qui redonne vie \u00e0 tous nos territoires.<\/p>\n<p>Mon projet, c\u2019est de remettre l\u2019\u00c9tat au service de la Nation, d\u2019extirper les lobbies qui \u0153uvrent dans l\u2019ombre du pouvoir. Le r\u00f4le de la puissance publique est d\u2019orienter les \u00e9changes \u00e9conomiques dans une direction profitable pour l\u2019ensemble de la soci\u00e9t\u00e9. Ses outils &#8211; et nous en userons &#8211; sont la loi, la fiscalit\u00e9,l\u2019investissement et les services publics.<\/p>\n<p>Voici mes 120 propositions pour une France \u00e9cologique, sociale, r\u00e9publicaine.<\/p>\n<p>Une France qui retrouve sa place dans l\u2019histoire, en Europe et dans le monde.<\/p>\n<p><a href=\"https:\/\/www.jadot2022.fr\/programme\"><strong>https:\/\/www.jadot2022.fr\/programme<\/strong><\/a><\/p>\n","protected":false},"excerpt":{"rendered":"<p>Je veux porter l\u2019esp\u00e9rance. Je veux porter un projet qui nous r\u00e9concilie avec notre avenir et qui nous r\u00e9concilie entre nous. Vivre bien. Vivre mieux. Oui, il est possible de faire face aux d\u00e9fis immenses qui sont les n\u00f4tres : r\u00e9chauffement climatique, disparition du vivant, injustices, explosion des in\u00e9galit\u00e9s, discriminations, d\u00e9mocratie \u00e0 bout de souffle. [&hellip;]<\/p>\n","protected":false},"author":2,"featured_media":0,"comment_status":"closed","ping_status":"closed","sticky":false,"template":"","format":"standard","meta":{"spay_email":"","jetpack_publicize_message":"","jetpack_is_tweetstorm":false,"jetpack_publicize_feature_enabled":true},"categories":[1],"tags":[],"jetpack_featured_media_url":"","jetpack_publicize_connections":[],"jetpack_sharing_enabled":true,"jetpack_shortlink":"https:\/\/wp.me\/pE6pS-Ra","_links":{"self":[{"href":"http:\/\/www.landerneau-ecologie.org\/index.php?rest_route=\/wp\/v2\/posts\/3296"}],"collection":[{"href":"http:\/\/www.landerneau-ecologie.org\/index.php?rest_route=\/wp\/v2\/posts"}],"about":[{"href":"http:\/\/www.landerneau-ecologie.org\/index.php?rest_route=\/wp\/v2\/types\/post"}],"author":[{"embeddable":true,"href":"http:\/\/www.landerneau-ecologie.org\/index.php?rest_route=\/wp\/v2\/users\/2"}],"replies":[{"embeddable":true,"href":"http:\/\/www.landerneau-ecologie.org\/index.php?rest_route=%2Fwp%2Fv2%2Fcomments&post=3296"}],"version-history":[{"count":5,"href":"http:\/\/www.landerneau-ecologie.org\/index.php?rest_route=\/wp\/v2\/posts\/3296\/revisions"}],"predecessor-version":[{"id":3302,"href":"http:\/\/www.landerneau-ecologie.org\/index.php?rest_route=\/wp\/v2\/posts\/3296\/revisions\/3302"}],"wp:attachment":[{"href":"http:\/\/www.landerneau-ecologie.org\/index.php?rest_route=%2Fwp%2Fv2%2Fmedia&parent=3296"}],"wp:term":[{"taxonomy":"category","embeddable":true,"href":"http:\/\/www.landerneau-ecologie.org\/index.php?rest_route=%2Fwp%2Fv2%2Fcategories&post=3296"},{"taxonomy":"post_tag","embeddable":true,"href":"http:\/\/www.landerneau-ecologie.org\/index.php?rest_route=%2Fwp%2Fv2%2Ftags&post=3296"}],"curies":[{"name":"wp","href":"https:\/\/api.w.org\/{rel}","templated":true}]}}