{"id":3139,"date":"2021-06-22T07:08:11","date_gmt":"2021-06-22T05:08:11","guid":{"rendered":"http:\/\/www.landerneau-ecologie.org\/?p=3139"},"modified":"2021-06-22T18:06:31","modified_gmt":"2021-06-22T16:06:31","slug":"objectif-detourner-les-votes-ecologistes-cueff-mission-accomplie","status":"publish","type":"post","link":"http:\/\/www.landerneau-ecologie.org\/?p=3139","title":{"rendered":"Objectif : d\u00e9tourner les votes \u00e9cologistes. Cueff, mission accomplie."},"content":{"rendered":"<p><a href=\"https:\/\/i0.wp.com\/www.landerneau-ecologie.org\/wp-content\/uploads\/2021\/06\/Cueff-pas-dalliance.jpg\"><img loading=\"lazy\" src=\"https:\/\/i0.wp.com\/www.landerneau-ecologie.org\/wp-content\/uploads\/2021\/06\/Cueff-pas-dalliance.jpg?resize=650%2C275\" alt=\"Cueff pas d&#039;alliance\" width=\"650\" height=\"275\" class=\"aligncenter size-full wp-image-3140\" data-recalc-dims=\"1\" \/><\/a><\/p>\n<p><strong>Du reuz chez Cueff :<\/strong><\/p>\n<p>Il a tromp\u00e9 les \u00e9lectrices et \u00e9lecteurs \u00e9cologistes et en premier lieu ses co\u00e9quipi\u00e8res et co\u00e9quipiers.<\/p>\n<p><strong>Olivier Roellinger<\/strong> : L\u2019engagement de ne pas fusionner \u00e9tait clair, suite \u00e0 l\u2019annonce de Daniel Cueff de s\u2019allier avec Loig Chesnais- Girard  je m\u2019\u00e9carte de Bretagne ma vie.<\/p>\n<p><strong>Jean luc Bleunven<\/strong> : la question de la fusion et du ralliement de Daniel Cueff \u00e0 Lo\u00efg Chesnais-Girard s&#8217;est d\u00e9cid\u00e9e en dehors de tout d\u00e9bat qui aurait d\u00fb avoir lieu, car nous sommes dans la volont\u00e9 de faire les choses diff\u00e9remment. Or, l\u00e0, \u00e7a s&#8217;est fait \u00e0 l&#8217;ancienne, donc c&#8217;est insupportable&#8230;Tous ceux qui sont venus avec l&#8217;esprit de changer la politique, ont le sentiment de s&#8217;\u00eatre fait pi\u00e9g\u00e9s.<\/p>\n<p><strong>Anne Qu\u00e9m\u00e9r\u00e9<\/strong> : Je remercie vous toutes et tous qui avez insuffl\u00e9 votre belle \u00e9nergie au sein de notre joyeuse liste non partisane.  Fid\u00e8le \u00e0 ma volont\u00e9 de ne m\u2019associer \u00e0 aucun parti politique, et suite \u00e0 l\u2019accord pass\u00e9 par Daniel Cueff,  l\u2019aventure des r\u00e9gionales 2021 s\u2019arr\u00eate ici pour moi ! La menace du RN n\u2019existant pas, je ne comprends pas le choix de Daniel Cueff qui, ces derniers jours encore, reprochait les petits arrangements entre partis. Je lis beaucoup de col\u00e8re, d\u2019amertume et de sentiment de trahison chez de nombreux colistiers. <\/p>\n<p><a href=\"https:\/\/www.letelegramme.fr\/elections\/regionales\/regionales-2021-la-fusion-cueff-chesnais-girard-fait-l-effet-d-une-bombe-22-06-2021-12774552.php?utm_term=Autofeed&amp;utm_medium=Social&amp;utm_source=Twitter#Echobox=1624370096\"><strong>Lucie Lucas<\/strong><\/a> : Je suis sous le choc. Si mon vote ne va pas \u00e0 Bretagne ma Vie, c\u2019est \u00e0 EELV qu\u2019il ira, m\u00eame si je n\u2019y mettrai pas le m\u00eame enthousiasme. Et je ne pense pas \u00eatre la seule.<\/p>\n<p><strong>Fran\u00e7ois Arbellot<\/strong> :  Le marchandage auquel on assiste est plut\u00f4t affligeant. \u00c7a donne une image de la politique qui explique que les gens s\u2019abstiennent massivement.<\/p>\n<p><strong>Pascal Olivard<\/strong> :  Je suis profond\u00e9ment d\u00e9\u00e7u comme doivent l\u2019\u00eatre beaucoup de personnes qui avaient mis toute leur confiance dans Daniel et sa d\u00e9marche. Je ne comprends pas. Pour moi c\u2019est une grave erreur. Je pensais qu\u2019il avait \u00e9t\u00e9 tr\u00e8s clair au sujet des alliances.<\/p>\n<p><strong>Du bruit dans les m\u00e9dias :<\/strong><\/p>\n<p><a href=\"https:\/\/france3-regions.francetvinfo.fr\/bretagne\/regionales-en-bretagne-l-alliance-surprise-de-daniel-cueff-une-trahison-pour-ses-colistiers-2147683.html\"><strong>FR3<\/strong><\/a> : Elections r\u00e9gionales en Bretagne. L&#8217;alliance surprise de Daniel Cueff, une &#8220;trahison&#8221; pour la plupart de ses colistiers.<\/p>\n<p><a href=\"https:\/\/www.letelegramme.fr\/elections\/regionales\/regionales-2021-la-fusion-cueff-chesnais-girard-fait-l-effet-d-une-bombe-22-06-2021-12774552.php?utm_term=Autofeed&amp;utm_medium=Social&amp;utm_source=Twitter#Echobox=1624370096\"><strong>Le T\u00e9l\u00e9gramme<\/strong><\/a> : R\u00e9gionales 2021 : la fusion Cueff &#8211; Chesnais-Girard fait l\u2019effet d\u2019une bombe<\/p>\n<p><a href=\"https:\/\/www.ouest-france.fr\/elections\/regionales\/regionales-en-bretagne-incomprehension-apres-l-alliance-entre-loig-chesnais-girard-et-daniel-cueff-fcf40ba6-d33c-11eb-83d4-d9e2648f9b77\"><strong>Ouest-France<\/strong><\/a> : R\u00e9gionales en Bretagne. Incompr\u00e9hension apr\u00e8s l\u2019alliance entre Lo\u00efg Chesnais-Girard et Daniel Cueff<\/p>\n","protected":false},"excerpt":{"rendered":"<p>Du reuz chez Cueff : Il a tromp\u00e9 les \u00e9lectrices et \u00e9lecteurs \u00e9cologistes et en premier lieu ses co\u00e9quipi\u00e8res et co\u00e9quipiers. Olivier Roellinger : L\u2019engagement de ne pas fusionner \u00e9tait clair, suite \u00e0 l\u2019annonce de Daniel Cueff de s\u2019allier avec Loig Chesnais- Girard je m\u2019\u00e9carte de Bretagne ma vie. Jean luc Bleunven : la question [&hellip;]<\/p>\n","protected":false},"author":2,"featured_media":0,"comment_status":"closed","ping_status":"closed","sticky":false,"template":"","format":"standard","meta":{"spay_email":"","jetpack_publicize_message":"","jetpack_is_tweetstorm":false,"jetpack_publicize_feature_enabled":true},"categories":[1],"tags":[],"jetpack_featured_media_url":"","jetpack_publicize_connections":[],"jetpack_sharing_enabled":true,"jetpack_shortlink":"https:\/\/wp.me\/pE6pS-OD","_links":{"self":[{"href":"http:\/\/www.landerneau-ecologie.org\/index.php?rest_route=\/wp\/v2\/posts\/3139"}],"collection":[{"href":"http:\/\/www.landerneau-ecologie.org\/index.php?rest_route=\/wp\/v2\/posts"}],"about":[{"href":"http:\/\/www.landerneau-ecologie.org\/index.php?rest_route=\/wp\/v2\/types\/post"}],"author":[{"embeddable":true,"href":"http:\/\/www.landerneau-ecologie.org\/index.php?rest_route=\/wp\/v2\/users\/2"}],"replies":[{"embeddable":true,"href":"http:\/\/www.landerneau-ecologie.org\/index.php?rest_route=%2Fwp%2Fv2%2Fcomments&post=3139"}],"version-history":[{"count":11,"href":"http:\/\/www.landerneau-ecologie.org\/index.php?rest_route=\/wp\/v2\/posts\/3139\/revisions"}],"predecessor-version":[{"id":3151,"href":"http:\/\/www.landerneau-ecologie.org\/index.php?rest_route=\/wp\/v2\/posts\/3139\/revisions\/3151"}],"wp:attachment":[{"href":"http:\/\/www.landerneau-ecologie.org\/index.php?rest_route=%2Fwp%2Fv2%2Fmedia&parent=3139"}],"wp:term":[{"taxonomy":"category","embeddable":true,"href":"http:\/\/www.landerneau-ecologie.org\/index.php?rest_route=%2Fwp%2Fv2%2Fcategories&post=3139"},{"taxonomy":"post_tag","embeddable":true,"href":"http:\/\/www.landerneau-ecologie.org\/index.php?rest_route=%2Fwp%2Fv2%2Ftags&post=3139"}],"curies":[{"name":"wp","href":"https:\/\/api.w.org\/{rel}","templated":true}]}}