{"id":2927,"date":"2024-04-04T14:44:52","date_gmt":"2024-04-04T12:44:52","guid":{"rendered":"http:\/\/www.landerneau-ecologie.org\/?p=2927"},"modified":"2024-09-30T19:03:40","modified_gmt":"2024-09-30T17:03:40","slug":"mettre-un-coup-darret-au-projet-de-zone-commerciale-dans-la-vallee-du-leck-a-landerneau","status":"publish","type":"post","link":"http:\/\/www.landerneau-ecologie.org\/?p=2927","title":{"rendered":"Mettre un coup d&#8217;arr\u00eat au projet de zone commerciale dans la vall\u00e9e du Leck \u00e0 Landerneau. C&#8217;\u00e9tait notre combat pour le climat et la biodiversit\u00e9."},"content":{"rendered":"\n<p><\/p>\n\n\n<p><strong><em>premi\u00e8re mise en ligne: premier octobre 2020.<\/em><\/strong><\/p>\n<p>\u00a0<\/p>\n<p>La municipalit\u00e9 de Landerneau affiche r\u00e9guli\u00e8rement dans la presse sa pr\u00e9tendue attention \u00e0 la pr\u00e9servation de la biodiversit\u00e9 <a href=\"_wp_link_placeholder\" data-wplink-edit=\"true\"><strong>(voir<\/strong><\/a>) C&#8217;est pourtant elle qui a autoris\u00e9 la b\u00e9tonisation de 11,5 hectares de zone verte au Leck. L&#8217;article ci-dessous, qui date de 2020, se propose de mettre les pendules \u00e0 l&#8217;heure et d&#8217;inviter \u00e0 arr\u00eater le carnage.<\/p>\n<p>\u00a0<\/p>\n<p>________________________________________________________________________________________________________________<\/p>\n<p>\u00a0<\/p>\n<p>La \u00ab SARL La Vall\u00e9e du Leck \u00bb porte un projet d\u2019am\u00e9nagement sur la commune de Landerneau au lieu-dit \u00ab Le Leck \u00bb. Il concerne des parcelles d\u2019une superficie de 11,5 hectares sur lesquelles seraient construites une zone commerciale.<\/p>\n<p>L\u2019\u00e9tude d\u2019impact r\u00e9v\u00e8le la richesse naturelle du milieu que l\u2019on s\u2019empresse de vouloir d\u00e9truire alors que toutes les alertes (d\u00e9r\u00e8glement climatique, inondations violentes, submersion marine, atteinte \u00e0 la biodiversit\u00e9) indiquent que cet espace devrait \u00eatre pr\u00e9serv\u00e9 et valoris\u00e9 sur le plan environnemental.<\/p>\n<p><a href=\"https:\/\/i0.wp.com\/www.landerneau-ecologie.org\/wp-content\/uploads\/2020\/11\/Leck-photo.04.jpg\"><img loading=\"lazy\" class=\"aligncenter size-full wp-image-2964\" src=\"https:\/\/i0.wp.com\/www.landerneau-ecologie.org\/wp-content\/uploads\/2020\/11\/Leck-photo.04.jpg?resize=650%2C450\" alt=\"Leck photo.04\" width=\"650\" height=\"450\" data-recalc-dims=\"1\" \/><\/a><\/p>\n<p><strong>A un moment o\u00f9 le risque de pluies violentes et d\u2019inondations r\u00e9p\u00e9t\u00e9es du centre-ville de Landerneau se pr\u00e9cise il est irresponsable d\u2019imperm\u00e9abiliser une surface qui constitue actuellement une zone tampon pouvant r\u00e9pondre aux \u00e9pisodes pluvieux de plus en plus intenses que nous connaissons.<\/strong><\/p>\n<p>\u00a0<\/p>\n<p>Cette zone, bien am\u00e9nag\u00e9e (talus bois\u00e9s, usage agricole respectueux de l\u2019environnement), pourrait au contraire r\u00e9duire ces risques et garder sa vocation agricole \u00e0 proximit\u00e9 de la ville alors que la disparition des terres agricoles est r\u00e9guli\u00e8rement d\u00e9nonc\u00e9e.<\/p>\n<p>\uf0b7<\/p>\n<p>Alors que la priorit\u00e9 est reconnue \u00e0 la lutte contre le d\u00e9r\u00e8glement climatique et que chaque<br \/>collectivit\u00e9 est dans l&#8217;obligation de r\u00e9duire son bilan CO2, on \u00e9limine une surface qui pourrait<br \/>constituer un &#8220;pi\u00e8ge \u00e0 carbone&#8221; pour la remplacer par une zone industrielle et urbanis\u00e9e dont<br \/>l\u2019impact climatique n\u00e9gatif est loin d\u2019\u00eatre \u00e9valu\u00e9. De plus l\u2019am\u00e9nagement de cette zone augmentera<br \/>les transports en voiture individuel, source majeure de CO2 sur notre territoire. Le Porteur du<br \/>projet, tout comme la municipalit\u00e9 de Landerneau n\u2019ont pas pris en compte l\u2019obligation de<br \/>r\u00e9duction du CO2 qui d\u00e9coule de l\u2019accord de Paris.<\/p>\n<p>\uf0b7 Le centre-ville de Landerneau \u00e9tant sous la menace de submersions dans les ann\u00e9es qui viennent,<br \/>la ville devrait \u00eatre la premi\u00e8re \u00e0 s\u2019engager \u00e0 r\u00e9duire son empreinte carbone et les ruissellements<br \/>(conservation des terres agricoles, haies et talus formant un espace de perm\u00e9abilit\u00e9).<\/p>\n<p>\uf0b7 Le site abrite plusieurs esp\u00e8ces v\u00e9g\u00e9tales et animales prot\u00e9g\u00e9es dont certaines au titre de la<br \/>directive habitat qui n\u00e9cessite la protection de tout l&#8217;environnement o\u00f9 vivent ces esp\u00e8ces. Ce<br \/>projet r\u00e9v\u00e8le une atteinte manifeste \u00e0 la biodiversit\u00e9 dont la pr\u00e9servation est une des priorit\u00e9s<br \/>reconnues au niveau mondial.<\/p>\n<p>\u25a1 Il y a mise en danger de l\u2019avifaune, mollusques, amphibiens, reptiles et chiropt\u00e8res dont<br \/>plusieurs esp\u00e8ces sont prot\u00e9g\u00e9es et d&#8217;int\u00e9r\u00eat patrimonial comme l&#8217;escargot de Quimper.<\/p>\n<p>\u25a1 Rupture de la trame verte et bleue par artificialisation de la zone au lieu du maintien des<br \/>connexions \u00e9cologiques<\/p>\n<p>\u25a1 Perturbations de la faune nocturne dues \u00e0 la pollution lumineuse<br \/>Dans le futur projet portant sur l\u2019habitat, il est pr\u00e9vu de cr\u00e9er une tr\u00e8s petite zone de<br \/>compensation, \u00e0 l\u2019endroit o\u00f9 il n\u2019a pas \u00e9t\u00e9 not\u00e9 d\u2019esp\u00e8ces int\u00e9ressantes. Cela ne compensera en rien<br \/>la destruction d\u2019un \u00e9cosyst\u00e8me et montre le caract\u00e8re indigent de ce projet sur le volet<br \/>environnemental. De plus le confinement actuel pour cause Covid et la n\u00e9cessit\u00e9 de d\u00e9placements<br \/>limit\u00e9s, y compris pour le maintien d&#8217;une activit\u00e9 physique, montre \u00e0 quel point il est n\u00e9cessaire de<br \/>conserver des \u00e9l\u00e9ments naturels dans l&#8217;espace urbain.<\/p>\n<p>voir : <a href=\"http:\/\/www.landerneau-ecologie.org\/wp-content\/uploads\/2020\/11\/Etude-dimpact-V2.pdf\">Etude d&#8217;impact V2<\/a><\/p>\n<p><a href=\"https:\/\/i0.wp.com\/www.landerneau-ecologie.org\/wp-content\/uploads\/2020\/11\/leck.02.jpg\"><img loading=\"lazy\" class=\"aligncenter size-full wp-image-2929\" src=\"https:\/\/i0.wp.com\/www.landerneau-ecologie.org\/wp-content\/uploads\/2020\/11\/leck.02.jpg?resize=650%2C400\" alt=\"leck.02\" width=\"650\" height=\"400\" data-recalc-dims=\"1\" \/><\/a><\/p>\n<p><a href=\"https:\/\/i0.wp.com\/www.landerneau-ecologie.org\/wp-content\/uploads\/2020\/11\/Le-Leck.021.jpg\"><img loading=\"lazy\" class=\"aligncenter size-full wp-image-2959\" src=\"https:\/\/i0.wp.com\/www.landerneau-ecologie.org\/wp-content\/uploads\/2020\/11\/Le-Leck.021.jpg?resize=650%2C400\" alt=\"Le Leck.02\" width=\"650\" height=\"400\" data-recalc-dims=\"1\" \/><\/a><\/p>\n<p><strong>Contribution D\u00e9pos\u00e9e par Christophe Winckler au nom du du groupe eelv de Landerneau.<\/strong><\/p>\n<p>cliquer sur le lien : <a href=\"http:\/\/www.landerneau-ecologie.org\/wp-content\/uploads\/2020\/11\/Deposition-Enquete-Publique-EELV-le-leck.pdf\">D\u00e9position Enqu\u00eate Publique EELV le leck<\/a><\/p>\n<p><strong>CONCLUSION<\/strong><\/p>\n<p>Constatant que le projet d\u2019am\u00e9nagement du Leck pr\u00e9sente \u00e0 la fois un impact tr\u00e8s n\u00e9gatif sur le commerce en centre-ville pour favoriser l\u2019activit\u00e9 de l\u2019hypermarch\u00e9.<\/p>\n<p>Constatant que le projet ne r\u00e9pond en rien aux enjeux climatiques et environnementaux<\/p>\n<p>Constatant que le projet ne r\u00e9pond pas aux objectifs et orientation du SCOTT qui s\u2019imposent au porteur du projet ainsi qu\u2019\u00e0 la municipalit\u00e9 de Landerneau.<\/p>\n<p>Nous vous demandons d\u2019\u00e9mettre un avis d\u00e9favorable dans vos conclusions sur l\u2019enqu\u00eate publique.<\/p>\n<p>_________________________________________________________________________________________________________<\/p>\n<p><strong>Artificialisation des sols : les pr\u00e9fets appel\u00e9s \u00e0 stopper les projets de centres commerciaux en p\u00e9riph\u00e9rie des villes.<\/strong><\/p>\n<p><a href=\"https:\/\/i0.wp.com\/www.landerneau-ecologie.org\/wp-content\/uploads\/2020\/11\/leck-circulaire-aux-prefets..jpg\"><img loading=\"lazy\" class=\"aligncenter size-full wp-image-2946\" src=\"https:\/\/i0.wp.com\/www.landerneau-ecologie.org\/wp-content\/uploads\/2020\/11\/leck-circulaire-aux-prefets..jpg?resize=650%2C500\" alt=\"leck circulaire aux pr\u00e9fets.\" width=\"650\" height=\"500\" data-recalc-dims=\"1\" \/><\/a><\/p>\n<p>Dans une circulaire diffus\u00e9e le 24 ao\u00fbt, le Premier Ministre appelle les pr\u00e9fets \u00e0 utiliser toutes les possibilit\u00e9s de recours visant \u00e0 emp\u00eacher les projets de centres commerciaux qui accentueraient l\u2019artificialisation des sols. Premi\u00e8re \u00e9tape avant le prochain moratoire annonc\u00e9 cet \u00e9t\u00e9 par le Pr\u00e9sident, en r\u00e9ponse \u00e0 la Convention citoyenne pour le climat, et qui devrait entrer en vigueur en 2021. <a href=\"https:\/\/www.architectes.org\/actualites\/artificialisation-des-sols-les-prefets-appeles-stopper-les-projets-de-centres-commerciaux?fbclid=IwAR3iX16EvOljEiE-Ypb538w1b_7EOFbCQCUDQRbHlXE3IalI6IgTObVoPiI\"><strong>Voir<\/strong><\/a><\/p>\n<p><a href=\"http:\/\/circulaires.legifrance.gouv.fr\/pdf\/2020\/08\/cir_45033.pdf\"><strong>La circulaire.<\/strong><\/a><\/p>\n<p>_________________________________________________________________________________________________________<\/p>\n<p><strong>Vall\u00e9e du Leck, \u00e0 Landerneau : le groupe \u00e9cologiste r\u00e9agit au projet<\/strong><\/p>\n<p><a href=\"https:\/\/www.letelegramme.fr\/finistere\/landerneau\/vallee-du-leck-a-landerneau-le-groupe-ecologiste-reagit-au-projet-02-11-2020-12650237.php?utm_source=rss_telegramme&amp;utm_medium=rss&amp;utm_campaign=rss&amp;xtor=\"><strong>Le T\u00e9l\u00e9gramme<\/strong><\/a><\/p>\n<p>Alors que la derni\u00e8re permanence de l\u2019enqu\u00eate publique concernant la vall\u00e9e du Leck \u00e9tait organis\u00e9e ce lundi 2 novembre, le groupe local d\u2019Europe \u00c9cologie les verts a souhait\u00e9, lui aussi, r\u00e9agir au projet d\u2019am\u00e9nagement pr\u00e9vu \u00e0 l\u2019est de la zone de Bel-Air, \u00e0 Landerneau.<\/p>\n<p>Cela faisait depuis le 1er octobre que Nicole Devauchelle, commissaire enqu\u00eatrice, accueillait le public afin de recueillir les r\u00e9actions concernant le projet d\u2019installation d\u2019une zone commerciale, artisanale et d\u2019habitat, \u00e0 l\u2019est de la zone commerciale de Bel-Air, \u00e0 Landerneau. Ce lundi 2 novembre, la commissaire du projet a enregistr\u00e9 les derniers commentaires des habitants et des acteurs landern\u00e9ens. Apr\u00e8s la r\u00e9action des \u00e9lus du collectif Landerneau pour tous il y a quelques jours, le groupe local d\u2019Europe \u00c9cologie les Verts (EELV) a \u00e9galement d\u00e9cid\u00e9 d\u2019\u00e9lever la voix \u00e0 travers un communiqu\u00e9.<\/p>\n<p><strong>La municipalit\u00e9 point\u00e9e du doigt<\/strong><\/p>\n<p>Selon les \u00e9cologistes landern\u00e9ens, l\u2019am\u00e9nagement de cette zone ne respecterait pas la strat\u00e9gie du commerce d\u00e9finie par le Sch\u00e9ma de coh\u00e9rence territoriale (Scot) du pays de Brest, qui d\u00e9finit comme prioritaire les implantations de boutiques en centre-ville. \u00ab La zone du Leck est class\u00e9e en \u00ab polarit\u00e9 commerciale p\u00e9riph\u00e9rique \u00bb de niveau 5 \u00bb, indique, dans son communiqu\u00e9, le groupe d\u2019opposition. \u00ab Il est \u00e9vident que la zone du Leck a \u00e9t\u00e9 d\u00e9finie pour capter le flux de consommateurs qui se rendent au Centre E. Leclerc mitoyen \u00bb (\u00e0 noter que le projet n\u2019est pas port\u00e9 par l\u2019hypermarch\u00e9, NDLR).<\/p>\n<p>Outre le renforcement des transports et des liaisons pi\u00e9tonnes qui n\u2019auraient, selon EELV, pas \u00e9t\u00e9 prises en compte dans l\u2019\u00e9tude d\u2019impact fournie avec l\u2019enqu\u00eate publique, les enjeux climatiques et environnementaux n\u2019ont, pour le groupe \u00e9cologiste, pas non plus \u00e9t\u00e9 enregistr\u00e9s. \u00ab Alors que la priorit\u00e9 est reconnue \u00e0 la lutte contre le d\u00e9r\u00e8glement climatique et que chaque collectivit\u00e9 est dans l\u2019obligation de r\u00e9duire son bilan CO2, on \u00e9limine une surface qui pourrait constituer un pi\u00e8ge \u00e0 carbone \u00bb, souligne Christophe Winckler, porte-parole des Verts landern\u00e9ens.<\/p>\n<p><strong>Bilan dans un mois<\/strong><\/p>\n<p>Nicole Devauchelle esp\u00e8re annoncer un bilan de cette enqu\u00eate publique d\u2019ici un mois. \u00ab Tous les avis concernant ce projet d\u2019am\u00e9nagement ont \u00e9t\u00e9 re\u00e7us. L\u2019enqu\u00eate publique n\u2019est, a proprement parl\u00e9, pas termin\u00e9e. Nous nous donnons un mois pour tirer un bilan \u00bb, pr\u00e9cise la commissaire-enqu\u00eatrice du projet.<\/p>\n\n\n<p><\/p>\n\n\n\n<p class=\"has-text-align-center\">C<strong>onclusion.<\/strong><\/p>\n\n\n\n<p><strong>Encore une fois la voix des lanceurs d&#8217;alerte a \u00e9t\u00e9 \u00e9touff\u00e9e<\/strong>. <strong>Encore une fois les destructeurs de la Nature ont refus\u00e9 de voir l&#8217;avenir d&#8217;une Plan\u00e8te livr\u00e9e au d\u00e9r\u00e8glement climatique<\/strong> <strong>et \u00e0 l&#8217;effondrement de la biodiversit\u00e9.<\/strong><\/p>\n\n\n\n<p><\/p>\n\n\n\n<p class=\"has-text-align-center\">&#8220;<strong>\u00c0 Landerneau, la Vall\u00e9e du Leck s\u2019appr\u00eate \u00e0 accueillir un nouveau quartier&#8221; (<a href=\"https:\/\/www.ouest-france.fr\/bretagne\/landerneau-29800\/a-landerneau-la-vallee-du-leck-sapprete-a-accueillir-un-nouveau-quartier-90497abc-ee6b-11ed-a4a2-9faf0dbb1fcc\">Ouest-France)<\/a>.<\/strong><\/p>\n\n\n\n<p><em>Sur onze hectares, c\u2019est un tout nouveau quartier qui va bient\u00f4t na\u00eetre dans la Vall\u00e9e du Leck, \u00e0 Landerneau (Finist\u00e8re). Derri\u00e8re la grande surface E. Leclerc : sept nouvelles cellules commerciales, 130 logements et trois b\u00e2timents \u00e0 vocation artisanale s\u2019appr\u00eatent \u00e0 sortir de terre.<\/em><\/p>\n\n\n\n<p class=\"has-text-align-center\"><img loading=\"lazy\" width=\"638\" height=\"395\" class=\"wp-image-3565\" style=\"width: 703px\" src=\"https:\/\/i0.wp.com\/www.landerneau-ecologie.org\/wp-content\/uploads\/2020\/11\/vallee-du-Leck.jpg?resize=638%2C395\" alt=\"\" srcset=\"https:\/\/i0.wp.com\/www.landerneau-ecologie.org\/wp-content\/uploads\/2020\/11\/vallee-du-Leck.jpg?w=638 638w, https:\/\/i0.wp.com\/www.landerneau-ecologie.org\/wp-content\/uploads\/2020\/11\/vallee-du-Leck.jpg?resize=300%2C186 300w\" sizes=\"(max-width: 638px) 100vw, 638px\" data-recalc-dims=\"1\" \/><\/p>\n\n\n\n<div class=\"wp-block-image\"><figure class=\"aligncenter size-full\"><a href=\"https:\/\/i0.wp.com\/www.landerneau-ecologie.org\/wp-content\/uploads\/2023\/07\/saccage-vallee-du-leck.jpg\"><img loading=\"lazy\" width=\"623\" height=\"408\" src=\"https:\/\/i0.wp.com\/www.landerneau-ecologie.org\/wp-content\/uploads\/2023\/07\/saccage-vallee-du-leck.jpg?resize=623%2C408\" alt=\"\" class=\"wp-image-3590\" srcset=\"https:\/\/i0.wp.com\/www.landerneau-ecologie.org\/wp-content\/uploads\/2023\/07\/saccage-vallee-du-leck.jpg?w=623 623w, https:\/\/i0.wp.com\/www.landerneau-ecologie.org\/wp-content\/uploads\/2023\/07\/saccage-vallee-du-leck.jpg?resize=300%2C196 300w\" sizes=\"(max-width: 623px) 100vw, 623px\" data-recalc-dims=\"1\" \/><\/a><\/figure><\/div>\n\n\n\n<div class=\"wp-block-image\"><figure class=\"aligncenter size-full\"><a href=\"https:\/\/i0.wp.com\/www.landerneau-ecologie.org\/wp-content\/uploads\/2023\/06\/artificialisation-des-sols.jpg\"><img loading=\"lazy\" width=\"578\" height=\"585\" src=\"https:\/\/i0.wp.com\/www.landerneau-ecologie.org\/wp-content\/uploads\/2023\/06\/artificialisation-des-sols.jpg?resize=578%2C585\" alt=\"\" class=\"wp-image-3570\" srcset=\"https:\/\/i0.wp.com\/www.landerneau-ecologie.org\/wp-content\/uploads\/2023\/06\/artificialisation-des-sols.jpg?w=578 578w, https:\/\/i0.wp.com\/www.landerneau-ecologie.org\/wp-content\/uploads\/2023\/06\/artificialisation-des-sols.jpg?resize=296%2C300 296w\" sizes=\"(max-width: 578px) 100vw, 578px\" data-recalc-dims=\"1\" \/><\/a><\/figure><\/div>\n\n\n\n<p><\/p>\n\n\n\n<p class=\"has-text-align-center\"><strong>Et tout ce g\u00e2chis environnemental avec comme premier occupant un &#8221; Hard Discounter&#8221; qui viendra inviter au &#8220;consommer-jetable&#8221; et acc\u00e9l\u00e8rera la disparition du commerce de centre ville.<\/strong><\/p>\n\n\n\n<p>Voir : <strong>\u00c0 Landerneau, Act<\/strong>i<strong>on inaugur<a href=\"https:\/\/www.letelegramme.fr\/finistere\/landerneau-29800\/a-landerneau-action-inaugure-la-zone-commerciale-du-leck-6585319.php\">e la zone commerciale du Leck (Le T\u00e9l\u00e9gramme)<\/a><\/strong><\/p>\n\n\n\n<p><\/p>\n","protected":false},"excerpt":{"rendered":"<p>premi\u00e8re mise en ligne: premier octobre 2020. \u00a0 La municipalit\u00e9 de Landerneau affiche r\u00e9guli\u00e8rement dans la presse sa pr\u00e9tendue attention \u00e0 la pr\u00e9servation de la biodiversit\u00e9 (voir) C&#8217;est pourtant elle qui a autoris\u00e9 la b\u00e9tonisation de 11,5 hectares de zone verte au Leck. L&#8217;article ci-dessous, qui date de 2020, se propose de mettre les pendules [&hellip;]<\/p>\n","protected":false},"author":2,"featured_media":0,"comment_status":"closed","ping_status":"closed","sticky":false,"template":"","format":"standard","meta":{"spay_email":"","jetpack_publicize_message":"","jetpack_is_tweetstorm":false,"jetpack_publicize_feature_enabled":true},"categories":[1],"tags":[],"jetpack_featured_media_url":"","jetpack_publicize_connections":[],"jetpack_sharing_enabled":true,"jetpack_shortlink":"https:\/\/wp.me\/pE6pS-Ld","_links":{"self":[{"href":"http:\/\/www.landerneau-ecologie.org\/index.php?rest_route=\/wp\/v2\/posts\/2927"}],"collection":[{"href":"http:\/\/www.landerneau-ecologie.org\/index.php?rest_route=\/wp\/v2\/posts"}],"about":[{"href":"http:\/\/www.landerneau-ecologie.org\/index.php?rest_route=\/wp\/v2\/types\/post"}],"author":[{"embeddable":true,"href":"http:\/\/www.landerneau-ecologie.org\/index.php?rest_route=\/wp\/v2\/users\/2"}],"replies":[{"embeddable":true,"href":"http:\/\/www.landerneau-ecologie.org\/index.php?rest_route=%2Fwp%2Fv2%2Fcomments&post=2927"}],"version-history":[{"count":38,"href":"http:\/\/www.landerneau-ecologie.org\/index.php?rest_route=\/wp\/v2\/posts\/2927\/revisions"}],"predecessor-version":[{"id":3897,"href":"http:\/\/www.landerneau-ecologie.org\/index.php?rest_route=\/wp\/v2\/posts\/2927\/revisions\/3897"}],"wp:attachment":[{"href":"http:\/\/www.landerneau-ecologie.org\/index.php?rest_route=%2Fwp%2Fv2%2Fmedia&parent=2927"}],"wp:term":[{"taxonomy":"category","embeddable":true,"href":"http:\/\/www.landerneau-ecologie.org\/index.php?rest_route=%2Fwp%2Fv2%2Fcategories&post=2927"},{"taxonomy":"post_tag","embeddable":true,"href":"http:\/\/www.landerneau-ecologie.org\/index.php?rest_route=%2Fwp%2Fv2%2Ftags&post=2927"}],"curies":[{"name":"wp","href":"https:\/\/api.w.org\/{rel}","templated":true}]}}