{"id":2750,"date":"2020-01-30T11:46:50","date_gmt":"2020-01-30T09:46:50","guid":{"rendered":"http:\/\/www.landerneau-ecologie.org\/?p=2750"},"modified":"2020-01-30T11:46:50","modified_gmt":"2020-01-30T09:46:50","slug":"pour-un-vrai-plan-climat-en-bretagne-mettre-fin-au-projet-de-centrale-a-gaz-a-landivisiau","status":"publish","type":"post","link":"http:\/\/www.landerneau-ecologie.org\/?p=2750","title":{"rendered":"Pour un vrai &#8220;Plan Climat&#8221; en Bretagne\u00a0: mettre fin au projet de centrale \u00e0 gaz \u00e0 Landivisiau."},"content":{"rendered":"<p>communiqu\u00e9 de l&#8217;association S-eau-S<\/p>\n<p>La R\u00e9gion Bretagne, l\u2019\u00c9tat et l&#8217;Ademe annoncent 1,3 millions d&#8217;euros dispers\u00e9s entre 25 projets locaux dans le cadre du plan climat \u00e9nergie territorial. Comment ne pas relever que dans le m\u00eame temps, l\u2019\u00c9tat, \u00e0 la demande de la R\u00e9gion Bretagne, se pr\u00e9pare \u00e0 financer le groupe p\u00e9trolier Total \u00e0 raison de 40 millions d&#8217;euros par an pendant vingt ans pour faire construire par Siemens, \u00e0 Landivisiau, une centrale \u00e9lectrique \u00e0 gaz de 450Mw qui \u00e9mettrait chaque ann\u00e9e 1 million de tonnes de CO2 dans l&#8217;atmosph\u00e8re. Ceci malgr\u00e9 l&#8217;engagement du pr\u00e9sident Emmanuel Macron devant les instances internationales de ne plus construire de centrale thermique \u00e0 \u00e9nergie fossile en France.<\/p>\n<p>Notons \u00e0 ce sujet que cette centrale serait pour une forte proportion aliment\u00e9e en gaz de schiste import\u00e9 des USA par Engie au terminal de Montoir de Bretagne alors que la France refuse, \u00e0 juste titre, l&#8217;exploitation de gaz de schiste sur son territoire.<\/p>\n<p>17 associations de consommateurs et de protection de l&#8217;environnement, dont S-eau-S, se sont adress\u00e9es au pr\u00e9sident de la R\u00e9gion Bretagne et aupr\u00e8s du gouvernement pour leur demander l&#8217;arr\u00eat de ce projet. Les premiers travaux engag\u00e9s par Total ne sont pas significatifs, le gazoduc pour l&#8217;alimenter n&#8217;a pas encore vu le d\u00e9but d&#8217;un commencement. La R\u00e9gion Bretagne et le gouvernement ne peuvent continuer \u00e0 afficher un objectif de lutte contre le d\u00e9r\u00e8glement du climat et financer ce projet climaticide. Le temps est venu d&#8217;annoncer son abandon.<\/p>\n","protected":false},"excerpt":{"rendered":"<p>communiqu\u00e9 de l&#8217;association S-eau-S La R\u00e9gion Bretagne, l\u2019\u00c9tat et l&#8217;Ademe annoncent 1,3 millions d&#8217;euros dispers\u00e9s entre 25 projets locaux dans le cadre du plan climat \u00e9nergie territorial. Comment ne pas relever que dans le m\u00eame temps, l\u2019\u00c9tat, \u00e0 la demande de la R\u00e9gion Bretagne, se pr\u00e9pare \u00e0 financer le groupe p\u00e9trolier Total \u00e0 raison de [&hellip;]<\/p>\n","protected":false},"author":2,"featured_media":0,"comment_status":"closed","ping_status":"closed","sticky":false,"template":"","format":"standard","meta":{"spay_email":"","jetpack_publicize_message":"","jetpack_is_tweetstorm":false,"jetpack_publicize_feature_enabled":true},"categories":[18],"tags":[],"jetpack_featured_media_url":"","jetpack_publicize_connections":[],"jetpack_sharing_enabled":true,"jetpack_shortlink":"https:\/\/wp.me\/pE6pS-Im","_links":{"self":[{"href":"http:\/\/www.landerneau-ecologie.org\/index.php?rest_route=\/wp\/v2\/posts\/2750"}],"collection":[{"href":"http:\/\/www.landerneau-ecologie.org\/index.php?rest_route=\/wp\/v2\/posts"}],"about":[{"href":"http:\/\/www.landerneau-ecologie.org\/index.php?rest_route=\/wp\/v2\/types\/post"}],"author":[{"embeddable":true,"href":"http:\/\/www.landerneau-ecologie.org\/index.php?rest_route=\/wp\/v2\/users\/2"}],"replies":[{"embeddable":true,"href":"http:\/\/www.landerneau-ecologie.org\/index.php?rest_route=%2Fwp%2Fv2%2Fcomments&post=2750"}],"version-history":[{"count":1,"href":"http:\/\/www.landerneau-ecologie.org\/index.php?rest_route=\/wp\/v2\/posts\/2750\/revisions"}],"predecessor-version":[{"id":2751,"href":"http:\/\/www.landerneau-ecologie.org\/index.php?rest_route=\/wp\/v2\/posts\/2750\/revisions\/2751"}],"wp:attachment":[{"href":"http:\/\/www.landerneau-ecologie.org\/index.php?rest_route=%2Fwp%2Fv2%2Fmedia&parent=2750"}],"wp:term":[{"taxonomy":"category","embeddable":true,"href":"http:\/\/www.landerneau-ecologie.org\/index.php?rest_route=%2Fwp%2Fv2%2Fcategories&post=2750"},{"taxonomy":"post_tag","embeddable":true,"href":"http:\/\/www.landerneau-ecologie.org\/index.php?rest_route=%2Fwp%2Fv2%2Ftags&post=2750"}],"curies":[{"name":"wp","href":"https:\/\/api.w.org\/{rel}","templated":true}]}}