{"id":2667,"date":"2017-12-13T11:11:29","date_gmt":"2017-12-13T09:11:29","guid":{"rendered":"http:\/\/www.landerneau-ecologie.org\/?p=2667"},"modified":"2017-12-13T16:52:47","modified_gmt":"2017-12-13T14:52:47","slug":"sommet-sur-le-climat-a-paris-a-landivisiau-cest-le-rechauffement-climatique-quils-veulent-financer","status":"publish","type":"post","link":"http:\/\/www.landerneau-ecologie.org\/?p=2667","title":{"rendered":"Sommet sur le climat \u00e0 Paris : A Landivisiau c\u2019est le r\u00e9chauffement climatique qu\u2019ils veulent financer !"},"content":{"rendered":"<p><strong>12 d\u00e9cembre 2017, nouvelle grande messe gouvernementale pour &#8220;sauver le climat&#8221;.<\/strong><\/p>\n<p><a href=\"https:\/\/i0.wp.com\/www.landerneau-ecologie.org\/wp-content\/uploads\/2017\/12\/sommet-du-climat-02.jpg\"><img loading=\"lazy\" src=\"https:\/\/i0.wp.com\/www.landerneau-ecologie.org\/wp-content\/uploads\/2017\/12\/sommet-du-climat-02.jpg?resize=650%2C350\" alt=\"MILO\" width=\"650\" height=\"350\" class=\"aligncenter size-full wp-image-2668\" data-recalc-dims=\"1\" \/><\/a><\/p>\n<p>\u00ab Les \u00e9nergies fossiles appartiennent aux mod\u00e8les \u00e9conomiques et \u00e9nerg\u00e9tiques du pass\u00e9, a lanc\u00e9 le ministre fran\u00e7ais dans l\u2019amphith\u00e9\u00e2tre du One Planet Summit. Elles ne sont plus la solution, elles sont devenues le probl\u00e8me. \u00bb Nicolas Hulot a appel\u00e9 \u00e0 mettre un terme aux subventions publiques aux \u00e9nergies fossiles. (Lib\u00e9ration)<\/p>\n<p>Par ailleurs le ministre de la transition \u00e9nerg\u00e9tique, Nicolas Hulot, avait plaid\u00e9 pour mettre fin \u00e0 une \u00ab <strong>forme d\u2019hypocrisie<\/strong><em> \u00bb qui consiste, selon lui, \u00e0 \u00ab <strong>d\u2019un c\u00f4t\u00e9 dire qu\u2019il faut s\u2019affranchir des \u00e9nergies fossiles et de l\u2019autre que l\u2019ensemble de la communaut\u00e9 internationale \u2013 et \u00e7a vaut pour mon propre pays \u2013 continue sous des formes diverses et vari\u00e9es, \u00e0 hauteur de plus de 300 milliards de dollars chaque ann\u00e9e, \u00e0 soutenir les \u00e9nergies fossiles en forme d\u2019exon\u00e9rations, de subventions<\/strong><\/em> \u00bb. (Le monde)<\/p>\n<p>Cela se passait \u00e0 Paris et pendant de temps, \u00e0 Landivisiau, le pouvoir d\u2019Etat envisage de financer une centrale \u00e9lectrique \u00e0 gaz \u00e0 raison de 45millions d\u2019euros par an pendant 20 ans !<\/p>\n<p>voir :<\/p>\n<p><a href=\"http:\/\/seaus.free.fr\/spip.php?article1535\"><strong>Centrale \u00e0 landivisiau. Sept ans de luttes.<\/strong><\/a><\/p>\n<p><strong>A Paris, M\u00e9lanie portait notre message.<\/strong><strong><\/p>\n<p><a href=\"https:\/\/i0.wp.com\/www.landerneau-ecologie.org\/wp-content\/uploads\/2017\/12\/sommet-du-climat-05.jpg\"><img loading=\"lazy\" src=\"https:\/\/i0.wp.com\/www.landerneau-ecologie.org\/wp-content\/uploads\/2017\/12\/sommet-du-climat-05.jpg?resize=650%2C400\" alt=\"sommet du climat 05\" width=\"650\" height=\"400\" class=\"aligncenter size-full wp-image-2676\" data-recalc-dims=\"1\" \/><\/a><\/p>\n<p><a href=\"https:\/\/i0.wp.com\/www.landerneau-ecologie.org\/wp-content\/uploads\/2017\/12\/sommet-du-climat-03a.jpg\"><img loading=\"lazy\" src=\"https:\/\/i0.wp.com\/www.landerneau-ecologie.org\/wp-content\/uploads\/2017\/12\/sommet-du-climat-03a.jpg?resize=650%2C400\" alt=\"sommet du climat 03a\" width=\"650\" height=\"400\" class=\"aligncenter size-full wp-image-2672\" srcset=\"https:\/\/i0.wp.com\/www.landerneau-ecologie.org\/wp-content\/uploads\/2017\/12\/sommet-du-climat-03a.jpg?resize=300%2C185 300w, https:\/\/i0.wp.com\/www.landerneau-ecologie.org\/wp-content\/uploads\/2017\/12\/sommet-du-climat-03a.jpg?zoom=2&amp;resize=650%2C400 1300w, https:\/\/i0.wp.com\/www.landerneau-ecologie.org\/wp-content\/uploads\/2017\/12\/sommet-du-climat-03a.jpg?zoom=3&amp;resize=650%2C400 1950w\" sizes=\"(max-width: 650px) 100vw, 650px\" data-recalc-dims=\"1\" \/><\/a><\/p>\n","protected":false},"excerpt":{"rendered":"<p>12 d\u00e9cembre 2017, nouvelle grande messe gouvernementale pour &#8220;sauver le climat&#8221;. \u00ab Les \u00e9nergies fossiles appartiennent aux mod\u00e8les \u00e9conomiques et \u00e9nerg\u00e9tiques du pass\u00e9, a lanc\u00e9 le ministre fran\u00e7ais dans l\u2019amphith\u00e9\u00e2tre du One Planet Summit. Elles ne sont plus la solution, elles sont devenues le probl\u00e8me. \u00bb Nicolas Hulot a appel\u00e9 \u00e0 mettre un terme aux [&hellip;]<\/p>\n","protected":false},"author":2,"featured_media":0,"comment_status":"closed","ping_status":"closed","sticky":false,"template":"","format":"standard","meta":{"spay_email":"","jetpack_publicize_message":"","jetpack_is_tweetstorm":false,"jetpack_publicize_feature_enabled":true},"categories":[1],"tags":[],"jetpack_featured_media_url":"","jetpack_publicize_connections":[],"jetpack_sharing_enabled":true,"jetpack_shortlink":"https:\/\/wp.me\/pE6pS-H1","_links":{"self":[{"href":"http:\/\/www.landerneau-ecologie.org\/index.php?rest_route=\/wp\/v2\/posts\/2667"}],"collection":[{"href":"http:\/\/www.landerneau-ecologie.org\/index.php?rest_route=\/wp\/v2\/posts"}],"about":[{"href":"http:\/\/www.landerneau-ecologie.org\/index.php?rest_route=\/wp\/v2\/types\/post"}],"author":[{"embeddable":true,"href":"http:\/\/www.landerneau-ecologie.org\/index.php?rest_route=\/wp\/v2\/users\/2"}],"replies":[{"embeddable":true,"href":"http:\/\/www.landerneau-ecologie.org\/index.php?rest_route=%2Fwp%2Fv2%2Fcomments&post=2667"}],"version-history":[{"count":7,"href":"http:\/\/www.landerneau-ecologie.org\/index.php?rest_route=\/wp\/v2\/posts\/2667\/revisions"}],"predecessor-version":[{"id":2677,"href":"http:\/\/www.landerneau-ecologie.org\/index.php?rest_route=\/wp\/v2\/posts\/2667\/revisions\/2677"}],"wp:attachment":[{"href":"http:\/\/www.landerneau-ecologie.org\/index.php?rest_route=%2Fwp%2Fv2%2Fmedia&parent=2667"}],"wp:term":[{"taxonomy":"category","embeddable":true,"href":"http:\/\/www.landerneau-ecologie.org\/index.php?rest_route=%2Fwp%2Fv2%2Fcategories&post=2667"},{"taxonomy":"post_tag","embeddable":true,"href":"http:\/\/www.landerneau-ecologie.org\/index.php?rest_route=%2Fwp%2Fv2%2Ftags&post=2667"}],"curies":[{"name":"wp","href":"https:\/\/api.w.org\/{rel}","templated":true}]}}