{"id":2599,"date":"2017-10-07T12:23:10","date_gmt":"2017-10-07T10:23:10","guid":{"rendered":"http:\/\/www.landerneau-ecologie.org\/?p=2599"},"modified":"2017-10-07T15:25:46","modified_gmt":"2017-10-07T13:25:46","slug":"oxydes-dazote-et-de-soufre-particules-fines-composes-benzeniques-le-cocktail-respire-a-landerneau-aussi-nocif-que-celui-respire-a-brest-ou-rennes","status":"publish","type":"post","link":"http:\/\/www.landerneau-ecologie.org\/?p=2599","title":{"rendered":"Oxydes d\u2019azote et de soufre, particules fines, compos\u00e9s benz\u00e9niques&#8230; le cocktail respir\u00e9 \u00e0 Landerneau aussi nocif que celui respir\u00e9 \u00e0 Brest ou Rennes."},"content":{"rendered":"<p>Air Breizh vient de publier son <a href=\"http:\/\/www.airbreizh.asso.fr\/uploads\/media\/AIR_Breizh_Bilan_d_activites_2016_FINALE.pdf\">rapport 2016 sur la qualit\u00e9 de l\u2019air en Bretagne<\/a><\/p>\n<p><strong>Constat : Landerneau a le m\u00eame niveau de pollution que Brest, Saint Brieuc ou Rennes.<\/strong><\/p>\n<p>Une carte, entre autres, dans ce rapport atteste de cette r\u00e9alit\u00e9 :<\/p>\n<p><a href=\"https:\/\/i0.wp.com\/www.landerneau-ecologie.org\/wp-content\/uploads\/2017\/10\/Landerneau-PM1O.02a.jpg\"><img loading=\"lazy\" src=\"https:\/\/i0.wp.com\/www.landerneau-ecologie.org\/wp-content\/uploads\/2017\/10\/Landerneau-PM1O.02a.jpg?resize=650%2C300\" alt=\"Landerneau PM1O.02a\" width=\"650\" height=\"300\" class=\"alignleft size-full wp-image-2600\" data-recalc-dims=\"1\" \/><\/a><\/p>\n<p>Noter que les particules fines PM10 sont \u00e9mises par la circulation automobile, le chauffage, et, en Bretagne \u00e0 60% par l&#8217;agriculture. Landerneau est donc au carrefour de toutes ces pollutions.<\/p>\n<p>____________________________________________________________________________________________________________________________________________________________________________________________________________________________________________________________________________________________________<\/p>\n<p><strong>Quels effets ?<\/strong><\/p>\n<p>Une diapositive \u00e9dit\u00e9e par l&#8217;Institut National de Veille Sanitaire ne nous cache rien !<\/p>\n<p><a href=\"https:\/\/i0.wp.com\/www.landerneau-ecologie.org\/wp-content\/uploads\/2017\/10\/Landerneau-PM1O.05.jpg\"><img loading=\"lazy\" src=\"https:\/\/i0.wp.com\/www.landerneau-ecologie.org\/wp-content\/uploads\/2017\/10\/Landerneau-PM1O.05.jpg?resize=650%2C350\" alt=\"Landerneau PM1O.05\" width=\"650\" height=\"350\" class=\"alignleft size-full wp-image-2602\" data-recalc-dims=\"1\" \/><\/a><br \/>\n<a href=\"http:\/\/seaus.free.fr\/spip.php?article1517\"><\/p>\n<p>____________________________________________________________________________________________________________________________________________________________________________________________________________________________________________________________________________________________________<\/p>\n<p><strong>Brest. Qualit\u00e9 de l\u2019air et maladies respiratoires. 40 d\u00e9c\u00e8s \u00e9vitables par an.<\/strong><\/a><\/p>\n<p><a href=\"http:\/\/seaus.free.fr\/spip.php?article1515\">Le Lundi de la sant\u00e9 du 27 f\u00e9vrier 2017<\/a> \u00e9tait consacr\u00e9 \u00e0 la qualit\u00e9 de l\u2019air et aux maladies respiratoires, avec la participation du Pr Jean-Dominique Dewitte, pneumologue. Que nous dit-il ?<\/p>\n<p><em>\u00ab Contrairement \u00e0 une id\u00e9e re\u00e7ue, l\u2019air \u00e0 Brest n\u2019est pas aussi bon qu\u2019on ne pense. On imagine que les vents d\u2019ouest nous prot\u00e8gent, mais on a v\u00e9cu, derni\u00e8rement encore, des \u00e9pisodes de pollution o\u00f9 les normes ont \u00e9t\u00e9 d\u00e9pass\u00e9es \u00bb, souligne le Pr Jean-Dominique Dewitte, chef du service de pathologies professionnelles du CHRU de Brest, invit\u00e9 du prochain Lundi de la sant\u00e9, consacr\u00e9 \u00e0 la qualit\u00e9 de l\u2019air et aux maladies respiratoires.<\/p>\n<p><strong>Pas seulement les poumons<\/strong><\/p>\n<p>\u00ab Le poumon est le premier organe, avec la peau, \u00e0 \u00eatre le plus en contact avec la pollution, les maladies respiratoires sont les premi\u00e8res \u00e0 se manifester, mais la pollution joue aussi sur les maladies cardio-vasculaires \u00bb. Parmi ces maladies respiratoires, l\u2019asthme est un excellent t\u00e9moin de la qualit\u00e9 de l\u2019air. Une d\u00e9gradation est aussit\u00f4t ressentie par les personnes asthmatiques. En France, 42.000* d\u00e9c\u00e8s pr\u00e9matur\u00e9s par an sont attribu\u00e9s \u00e0 la pollution de l\u2019air.(voir) \u00ab Il y a plus d\u2019asthme en Bretagne qu\u2019ailleurs. Lundi, nous ne parlerons que de l\u2019air ext\u00e9rieur, mais l\u2019air int\u00e9rieur a aussi ses polluants.<\/p>\n<p>Et la ville n\u2019est pas seule concern\u00e9e, la qualit\u00e9 de l\u2019air n\u2019est pas forc\u00e9ment meilleure en Centre-Bretagne. Les \u00e9pandages sentent mauvais, mais ils rel\u00e2chent aussi dans l\u2019atmosph\u00e8re de l\u2019hydrog\u00e8ne sulfur\u00e9 et de l\u2019ammoniac \u00bb. Les conseils en cas de pic de pollution sont, pour les personnes les plus fragiles (enfants, personnes \u00e2g\u00e9es ou atteintes de maladies respiratoires), de sortir le moins possible et, surtout, de ne pas faire d\u2019effort \u00e0 l\u2019ext\u00e9rieur.<\/p>\n<p>\u00ab Faire un effort augmente la quantit\u00e9 d\u2019air et de polluants au contact des poumons. On conna\u00eet les cons\u00e9quences de l\u2019inhalation des particules fines, mais maintenant on s\u2019int\u00e9resse aussi aux particules ultra-fines, qui vont p\u00e9n\u00e9trer profond\u00e9ment dans les alv\u00e9oles pulmonaires et dans le sang ensuite \u00bb.<\/em><\/p>\n<p>*Le chiffre de 48.000 d\u00e9c\u00e8s pr\u00e9matur\u00e9s par an est aujourd&#8217;hui avanc\u00e9 par Sant\u00e9 Publique France.<\/p>\n<p>____________________________________________________________________________________________________________________________________________________________________________________________________________________________________________________________________________________________________<\/p>\n<p><strong>Pourquoi \u00e0 Landerneau ?<\/strong><\/p>\n<p>Landerneau est un noeud routier.<\/p>\n<p><a href=\"https:\/\/i0.wp.com\/www.landerneau-ecologie.org\/wp-content\/uploads\/2017\/10\/Landerneau-PM1O.04.jpg\"><img loading=\"lazy\" src=\"https:\/\/i0.wp.com\/www.landerneau-ecologie.org\/wp-content\/uploads\/2017\/10\/Landerneau-PM1O.04.jpg?resize=382%2C312\" alt=\"Landerneau PM1O.04\" width=\"382\" height=\"312\" class=\"aligncenter size-full wp-image-2609\" srcset=\"https:\/\/i0.wp.com\/www.landerneau-ecologie.org\/wp-content\/uploads\/2017\/10\/Landerneau-PM1O.04.jpg?w=382 382w, https:\/\/i0.wp.com\/www.landerneau-ecologie.org\/wp-content\/uploads\/2017\/10\/Landerneau-PM1O.04.jpg?resize=300%2C245 300w\" sizes=\"(max-width: 382px) 100vw, 382px\" data-recalc-dims=\"1\" \/><\/a><\/p>\n<p>Par ailleurs le centre ville, tr\u00e8s encaiss\u00e9, est le lieu d&#8217;\u00e9missions multiples s&#8217;ajoutant \u00e0 celles de la circulation automobile (chauffage, industrie&#8230;). <\/p>\n<p>De nombreux t\u00e9moignages attestent que des personnes sensibles sont r\u00e9guli\u00e8rement incommod\u00e9es par cette pollution. Combien de maladies chroniques ? Combien, comme \u00e0 Brest, de d\u00e9c\u00e8s pr\u00e9matur\u00e9s \u00e0 Landerneau ? Noter en particulier que l&#8217;EHPAD &#8220;An Elorn&#8221; accueille des personnes particuli\u00e8rement fragiles. Il y a des jours o\u00f9 faire son jogging \u00e0 Landerneau n&#8217;est pas indiqu\u00e9 !<\/p>\n<p>____________________________________________________________________________________________________________________________________________________________________________________________________________________________________________________________________________________________________<\/p>\n<p><strong>Que faire \u00e0 landerneau ? <\/strong><\/p>\n<p>&#8211; <strong>Conna\u00eetre le niveau de la pollution<\/strong>. Il est important, en particulier au moment des pics de pollution, de pouvoir en informer les personnes sensibles. Pour cela il faut que Air Breizh, l&#8217;organisme agr\u00e9\u00e9 de surveillance de la qualit\u00e9 de l&#8217;air en Bretagne, y installe un site de mesure permanent. De telles mesures \u00e9taient annonc\u00e9es dans le cadre de l&#8217;agenda 21 de la ville de landerneau, il faut rapidement les mettre en oeuvre.<\/p>\n<p>&#8211; <strong>Agir pour limiter la circulation automobile au centre ville<\/strong>. Interdire le transit des poids lourds. Amplifier la fr\u00e9quentation du Bus, par exemple par le passage \u00e0 la gratuit\u00e9, <a href=\"http:\/\/www.poher.bzh\/accueil_poher\/les_services\/les_transports\/hep_le_bus\">comme \u00e0 Carhaix<\/a>. D\u00e9velopper de vraies piste cyclables. <\/p>\n<p>&#8211; <strong>Agir aupr\u00e8s des industriels et des particuliers<\/strong> pour qu&#8217;ils limitent leurs \u00e9missions polluantes. La publication r\u00e9guli\u00e8re des niveaux de pollution \u00e9tant un facteur de prise de conscience. <\/p>\n<p>____________________________________________________________________________________________________________________________________________________________________________________________________________________________________________________________________________________________________<\/p>\n","protected":false},"excerpt":{"rendered":"<p>Air Breizh vient de publier son rapport 2016 sur la qualit\u00e9 de l\u2019air en Bretagne Constat : Landerneau a le m\u00eame niveau de pollution que Brest, Saint Brieuc ou Rennes. Une carte, entre autres, dans ce rapport atteste de cette r\u00e9alit\u00e9 : Noter que les particules fines PM10 sont \u00e9mises par la circulation automobile, le [&hellip;]<\/p>\n","protected":false},"author":2,"featured_media":0,"comment_status":"closed","ping_status":"closed","sticky":false,"template":"","format":"standard","meta":{"spay_email":"","jetpack_publicize_message":"","jetpack_is_tweetstorm":false,"jetpack_publicize_feature_enabled":true},"categories":[10,1],"tags":[],"jetpack_featured_media_url":"","jetpack_publicize_connections":[],"jetpack_sharing_enabled":true,"jetpack_shortlink":"https:\/\/wp.me\/pE6pS-FV","_links":{"self":[{"href":"http:\/\/www.landerneau-ecologie.org\/index.php?rest_route=\/wp\/v2\/posts\/2599"}],"collection":[{"href":"http:\/\/www.landerneau-ecologie.org\/index.php?rest_route=\/wp\/v2\/posts"}],"about":[{"href":"http:\/\/www.landerneau-ecologie.org\/index.php?rest_route=\/wp\/v2\/types\/post"}],"author":[{"embeddable":true,"href":"http:\/\/www.landerneau-ecologie.org\/index.php?rest_route=\/wp\/v2\/users\/2"}],"replies":[{"embeddable":true,"href":"http:\/\/www.landerneau-ecologie.org\/index.php?rest_route=%2Fwp%2Fv2%2Fcomments&post=2599"}],"version-history":[{"count":17,"href":"http:\/\/www.landerneau-ecologie.org\/index.php?rest_route=\/wp\/v2\/posts\/2599\/revisions"}],"predecessor-version":[{"id":2620,"href":"http:\/\/www.landerneau-ecologie.org\/index.php?rest_route=\/wp\/v2\/posts\/2599\/revisions\/2620"}],"wp:attachment":[{"href":"http:\/\/www.landerneau-ecologie.org\/index.php?rest_route=%2Fwp%2Fv2%2Fmedia&parent=2599"}],"wp:term":[{"taxonomy":"category","embeddable":true,"href":"http:\/\/www.landerneau-ecologie.org\/index.php?rest_route=%2Fwp%2Fv2%2Fcategories&post=2599"},{"taxonomy":"post_tag","embeddable":true,"href":"http:\/\/www.landerneau-ecologie.org\/index.php?rest_route=%2Fwp%2Fv2%2Ftags&post=2599"}],"curies":[{"name":"wp","href":"https:\/\/api.w.org\/{rel}","templated":true}]}}