{"id":233,"date":"2008-11-22T22:14:03","date_gmt":"2008-11-22T20:14:03","guid":{"rendered":"http:\/\/www.landerneau-ecologie.org\/?p=233"},"modified":"2009-06-13T22:18:10","modified_gmt":"2009-06-13T20:18:10","slug":"semaine-de-la-reduction-des-dechets","status":"publish","type":"post","link":"http:\/\/www.landerneau-ecologie.org\/?p=233","title":{"rendered":"Semaine de la r\u00e9duction des d\u00e9chets"},"content":{"rendered":"<p>La communaut\u00e9 des communes de Landerneau-Daoulas est probablement la seule collectivit\u00e9 du Finist\u00e8re \u00e0 se d\u00e9sint\u00e9resser totalement de la semaine de la r\u00e9duction des d\u00e9chets. En se joignant \u00e0 ce rendez-vous national, elle aurait pu essayer de mieux sensibiliser la population et proposer de nouvelles pistes de r\u00e9flexion.<\/p>\n<p>Heureusement que des associations landern\u00e9ennes et leurs b\u00e9n\u00e9voles sont pr\u00e9sents pour faire le boulot. Saluons leur dynamisme.<\/p>\n","protected":false},"excerpt":{"rendered":"<p>La communaut\u00e9 des communes de Landerneau-Daoulas est probablement la seule collectivit\u00e9 du Finist\u00e8re \u00e0 se d\u00e9sint\u00e9resser totalement de la semaine de la r\u00e9duction des d\u00e9chets. En se joignant \u00e0 ce rendez-vous national, elle aurait pu essayer de mieux sensibiliser la population et proposer de nouvelles pistes de r\u00e9flexion. Heureusement que des associations landern\u00e9ennes et leurs [&hellip;]<\/p>\n","protected":false},"author":3,"featured_media":0,"comment_status":"closed","ping_status":"closed","sticky":false,"template":"","format":"standard","meta":{"spay_email":"","jetpack_publicize_message":"","jetpack_is_tweetstorm":false,"jetpack_publicize_feature_enabled":true},"categories":[5],"tags":[],"jetpack_featured_media_url":"","jetpack_publicize_connections":[],"jetpack_sharing_enabled":true,"jetpack_shortlink":"https:\/\/wp.me\/pE6pS-3L","_links":{"self":[{"href":"http:\/\/www.landerneau-ecologie.org\/index.php?rest_route=\/wp\/v2\/posts\/233"}],"collection":[{"href":"http:\/\/www.landerneau-ecologie.org\/index.php?rest_route=\/wp\/v2\/posts"}],"about":[{"href":"http:\/\/www.landerneau-ecologie.org\/index.php?rest_route=\/wp\/v2\/types\/post"}],"author":[{"embeddable":true,"href":"http:\/\/www.landerneau-ecologie.org\/index.php?rest_route=\/wp\/v2\/users\/3"}],"replies":[{"embeddable":true,"href":"http:\/\/www.landerneau-ecologie.org\/index.php?rest_route=%2Fwp%2Fv2%2Fcomments&post=233"}],"version-history":[{"count":0,"href":"http:\/\/www.landerneau-ecologie.org\/index.php?rest_route=\/wp\/v2\/posts\/233\/revisions"}],"wp:attachment":[{"href":"http:\/\/www.landerneau-ecologie.org\/index.php?rest_route=%2Fwp%2Fv2%2Fmedia&parent=233"}],"wp:term":[{"taxonomy":"category","embeddable":true,"href":"http:\/\/www.landerneau-ecologie.org\/index.php?rest_route=%2Fwp%2Fv2%2Fcategories&post=233"},{"taxonomy":"post_tag","embeddable":true,"href":"http:\/\/www.landerneau-ecologie.org\/index.php?rest_route=%2Fwp%2Fv2%2Ftags&post=233"}],"curies":[{"name":"wp","href":"https:\/\/api.w.org\/{rel}","templated":true}]}}