{"id":2212,"date":"2016-03-30T08:58:34","date_gmt":"2016-03-30T06:58:34","guid":{"rendered":"http:\/\/www.landerneau-ecologie.org\/?p=2212"},"modified":"2016-03-30T08:59:57","modified_gmt":"2016-03-30T06:59:57","slug":"daoulas-le-tribunal-administratif-de-rennes-annule-le-plu","status":"publish","type":"post","link":"http:\/\/www.landerneau-ecologie.org\/?p=2212","title":{"rendered":"Daoulas. Le tribunal administratif de Rennes annule le PLU."},"content":{"rendered":"<p><a href=\"http:\/\/www.ouest-france.fr\/bretagne\/landerneau-29800\/daoulas-le-tribunal-administratif-de-rennes-annule-le-plu-4128548\"><strong>Sept hectares r\u00e9serv\u00e9s \u00e0 l\u2019habitat font capoter la r\u00e9vision du PLU, vot\u00e9 en 2013. La communaut\u00e9 de communes va faire appel.<\/strong><\/a><\/p>\n<p><a href=\"https:\/\/i0.wp.com\/www.landerneau-ecologie.org\/wp-content\/uploads\/2016\/03\/daoulas.le-tribunal-administratif-de-rennes-annule-le-plu.jpg\"><img loading=\"lazy\" src=\"https:\/\/i0.wp.com\/www.landerneau-ecologie.org\/wp-content\/uploads\/2016\/03\/daoulas.le-tribunal-administratif-de-rennes-annule-le-plu.jpg?resize=650%2C360\" alt=\"daoulas.le-tribunal-administratif-de-rennes-annule-le-plu\" width=\"650\" height=\"360\" class=\"aligncenter size-full wp-image-2216\" data-recalc-dims=\"1\" \/><\/a><\/p>\n<p>Voir : <a href=\"http:\/\/www.ouest-france.fr\/bretagne\/landerneau-29800\/daoulas-le-tribunal-administratif-de-rennes-annule-le-plu-4128548\"><strong>Ouest-France<\/strong><\/a><br \/>\n<strong><br \/>\nVoir le communiqu\u00e9 de eelv Landerneau-Daoulas.<\/strong><\/p>\n<p><a href=\"http:\/\/www.landerneau-ecologie.org\/wp-content\/uploads\/2016\/03\/ComuniqueZAC-30mars2016.pdf\">ComuniqueZAC-30mars2016<\/a><\/p>\n","protected":false},"excerpt":{"rendered":"<p>Sept hectares r\u00e9serv\u00e9s \u00e0 l\u2019habitat font capoter la r\u00e9vision du PLU, vot\u00e9 en 2013. La communaut\u00e9 de communes va faire appel. Voir : Ouest-France Voir le communiqu\u00e9 de eelv Landerneau-Daoulas. ComuniqueZAC-30mars2016<\/p>\n","protected":false},"author":2,"featured_media":0,"comment_status":"closed","ping_status":"closed","sticky":false,"template":"","format":"standard","meta":{"spay_email":"","jetpack_publicize_message":"","jetpack_is_tweetstorm":false,"jetpack_publicize_feature_enabled":true},"categories":[1],"tags":[],"jetpack_featured_media_url":"","jetpack_publicize_connections":[],"jetpack_sharing_enabled":true,"jetpack_shortlink":"https:\/\/wp.me\/pE6pS-zG","_links":{"self":[{"href":"http:\/\/www.landerneau-ecologie.org\/index.php?rest_route=\/wp\/v2\/posts\/2212"}],"collection":[{"href":"http:\/\/www.landerneau-ecologie.org\/index.php?rest_route=\/wp\/v2\/posts"}],"about":[{"href":"http:\/\/www.landerneau-ecologie.org\/index.php?rest_route=\/wp\/v2\/types\/post"}],"author":[{"embeddable":true,"href":"http:\/\/www.landerneau-ecologie.org\/index.php?rest_route=\/wp\/v2\/users\/2"}],"replies":[{"embeddable":true,"href":"http:\/\/www.landerneau-ecologie.org\/index.php?rest_route=%2Fwp%2Fv2%2Fcomments&post=2212"}],"version-history":[{"count":3,"href":"http:\/\/www.landerneau-ecologie.org\/index.php?rest_route=\/wp\/v2\/posts\/2212\/revisions"}],"predecessor-version":[{"id":2217,"href":"http:\/\/www.landerneau-ecologie.org\/index.php?rest_route=\/wp\/v2\/posts\/2212\/revisions\/2217"}],"wp:attachment":[{"href":"http:\/\/www.landerneau-ecologie.org\/index.php?rest_route=%2Fwp%2Fv2%2Fmedia&parent=2212"}],"wp:term":[{"taxonomy":"category","embeddable":true,"href":"http:\/\/www.landerneau-ecologie.org\/index.php?rest_route=%2Fwp%2Fv2%2Fcategories&post=2212"},{"taxonomy":"post_tag","embeddable":true,"href":"http:\/\/www.landerneau-ecologie.org\/index.php?rest_route=%2Fwp%2Fv2%2Ftags&post=2212"}],"curies":[{"name":"wp","href":"https:\/\/api.w.org\/{rel}","templated":true}]}}