{"id":164,"date":"2009-04-13T10:21:12","date_gmt":"2009-04-13T08:21:12","guid":{"rendered":"http:\/\/localhost\/des\/?p=3"},"modified":"2009-06-13T14:39:44","modified_gmt":"2009-06-13T12:39:44","slug":"incineration-brest-exporte-sa-pollution-en-allemagne","status":"publish","type":"post","link":"http:\/\/www.landerneau-ecologie.org\/?p=164","title":{"rendered":"Incin\u00e9ration. Brest exporte sa pollution en Allemagne"},"content":{"rendered":"<p style=\"text-align: justify;\">Le plan d\u00e9partemental du Finist\u00e8re concernant la gestion des d\u00e9chets m\u00e9nagers a \u00e9t\u00e9 d\u00e9nonc\u00e9, \u00e0 juste titre, par les associations de consommateurs et de protection de l\u2019environnement.<\/p>\n<p style=\"text-align: justify;\"><img loading=\"lazy\" class=\"alignleft size-full wp-image-183\" title=\"Spernot Brest\" src=\"https:\/\/i0.wp.com\/www.landerneau-ecologie.org\/wp-content\/uploads\/2009\/04\/spernot_ouestfrance_2.jpg?resize=200%2C133\" alt=\"Spernot Brest\" width=\"200\" height=\"133\" data-recalc-dims=\"1\" \/>Il \u00e9tait orient\u00e9 vers le maintien, voire le d\u00e9veloppement, des incin\u00e9rateurs. En particulier des deux fours install\u00e9s \u00e0 Brest. Ce qui, \u00e0 l\u2019\u00e9vidence, n\u2019est pas bon pour l\u2019effet de serre. N\u2019oublions pas que une tonne de d\u00e9chets organiques incin\u00e9r\u00e9s, c\u2019est plus de trois tonnes de gaz carbonique d\u00e9gag\u00e9es dans l\u2019atmosph\u00e8re<\/p>\n<p style=\"text-align: justify;\">Mais qui dit incin\u00e9ration, dit aussi m\u00e2chefers et cendres.<\/p>\n<p style=\"text-align: justify;\">Pour les m\u00e2chefers, la ville de Brest cherche encore la commune voisine qui voudra bien les accepter sur son territoire.<br \/>\nQuant aux cendres et aux r\u00e9sidus d\u2019\u00e9puration des fum\u00e9es, il manque dans la r\u00e9gion le site de classe 1 susceptible de recevoir ces produits tr\u00e8s toxiques.<\/p>\n<p style=\"text-align: justify;\">La solution\u00a0? Les exp\u00e9dier en Allemagne en oubliant du m\u00eame coup le bilan carbone du transport.<\/p>\n<p>Ubu n\u2019est pas mort\u00a0!<\/p>\n","protected":false},"excerpt":{"rendered":"<p>Le plan d\u00e9partemental du Finist\u00e8re concernant la gestion des d\u00e9chets m\u00e9nagers a \u00e9t\u00e9 d\u00e9nonc\u00e9, \u00e0 juste titre, par les associations de consommateurs et de protection de l\u2019environnement. Il \u00e9tait orient\u00e9 vers le maintien, voire le d\u00e9veloppement, des incin\u00e9rateurs. En particulier des deux fours install\u00e9s \u00e0 Brest. Ce qui, \u00e0 l\u2019\u00e9vidence, n\u2019est pas bon pour l\u2019effet [&hellip;]<\/p>\n","protected":false},"author":2,"featured_media":0,"comment_status":"closed","ping_status":"closed","sticky":false,"template":"","format":"standard","meta":{"spay_email":"","jetpack_publicize_message":"","jetpack_is_tweetstorm":false,"jetpack_publicize_feature_enabled":true},"categories":[5],"tags":[],"jetpack_featured_media_url":"","jetpack_publicize_connections":[],"jetpack_sharing_enabled":true,"jetpack_shortlink":"https:\/\/wp.me\/pE6pS-2E","_links":{"self":[{"href":"http:\/\/www.landerneau-ecologie.org\/index.php?rest_route=\/wp\/v2\/posts\/164"}],"collection":[{"href":"http:\/\/www.landerneau-ecologie.org\/index.php?rest_route=\/wp\/v2\/posts"}],"about":[{"href":"http:\/\/www.landerneau-ecologie.org\/index.php?rest_route=\/wp\/v2\/types\/post"}],"author":[{"embeddable":true,"href":"http:\/\/www.landerneau-ecologie.org\/index.php?rest_route=\/wp\/v2\/users\/2"}],"replies":[{"embeddable":true,"href":"http:\/\/www.landerneau-ecologie.org\/index.php?rest_route=%2Fwp%2Fv2%2Fcomments&post=164"}],"version-history":[{"count":0,"href":"http:\/\/www.landerneau-ecologie.org\/index.php?rest_route=\/wp\/v2\/posts\/164\/revisions"}],"wp:attachment":[{"href":"http:\/\/www.landerneau-ecologie.org\/index.php?rest_route=%2Fwp%2Fv2%2Fmedia&parent=164"}],"wp:term":[{"taxonomy":"category","embeddable":true,"href":"http:\/\/www.landerneau-ecologie.org\/index.php?rest_route=%2Fwp%2Fv2%2Fcategories&post=164"},{"taxonomy":"post_tag","embeddable":true,"href":"http:\/\/www.landerneau-ecologie.org\/index.php?rest_route=%2Fwp%2Fv2%2Ftags&post=164"}],"curies":[{"name":"wp","href":"https:\/\/api.w.org\/{rel}","templated":true}]}}